{"id":1992,"date":"2022-09-18T18:39:26","date_gmt":"2022-09-18T21:39:26","guid":{"rendered":"https:\/\/radionewsmisiones.ar\/site\/?p=1992"},"modified":"2022-09-18T18:39:30","modified_gmt":"2022-09-18T21:39:30","slug":"el-vicegobernador-arce-destaco-el-trabajo-de-los-productores-misioneros-y-remarco-el-acompanamiento-desde-el-gobierno-provincial","status":"publish","type":"post","link":"https:\/\/radionewsmisiones.ar\/site\/provinciales\/el-vicegobernador-arce-destaco-el-trabajo-de-los-productores-misioneros-y-remarco-el-acompanamiento-desde-el-gobierno-provincial\/","title":{"rendered":"El vicegobernador Arce destac\u00f3 el trabajo de los productores misioneros y remarc\u00f3 el acompa\u00f1amiento desde el Gobierno Provincial"},"content":{"rendered":"\n<p>Esta tarde el vicegobernador Carlos Arce visit\u00f3 la 2\u00b0 Expo de la Cuenca Ovina de la Zona Sur que se extiende hasta ma\u00f1ana en la localidad de Fachinal, con un importante n\u00famero de expositores de 8 municipios, emprendedores y \u00e1reas del Gobierno Provincial y Nacional relacionados al sector para mostrar el trabajo desde el inicio. Adem\u00e1s se entregaron reproductores a m\u00e1s de 10 productores para la mejora de sus majadas.<\/p>\n\n\n\n<figure class=\"wp-block-image size-large\"><img loading=\"lazy\" width=\"1024\" height=\"682\" src=\"https:\/\/radionewsmisiones.ar\/site\/wp-content\/uploads\/2022\/09\/WhatsApp-Image-2022-09-17-at-22.29.38-1024x682.jpeg\" alt=\"\" class=\"wp-image-1993\" srcset=\"https:\/\/radionewsmisiones.ar\/site\/wp-content\/uploads\/2022\/09\/WhatsApp-Image-2022-09-17-at-22.29.38-1024x682.jpeg 1024w, https:\/\/radionewsmisiones.ar\/site\/wp-content\/uploads\/2022\/09\/WhatsApp-Image-2022-09-17-at-22.29.38-300x200.jpeg 300w, https:\/\/radionewsmisiones.ar\/site\/wp-content\/uploads\/2022\/09\/WhatsApp-Image-2022-09-17-at-22.29.38-768x512.jpeg 768w, https:\/\/radionewsmisiones.ar\/site\/wp-content\/uploads\/2022\/09\/WhatsApp-Image-2022-09-17-at-22.29.38.jpeg 1280w\" sizes=\"(max-width: 1024px) 100vw, 1024px\" \/><\/figure>\n\n\n\n<p>PROFUNDIDAD. M\u00e1s de 40 productores, ocho municipios, emprendedores y organismos provinciales y nacionales exhiben el desarrollo de la Cuenca Ovino Caprina de la zona Sur, en la segunda Expo que comenz\u00f3 este s\u00e1bado y seguir\u00e1 el domingo 18. En los diferentes stands, los visitantes pueden conocer los eslabones de la cadena, desde la producci\u00f3n, la faena, la comercializaci\u00f3n y los productos que se obtienen del cuero y la lana, como tambi\u00e9n informaci\u00f3n sobre los emprendimientos de turismo rural de Caminos de los Cerros.<\/p>\n\n\n\n<p>Por la ma\u00f1ana, la muestra cont\u00f3 con la visita del gobernador Oscar Herrera Ahuad, quien destac\u00f3: \u201ceste evento, sin dudas marca claramente el camino de una pol\u00edtica desde el sector p\u00fablico que apuntalamos con el sector privado\u201d. En tanto el ministro del Agro y la Producci\u00f3n, Facundo L\u00f3pez Sartori, comparti\u00f3 un almuerzo con los productores y felicit\u00f3 a los organizadores de la exposici\u00f3n por apostar al desarrollo del sur de la provincia.<\/p>\n\n\n\n<p>Por la tarde, con la presencia del vicegobernador, Carlos Arce, y el ministro de Ecolog\u00eda y Recursos Naturales Renovables, V\u00edctor Kreimer, se entregaron reproductores destinados a la mejora de las majadas. Los animales provienen del Centro de Mejora Gen\u00e9tica del gobierno provincial. En total fueron once los productores beneficiados que recibieron borregas, carneros y chivos. Tambi\u00e9n se entreg\u00f3 un subsidio del programa de Financiamiento Rural del Ministerio del Agro y la Producci\u00f3n, que recibi\u00f3 el presidente de la cuenca, Miguel Sosa.<\/p>\n\n\n\n<p>En la ocasi\u00f3n, el vicegobernador remarc\u00f3 que el gobierno de la provincia apoya a los peque\u00f1os productores. \u201cBuscamos la soberan\u00eda alimentaria y este es el camino, a trav\u00e9s de la organizaci\u00f3n de productores y el acompa\u00f1amiento de los organismos del estado\u201d, subray\u00f3 Arce, ante los productores. Despu\u00e9s felicit\u00f3 a los organizadores por mostrar el desarrollo de un sector con mucho potencial.<\/p>\n\n\n\n<p>Jornada t\u00e9cnica<\/p>\n\n\n\n<p>Por la ma\u00f1ana, se brindaron capacitaciones destinadas a productores y t\u00e9cnicos, organizado por el Instituto Nacional de Tecnolog\u00eda Agropecuaria (INTA) e integrantes de la mesa de gesti\u00f3n de la cuenca. Las ponencias comenzaron con una charla sobre la Cuenca Ovino-Caprina Zona Sur de Misiones y la Mesa de Gesti\u00f3n. Despu\u00e9s se habl\u00f3 sobre manejo reproductivo de la majada ovina y a continuaci\u00f3n sobre el desempe\u00f1o de la raza Boher en Misiones.<\/p>\n\n\n\n<p>Tambi\u00e9n se present\u00f3 un diagn\u00f3stico de resistencia a antiparasitarios en un establecimiento de Tacuaruz\u00fa. Luego la exposici\u00f3n fue sobre desarrollo de la cr\u00eda de ovinos en yerbales y para el cierre se expuso sobre gesti\u00f3n del medio ambiente y cuidado de cursos de agua y vertientes.<\/p>\n\n\n\n<p>Intercambio de experiencias<\/p>\n\n\n\n<p>De esta edici\u00f3n participan productores que no se animaron a presentarse en 2021. En el \u00e1rea de exposici\u00f3n de animales se puede observary conversar con los responsables de la cr\u00eda de animales de distintos puntos de la provincia. Adem\u00e1s, en el predio hay un sector de degustaci\u00f3n de gastronom\u00eda regional con platos elaborados a base de carne de cordero misionero y espect\u00e1culos con artistas locales.<\/p>\n\n\n\n<p>Invitados por la intendenta de Profundidad, Silvia Estigarribia, recorrieron la muestra y conversaron con productores de la cuenca dos intendentas de localidades de Chaco y un intendente santafecino.Las referentes chaque\u00f1as vinieron a la tierra colorada con el objetivo de conocer y comprender el funcionamiento de la cuenca. Se interiorizaron sobre la experiencia de gesti\u00f3n e implementaci\u00f3n de pol\u00edticas p\u00fablicas, para replicarlas en sus localidades donde comenzaron a conformar una organizaci\u00f3n similar.<\/p>\n\n\n\n<p>Sobre la cuenca<\/p>\n\n\n\n<p>La cuenca est\u00e1 conformada por alrededor de 450 familias agricultoras y criadoras de ovinos y caprinos, quienes trabajan en conjunto para mejorar la gen\u00e9tica animal y sus unidades productivas. Los municipios que la integran son Profundidad, Candelaria, Garup\u00e1, Cerro Cora, Cerro Azul, Santa Ana, Fachinal, y San Jos\u00e9. El municipio de Olegario V\u00edctor Andrade inici\u00f3 gestiones para sumarse.<\/p>\n\n\n\n<p>Est\u00e1 conformada por los ministerios provinciales de Coordinaci\u00f3n de Gabinete, del Agro y la Producci\u00f3n, de Agricultura Familiar, de Ecolog\u00eda y Recursos Naturales Renovables, el IFAI, Marand\u00fa Comunicaciones, el Instituto Nacional de Tecnolog\u00eda Agropecuaria (INTA), la Secretar\u00eda de Agricultura Familiar, Coordinaci\u00f3n y Desarrollo Territorial de la Naci\u00f3n, el Servicio Nacional de Sanidad y Calidad Agroalimentaria (SENASA), el Instituto Nacional de Tecnolog\u00eda Industrial (INTI) Misiones, la Universidad Nacional de Misiones (UNaM), la fundaci\u00f3n Agencia para el Desarrollo Econ\u00f3mico de Misiones (ADEMI), Cooperativa Agropecuaria de San Jos\u00e9, la Cooperativa de Productores Corral de Cerro de Cerro Cor\u00e1 y Cuenca Sur de Profundidad, la Sociedad Rural Misiones, la Fundaci\u00f3n Prosperit\u00e1, la EFA San Crist\u00f3bal, el ISEA N\u00b0 1.660 Monse\u00f1or Jorge Kemerer, IEA N\u00b07, ITEC N\u00ba 3, ITEC N\u00b0 1 y las Municipalidades de San Jos\u00e9, Profundidad, Candelaria, Santa Ana, Cerro Cora, Cerro Azul, Garup\u00e1 y Fachinal.<\/p>\n","protected":false},"excerpt":{"rendered":"<p>Esta tarde el vicegobernador Carlos Arce visit&oacute; la 2&deg; Expo de la Cuenca Ovina de la Zona Sur que se extiende hasta ma&ntilde;ana en la localidad de Fachinal, con un&hellip; <\/p>\n","protected":false},"author":3,"featured_media":1994,"comment_status":"closed","ping_status":"open","sticky":false,"template":"","format":"standard","meta":{"_monsterinsights_skip_tracking":false,"_monsterinsights_sitenote_active":false,"_monsterinsights_sitenote_note":"","_monsterinsights_sitenote_category":0},"categories":[3],"tags":[57],"aioseo_notices":[],"_links":{"self":[{"href":"https:\/\/radionewsmisiones.ar\/site\/wp-json\/wp\/v2\/posts\/1992"}],"collection":[{"href":"https:\/\/radionewsmisiones.ar\/site\/wp-json\/wp\/v2\/posts"}],"about":[{"href":"https:\/\/radionewsmisiones.ar\/site\/wp-json\/wp\/v2\/types\/post"}],"author":[{"embeddable":true,"href":"https:\/\/radionewsmisiones.ar\/site\/wp-json\/wp\/v2\/users\/3"}],"replies":[{"embeddable":true,"href":"https:\/\/radionewsmisiones.ar\/site\/wp-json\/wp\/v2\/comments?post=1992"}],"version-history":[{"count":1,"href":"https:\/\/radionewsmisiones.ar\/site\/wp-json\/wp\/v2\/posts\/1992\/revisions"}],"predecessor-version":[{"id":1995,"href":"https:\/\/radionewsmisiones.ar\/site\/wp-json\/wp\/v2\/posts\/1992\/revisions\/1995"}],"wp:featuredmedia":[{"embeddable":true,"href":"https:\/\/radionewsmisiones.ar\/site\/wp-json\/wp\/v2\/media\/1994"}],"wp:attachment":[{"href":"https:\/\/radionewsmisiones.ar\/site\/wp-json\/wp\/v2\/media?parent=1992"}],"wp:term":[{"taxonomy":"category","embeddable":true,"href":"https:\/\/radionewsmisiones.ar\/site\/wp-json\/wp\/v2\/categories?post=1992"},{"taxonomy":"post_tag","embeddable":true,"href":"https:\/\/radionewsmisiones.ar\/site\/wp-json\/wp\/v2\/tags?post=1992"}],"curies":[{"name":"wp","href":"https:\/\/api.w.org\/{rel}","templated":true}]}}