{"id":20768,"date":"2024-07-04T08:28:00","date_gmt":"2024-07-04T11:28:00","guid":{"rendered":"https:\/\/radionewsmisiones.ar\/site\/?p=20768"},"modified":"2024-07-04T03:07:31","modified_gmt":"2024-07-04T06:07:31","slug":"trabajo-entre-militancia-territorial-comunitaria-e-instituciones-para-la-prevencion-de-las-adicciones","status":"publish","type":"post","link":"https:\/\/radionewsmisiones.ar\/site\/provinciales\/trabajo-entre-militancia-territorial-comunitaria-e-instituciones-para-la-prevencion-de-las-adicciones\/","title":{"rendered":"Trabajo entre militancia territorial comunitaria e instituciones para la prevenci\u00f3n de las adicciones"},"content":{"rendered":"\n<p><em>En el marco de la semana de lucha contra los consumos problem\u00e1ticos, las organizaciones sociales y movimientos populares piden acciones concretas, integrales y comunitarias de cuidado acuciante problema que impacta negativamente en los barrios m\u00e1s vulnerados de Misiones, porque involucra a j\u00f3venes y chicos de cada vez m\u00e1s temprana edad.<\/em><\/p>\n\n\n\n<p>El Movimiento Evita, el MTE y otras\u00a0 nucleadas en la Uni\u00f3n de Trabajadores y Trabajadoras de la Econom\u00eda Popular (Utep) -que militan territorialmente en prevenci\u00f3n y acompa\u00f1amiento de consumos problem\u00e1ticos- recurrieron a las autoridades del Ministerio de Prevenci\u00f3n de Adicciones y Control de Drogas, a cargo de<strong> Samuel L\u00f3pez<\/strong> y su equipo.<\/p>\n\n\n\n<p>\u00abMantuvimos una reuni\u00f3n en el barrio It\u00e1 Ver\u00e1, chacra 146, con madres y padres que est\u00e1n muy angustiados por la situaci\u00f3n que atraviesan sus hijos e hijas. En ese contexto, nuestras compa\u00f1eras de los espacios comunitarios, merenderos y comedores, expusieron lo que sucede en sus sectores\u00bb, explic\u00f3 el dirigente provincial <strong>Mart\u00edn Sereno<\/strong>, referente del espacio pol\u00edtico Tierra, Techo y Trabajo.<\/p>\n\n\n\n<p>Luego de este encuentro, convocaron al ministro L\u00f3pez al It\u00e1 Ver\u00e1, que particip\u00f3 junto a la presidenta del Foro de Seguridad; de la comisi\u00f3n vecinal, y de trabajadoras comunitarias. Acordaron realizar visitas a diferentes barrios, organizar talleres y formar equipos de asistencia profesional para brindar una contenci\u00f3n m\u00e1s adecuada a las comunidades afectadas.&nbsp;<\/p>\n\n\n\n<p>En ese sentido, este martes, se realiz\u00f3 una jornada de control de salud en el comedor- merendero \u00abNi\u00f1os Felices\u00bb, de It\u00e1 Ver\u00e1, coordinada por la Utep junto al Hogar de D\u00eda, que depende del organismo provincial, con la atenci\u00f3n de la doctora Melisa Drago, y cuyo operativo estuvo a cargo de la jefa del Departamento de Desarrollo Social, <strong>Sabrina Ben\u00edtez.<\/strong><\/p>\n\n\n\n<p><strong>ACOMPA\u00d1AMIENTO INTEGRAL Y COMUNITARIO<\/strong><\/p>\n\n\n\n<p>El ex diputado provincial expres\u00f3 que la situaci\u00f3n de pobreza y desguace de los espacios e instituciones del Estado nacional en los barrios populares, generan un c\u00f3ctel riesgoso, teniendo en cuenta la falta de trabajo, sumado a la pauperizaci\u00f3n, sobre todo para la juventud.<\/p>\n\n\n\n<p>\u00abComo consecuencia vemos un aumento del consumo de sustancias en casi todos los barrios, con avance de la violencia, y la presencia de la narcoestructura torna un panorama muy peligroso\u00bb, opin\u00f3 Sereno.<\/p>\n\n\n\n<p>Samuel Lopez convoc\u00f3 a las cuidadoras a conocer el Centro para la Salud Mental, ubicado en Itaemb\u00e9 Min\u00ed, y las organizaciones propusieron recorrer algunos barrios y reunirse con las familias que reclaman ayuda.<\/p>\n\n\n\n<p>A partir de ah\u00ed se decidi\u00f3 una tarea articulada con el Centro de Prevenci\u00f3n de Adicciones y los espacios comunitarios barriales, para abordar entre todos este grave problema. Y acordaron reuniones en Los Oleritos para trabajar entre organizaciones y movimientos populares y la estructura especializada del Estado.&nbsp;<\/p>\n\n\n\n<p>\u00abEn esa l\u00ednea habr\u00e1 encuentros con profesionales; talleres de oficios y an\u00e1lisis semanales, quincenales y mensuales de los casos m\u00e1s urgentes, y de acciones conjuntas para resolver situaciones\u00bb, se\u00f1al\u00f3 el dirigente.<\/p>\n\n\n\n<p>Hizo hincapi\u00e9 en la necesidad de gabinetes interdisciplinarios en los barrios; para brindar apoyo no s\u00f3lo a quienes atraviesen situaciones de consumos, sino tambi\u00e9n a sus familiares y trabajadoras comunitarias que interact\u00faan con ese sector, y que tienen una carga emocional muy fuerte. \u00abAnte eso, el intercambio de saberes, puede dar a largo plazo, buenos resultados con un trabajo cont\u00ednuo con seriedad y responsabilidad\u00bb, dijo Sereno.<\/p>\n\n\n\n<p>\u00abCADA VEZ M\u00c1S CHICOS CAEN EN ADICCIONES\u00bb<\/p>\n\n\n\n<p>Gloria Gonz\u00e1lez es referente del Evita en el barrio It\u00e1 Ver\u00e1, y una de las que particip\u00f3 de la reuni\u00f3n con el ministro L\u00f3pez, quien ofreci\u00f3 los talleres de terapia ocupacional que funcionan en el Centro de Prevenci\u00f3n y Rehabilitaci\u00f3n.<\/p>\n\n\n\n<p>\u00abHace tiempo que lidiamos con esta problem\u00e1tica; pero en estos meses detectamos que cada vez son m\u00e1s chicos los que consumen. Por eso junto a nuestros dirigentes, pedimos ayuda al Estado y agradecemos la respuesta inmediata, porque hay problemas de sustancias problem\u00e1ticas en muchos barrios: It\u00e1 Ver\u00e1, Lapachitos -donde trabajan las Mujeres Valientes del Evita- Los Oleritos y Bel\u00e9n, entre otros\u00bb, lament\u00f3 Gloria.<\/p>\n\n\n\n<p>Luego de las reuniones con el funcionario y su equipo, las trabajadoras comunitarias y las madres de chicos y j\u00f3venes con adicciones, iniciaron una capacitaci\u00f3n para tener herramientas y no colapsar emocionalmente. As\u00ed como organizar los turnos con los profesionales de salud mental.<\/p>\n\n\n\n<p>\u00abConfiamos en seguir conteniendo y ayudando a los chicos de nuestros barrios, que si no logran salir de ese pozo, no tendr\u00e1n futuro. Hace unos d\u00edas logramos que un joven pida insertarse en los talleres del Centro de Prevenci\u00f3n y Rehabilitaci\u00f3n. Sabemos que no quieren eso para sus vidas, y por eso piden auxilio aunque les cuesta mucho salir de ese c\u00edrculo. Pero vamos a seguir en esa lucha\u00bb, indic\u00f3 la militante.<\/p>\n\n\n\n<p><strong>\u00abLA AUSENCIA DEL ESTADO PONE EN RIESGO A SECTORES POPULARES\u00bb<\/strong><\/p>\n\n\n\n<p>Javier Dom\u00ednguez trabaja junto a otros compa\u00f1eros en la prevenci\u00f3n de consumos problem\u00e1ticos. Se ocupan de las primeras escuchas, los espacios seguros, el acompa\u00f1amiento y contenci\u00f3n de quienes&nbsp; atraviesan esta situaci\u00f3n y de sus entornos afectivos.<\/p>\n\n\n\n<p>\u00abEs desesperante ver que en los \u00faltimos seis meses incrementaron los casos de \u00b4ni\u00f1os soldados\u00b4, que consumen; mientras un Estado ausente genera que el narcotr\u00e1fico avance sobre los territorios de la ciudad en los que militamos, perjudicando a nuestros j\u00f3venes e infancias\u00bb, indic\u00f3.&nbsp;<\/p>\n\n\n\n<p>\u00abConocemos nuestras limitaciones porque no cont\u00e1bamos con profesionales especializados como ahora. Trabajamos con los grupos en talleres y en unidades productivas, con la posibilidad de que tengan un sustento econ\u00f3mico para evitar recurrir al transa y a la venta de drogas para subsistir\u00bb.<\/p>\n\n\n\n<p>Javier consider\u00f3 oportuno articular con el Ministerio que trabaja en la prevenci\u00f3n y rehabilitaci\u00f3n, porque permitir\u00e1 un apoyo de profesionales de salud mental, nutricionistas, y una contenci\u00f3n especializada. \u00abLo necesitamos desde hace mucho tiempo, y redundar\u00e1 en una mejor calidad de vida de nuestros j\u00f3venes que quedan a la deriva ante un Estado que desmantel\u00f3 las instituciones que brindaban soporte, sobre todo a los sectores m\u00e1s vulnerados de nuestro pueblo\u00bb, afirm\u00f3 el joven.<\/p>\n\n\n\n<p><strong>LA COOPERATIVA COMO \u00c1MBITO DE CONTENCI\u00d3N<\/strong><\/p>\n\n\n\n<p>En el barrio Los Oleritos vive Micaela Olivera, referente del Evita y a cargo de la Cooperativa de Reciclados \u00d1and\u00e9 Po. Su gran preocupaci\u00f3n son los ni\u00f1os que a temprana edad se inician en el consumo de sustancias.<\/p>\n\n\n\n<p>\u00abLos detectamos a trav\u00e9s del EPI que funciona en el barrio, y recurrimos a las docentes para contar con terapias de sost\u00e9n como actividades deportivas, juegos, etc. Sabemos que no alcanzan porque cuando salen de nuestros espacios, vuelven a encontrar los puntos de venta o intercambio con los transas; pero insistimos, y nos duele la suspensi\u00f3n de alimentos para comedores del Gobierno nacional que afecta a estos chicos y a sus familias que quedaron sin ese plato de comida, adem\u00e1s de las actividades recreativas\u00bb.<\/p>\n\n\n\n<p>Micaela ponder\u00f3 la tarea territorial de C\u00e1ritas, que aunque tambi\u00e9n se vio afectada por los recortes de Naci\u00f3n, todav\u00eda puede brindar la merienda a las infancias.<\/p>\n\n\n\n<p>La sede de la Cooperativa de Reciclados organizada por el Movimiento Evita que funciona en el barrio, tambi\u00e9n es un \u00e1mbito de contenci\u00f3n para muchos j\u00f3venes atrapados por el consumo problem\u00e1tico.<\/p>\n\n\n\n<p>\u00abPara construir la Cooperativa tuvimos ayuda de nuestro movimiento popular, y todo el equipamiento lo hicimos con elementos reciclados. Trabajamos con un grupo de 30 compa\u00f1eros y compa\u00f1eras, la mayor\u00eda son mujeres jefas de familia que de esa manera pueden sostener su casa\u00bb, destac\u00f3 la joven.<\/p>\n\n\n\n<figure class=\"wp-block-embed is-type-wp-embed is-provider-radio-news-misiones-89-5-mhz wp-block-embed-radio-news-misiones-89-5-mhz\"><div class=\"wp-block-embed__wrapper\">\n<blockquote class=\"wp-embedded-content\" data-secret=\"AC4hBLCNTV\"><a href=\"https:\/\/radionewsmisiones.ar\/site\/provinciales\/prevencion-comision-del-consejo-consultivo-para-la-prevencion-y-abordaje-de-las-adicciones\/\">Prevenci\u00f3n: comisi\u00f3n del Consejo Consultivo para la prevenci\u00f3n y abordaje de las adicciones<\/a><\/blockquote><iframe class=\"wp-embedded-content\" sandbox=\"allow-scripts\" security=\"restricted\" style=\"position: absolute; clip: rect(1px, 1px, 1px, 1px);\" title=\"\u00abPrevenci\u00f3n: comisi\u00f3n del Consejo Consultivo para la prevenci\u00f3n y abordaje de las adicciones\u00bb \u2014 Radio News Misiones 89.5 Mhz\" src=\"https:\/\/radionewsmisiones.ar\/site\/provinciales\/prevencion-comision-del-consejo-consultivo-para-la-prevencion-y-abordaje-de-las-adicciones\/embed\/#?secret=w2HIgtrFuz#?secret=AC4hBLCNTV\" data-secret=\"AC4hBLCNTV\" width=\"600\" height=\"338\" frameborder=\"0\" marginwidth=\"0\" marginheight=\"0\" scrolling=\"no\"><\/iframe>\n<\/div><\/figure>\n","protected":false},"excerpt":{"rendered":"<p>En el marco de la semana de lucha contra los consumos problem&aacute;ticos, las organizaciones sociales y movimientos populares piden acciones concretas, integrales y comunitarias de cuidado acuciante problema que impacta&hellip; <\/p>\n","protected":false},"author":5,"featured_media":20769,"comment_status":"closed","ping_status":"closed","sticky":false,"template":"","format":"standard","meta":{"_monsterinsights_skip_tracking":false,"_monsterinsights_sitenote_active":false,"_monsterinsights_sitenote_note":"","_monsterinsights_sitenote_category":0},"categories":[358,3],"tags":[440,19],"aioseo_notices":[],"_links":{"self":[{"href":"https:\/\/radionewsmisiones.ar\/site\/wp-json\/wp\/v2\/posts\/20768"}],"collection":[{"href":"https:\/\/radionewsmisiones.ar\/site\/wp-json\/wp\/v2\/posts"}],"about":[{"href":"https:\/\/radionewsmisiones.ar\/site\/wp-json\/wp\/v2\/types\/post"}],"author":[{"embeddable":true,"href":"https:\/\/radionewsmisiones.ar\/site\/wp-json\/wp\/v2\/users\/5"}],"replies":[{"embeddable":true,"href":"https:\/\/radionewsmisiones.ar\/site\/wp-json\/wp\/v2\/comments?post=20768"}],"version-history":[{"count":2,"href":"https:\/\/radionewsmisiones.ar\/site\/wp-json\/wp\/v2\/posts\/20768\/revisions"}],"predecessor-version":[{"id":20772,"href":"https:\/\/radionewsmisiones.ar\/site\/wp-json\/wp\/v2\/posts\/20768\/revisions\/20772"}],"wp:featuredmedia":[{"embeddable":true,"href":"https:\/\/radionewsmisiones.ar\/site\/wp-json\/wp\/v2\/media\/20769"}],"wp:attachment":[{"href":"https:\/\/radionewsmisiones.ar\/site\/wp-json\/wp\/v2\/media?parent=20768"}],"wp:term":[{"taxonomy":"category","embeddable":true,"href":"https:\/\/radionewsmisiones.ar\/site\/wp-json\/wp\/v2\/categories?post=20768"},{"taxonomy":"post_tag","embeddable":true,"href":"https:\/\/radionewsmisiones.ar\/site\/wp-json\/wp\/v2\/tags?post=20768"}],"curies":[{"name":"wp","href":"https:\/\/api.w.org\/{rel}","templated":true}]}}