{"id":2126,"date":"2022-09-20T18:48:37","date_gmt":"2022-09-20T21:48:37","guid":{"rendered":"https:\/\/radionewsmisiones.ar\/site\/?p=2126"},"modified":"2022-09-20T18:48:59","modified_gmt":"2022-09-20T21:48:59","slug":"el-estado-misionero-esta-cerca-de-los-ciudadanos","status":"publish","type":"post","link":"https:\/\/radionewsmisiones.ar\/site\/provinciales\/el-estado-misionero-esta-cerca-de-los-ciudadanos\/","title":{"rendered":"El estado misionero est\u00e1 cerca de los ciudadanos"},"content":{"rendered":"\n<p>El vicegobernador Carlos Arce visit\u00f3 esta ma\u00f1ana Gobernador L\u00f3pez en un nuevo operativo del Programa Asistencia Solidaria Interior donde remarc\u00f3 la importancia de llegar a las distintas localidades con atenci\u00f3n, Asistencia y escuchando a los vecinos y vecinas para encontrar soluciones.<\/p>\n\n\n\n<figure class=\"wp-block-image size-large\"><img loading=\"lazy\" width=\"1024\" height=\"682\" src=\"https:\/\/radionewsmisiones.ar\/site\/wp-content\/uploads\/2022\/09\/WhatsApp-Image-2022-09-20-at-15.04.22-1024x682.jpeg\" alt=\"\" class=\"wp-image-2127\" srcset=\"https:\/\/radionewsmisiones.ar\/site\/wp-content\/uploads\/2022\/09\/WhatsApp-Image-2022-09-20-at-15.04.22-1024x682.jpeg 1024w, https:\/\/radionewsmisiones.ar\/site\/wp-content\/uploads\/2022\/09\/WhatsApp-Image-2022-09-20-at-15.04.22-300x200.jpeg 300w, https:\/\/radionewsmisiones.ar\/site\/wp-content\/uploads\/2022\/09\/WhatsApp-Image-2022-09-20-at-15.04.22-768x512.jpeg 768w, https:\/\/radionewsmisiones.ar\/site\/wp-content\/uploads\/2022\/09\/WhatsApp-Image-2022-09-20-at-15.04.22.jpeg 1280w\" sizes=\"(max-width: 1024px) 100vw, 1024px\" \/><\/figure>\n\n\n\n<p>Gobernador L\u00f3pez, 20 de septiembre. Hoy en la Escuela N\u00b0894 de esta localidad se llev\u00f3 a cabo el Operativo Asistencia Solidaria Interior con importante concurrencia desde muy temprano y all\u00ed estuvo el vicegobernador Carlos Arce, junto al intendente Rub\u00e9n Golot, el subsecretario Kike Parra coordinador del Programa<br>acompa\u00f1ando a los vecinos y las vecinas.<\/p>\n\n\n\n<p>El vicegobernador Carlos Arce remarc\u00f3 la importancia de la concurrencia \u00abcon servicios y atenci\u00f3n completa para brindar soluciones en el lugar.\u00bb<\/p>\n\n\n\n<p>\u00abEl Operativo es Integral y familiar y ah\u00ed apuntamos a dar respuesta a todos los integrantes del grupo familiar aqu\u00ed en su lugar.\u00bb Concluy\u00f3 Arce.<\/p>\n\n\n\n<p>Estuvieron presentes el vicepresidente Carlos Arce, el coordinador Kike Parra, el intendente local Rub\u00e9n Golot, el vicepresidente del IPLyC Mario Alcar\u00e1z, responsable del IPLyC Social Marcelo Ledesma, el delegado de ENACOM Misiones Luis Alfonso Aguilar, comunidad educativa, vecinas y vecinas.<\/p>\n","protected":false},"excerpt":{"rendered":"<p>El vicegobernador Carlos Arce visit&oacute; esta ma&ntilde;ana Gobernador L&oacute;pez en un nuevo operativo del Programa Asistencia Solidaria Interior donde remarc&oacute; la importancia de llegar a las distintas localidades con atenci&oacute;n,&hellip; <\/p>\n","protected":false},"author":3,"featured_media":2128,"comment_status":"closed","ping_status":"open","sticky":false,"template":"","format":"standard","meta":{"_monsterinsights_skip_tracking":false,"_monsterinsights_sitenote_active":false,"_monsterinsights_sitenote_note":"","_monsterinsights_sitenote_category":0},"categories":[3],"tags":[39],"aioseo_notices":[],"_links":{"self":[{"href":"https:\/\/radionewsmisiones.ar\/site\/wp-json\/wp\/v2\/posts\/2126"}],"collection":[{"href":"https:\/\/radionewsmisiones.ar\/site\/wp-json\/wp\/v2\/posts"}],"about":[{"href":"https:\/\/radionewsmisiones.ar\/site\/wp-json\/wp\/v2\/types\/post"}],"author":[{"embeddable":true,"href":"https:\/\/radionewsmisiones.ar\/site\/wp-json\/wp\/v2\/users\/3"}],"replies":[{"embeddable":true,"href":"https:\/\/radionewsmisiones.ar\/site\/wp-json\/wp\/v2\/comments?post=2126"}],"version-history":[{"count":1,"href":"https:\/\/radionewsmisiones.ar\/site\/wp-json\/wp\/v2\/posts\/2126\/revisions"}],"predecessor-version":[{"id":2129,"href":"https:\/\/radionewsmisiones.ar\/site\/wp-json\/wp\/v2\/posts\/2126\/revisions\/2129"}],"wp:featuredmedia":[{"embeddable":true,"href":"https:\/\/radionewsmisiones.ar\/site\/wp-json\/wp\/v2\/media\/2128"}],"wp:attachment":[{"href":"https:\/\/radionewsmisiones.ar\/site\/wp-json\/wp\/v2\/media?parent=2126"}],"wp:term":[{"taxonomy":"category","embeddable":true,"href":"https:\/\/radionewsmisiones.ar\/site\/wp-json\/wp\/v2\/categories?post=2126"},{"taxonomy":"post_tag","embeddable":true,"href":"https:\/\/radionewsmisiones.ar\/site\/wp-json\/wp\/v2\/tags?post=2126"}],"curies":[{"name":"wp","href":"https:\/\/api.w.org\/{rel}","templated":true}]}}