{"id":21375,"date":"2024-07-10T09:58:21","date_gmt":"2024-07-10T12:58:21","guid":{"rendered":"https:\/\/radionewsmisiones.ar\/site\/?p=21375"},"modified":"2024-07-10T09:58:25","modified_gmt":"2024-07-10T12:58:25","slug":"seguridad-en-misiones-operativos-dialogo-comunitario-y-recomendaciones-adversas","status":"publish","type":"post","link":"https:\/\/radionewsmisiones.ar\/site\/provinciales\/seguridad-en-misiones-operativos-dialogo-comunitario-y-recomendaciones-adversas\/","title":{"rendered":"Seguridad en Misiones: operativos, di\u00e1logo comunitario y recomendaciones adversas"},"content":{"rendered":"\n<p><em>En Misiones se fortalece la seguridad incorporando nuevas tecnolog\u00edas e implementando una serie de medidas destinadas a proteger a los ciudadanos en diferentes contextos. Desde operativos de seguridad con presencia policial en barrios, calles, avenidas y rutas hasta el di\u00e1logo continuo con los colonos en sectores rurales.<\/em><\/p>\n\n\n\n<p>Adem\u00e1s, el monitoreo constante a trav\u00e9s de las c\u00e1maras del 911 en diversas ubicaciones de cada localidad, contribuye a la prevenci\u00f3n en forma m\u00e1s amplia y poder actuar r\u00e1pidamente ante situaciones de riesgo.&nbsp;<\/p>\n\n\n\n<p>Por otra parte, durante el fin de semana se han registrado constantes precipitaciones y bancos de niebla en distintas zonas de la provincia, lo que llev\u00f3 a qu\u00e9 las 15 unidades regionales trabajen preventivamente en puntos estrat\u00e9gicos de los corredores viales.<\/p>\n\n\n\n<figure class=\"wp-block-embed is-type-wp-embed is-provider-radio-news-misiones-89-5-mhz wp-block-embed-radio-news-misiones-89-5-mhz\"><div class=\"wp-block-embed__wrapper\">\n<blockquote class=\"wp-embedded-content\" data-secret=\"81dmhxkmaa\"><a href=\"https:\/\/radionewsmisiones.ar\/site\/provinciales\/semana-de-la-seguridad-vehicular-la-escuela-de-educacion-vial-recuerda-medidas-preventivas\/\">Semana de la Seguridad Vehicular: la Escuela de Educaci\u00f3n Vial recuerda medidas preventivas<\/a><\/blockquote><iframe class=\"wp-embedded-content\" sandbox=\"allow-scripts\" security=\"restricted\" style=\"position: absolute; clip: rect(1px, 1px, 1px, 1px);\" title=\"\u00abSemana de la Seguridad Vehicular: la Escuela de Educaci\u00f3n Vial recuerda medidas preventivas\u00bb \u2014 Radio News Misiones 89.5 Mhz\" src=\"https:\/\/radionewsmisiones.ar\/site\/provinciales\/semana-de-la-seguridad-vehicular-la-escuela-de-educacion-vial-recuerda-medidas-preventivas\/embed\/#?secret=gFs7zriewQ#?secret=81dmhxkmaa\" data-secret=\"81dmhxkmaa\" width=\"600\" height=\"338\" frameborder=\"0\" marginwidth=\"0\" marginheight=\"0\" scrolling=\"no\"><\/iframe>\n<\/div><\/figure>\n","protected":false},"excerpt":{"rendered":"<p>En Misiones se fortalece la seguridad incorporando nuevas tecnolog&iacute;as e implementando una serie de medidas destinadas a proteger a los ciudadanos en diferentes contextos. Desde operativos de seguridad con presencia&hellip; <\/p>\n","protected":false},"author":5,"featured_media":21376,"comment_status":"closed","ping_status":"closed","sticky":false,"template":"","format":"standard","meta":{"_monsterinsights_skip_tracking":false,"_monsterinsights_sitenote_active":false,"_monsterinsights_sitenote_note":"","_monsterinsights_sitenote_category":0},"categories":[358,3],"tags":[119,466],"aioseo_notices":[],"_links":{"self":[{"href":"https:\/\/radionewsmisiones.ar\/site\/wp-json\/wp\/v2\/posts\/21375"}],"collection":[{"href":"https:\/\/radionewsmisiones.ar\/site\/wp-json\/wp\/v2\/posts"}],"about":[{"href":"https:\/\/radionewsmisiones.ar\/site\/wp-json\/wp\/v2\/types\/post"}],"author":[{"embeddable":true,"href":"https:\/\/radionewsmisiones.ar\/site\/wp-json\/wp\/v2\/users\/5"}],"replies":[{"embeddable":true,"href":"https:\/\/radionewsmisiones.ar\/site\/wp-json\/wp\/v2\/comments?post=21375"}],"version-history":[{"count":1,"href":"https:\/\/radionewsmisiones.ar\/site\/wp-json\/wp\/v2\/posts\/21375\/revisions"}],"predecessor-version":[{"id":21377,"href":"https:\/\/radionewsmisiones.ar\/site\/wp-json\/wp\/v2\/posts\/21375\/revisions\/21377"}],"wp:featuredmedia":[{"embeddable":true,"href":"https:\/\/radionewsmisiones.ar\/site\/wp-json\/wp\/v2\/media\/21376"}],"wp:attachment":[{"href":"https:\/\/radionewsmisiones.ar\/site\/wp-json\/wp\/v2\/media?parent=21375"}],"wp:term":[{"taxonomy":"category","embeddable":true,"href":"https:\/\/radionewsmisiones.ar\/site\/wp-json\/wp\/v2\/categories?post=21375"},{"taxonomy":"post_tag","embeddable":true,"href":"https:\/\/radionewsmisiones.ar\/site\/wp-json\/wp\/v2\/tags?post=21375"}],"curies":[{"name":"wp","href":"https:\/\/api.w.org\/{rel}","templated":true}]}}