{"id":21388,"date":"2024-07-10T10:26:27","date_gmt":"2024-07-10T13:26:27","guid":{"rendered":"https:\/\/radionewsmisiones.ar\/site\/?p=21388"},"modified":"2024-07-10T10:26:32","modified_gmt":"2024-07-10T13:26:32","slug":"passalacqua-participo-en-el-solemne-tedeum-del-dia-de-la-independencia-en-la-catedral-de-posadas","status":"publish","type":"post","link":"https:\/\/radionewsmisiones.ar\/site\/provinciales\/passalacqua-participo-en-el-solemne-tedeum-del-dia-de-la-independencia-en-la-catedral-de-posadas\/","title":{"rendered":"Passalacqua particip\u00f3 en el solemne tedeum del d\u00eda de la independencia en la catedral de Posadas"},"content":{"rendered":"\n<p><em>El gobernador <strong>Hugo Passalacqua <\/strong>asisti\u00f3 al Solemne Tedeum en conmemoraci\u00f3n del D\u00eda de la Independencia, que se llev\u00f3 a cabo en la Iglesia Catedral San Jos\u00e9 de Posadas. La ceremonia religiosa estuvo a cargo del padre Sebasti\u00e1n Escalante, vicario general de la Di\u00f3cesis de Posadas.<\/em><\/p>\n\n\n\n<p>Esta noche, el gobernador <strong>Hugo Passalacqua <\/strong>particip\u00f3 en el Solemne Tedeum con motivo de la celebraci\u00f3n del D\u00eda de la Independencia, en la Iglesia Catedral San Jos\u00e9 de Posadas. La misa fue oficiada por el padre Sebasti\u00e1n Escalante, vicario general de la Di\u00f3cesis de Posadas. As\u00ed, fue numerosa la concurrencia de fieles en la Catedral, junto a autoridades locales y provinciales, que se congregaron para conmemorar un nuevo aniversario de la Independencia Argentina.<\/p>\n\n\n\n<p>La misa incluy\u00f3 momentos de oraci\u00f3n y agradecimiento, recordando los valores de libertad y justicia que marcaron la independencia del pa\u00eds hace m\u00e1s de dos siglos. Vale resaltar que el t\u00e9rmino \u201cTedeum\u201d proviene de un antiqu\u00edsimo himno cristiano de alabanza y acci\u00f3n de gracias a Dios, se trata de un himno muy venerable, reservado a lo largo de la historia para agradecimientos especiales. En Argentina, es una liturgia de acci\u00f3n de gracias en fechas patrias del 25 de Mayo y el 9 de Julio que finaliza con la entonaci\u00f3n del Himno Nacional.&nbsp;<\/p>\n\n\n\n<p><strong>EL LLAMADO DE CONSTRUIR UNA NACI\u00d3N POR EL BIEN COM\u00daN<\/strong><\/p>\n\n\n\n<p>En su homil\u00eda, el padre <strong>Sebasti\u00e1n Escalante<\/strong> resalt\u00f3 el valor de mantener vivos los ideales de los pr\u00f3ceres que lucharon por la independencia y exhort\u00f3 a los presentes a seguir trabajando por una sociedad m\u00e1s justa y solidaria. Tambi\u00e9n se destac\u00f3 la necesidad de unidad y colaboraci\u00f3n entre los distintos sectores de la comunidad para enfrentar los desaf\u00edos actuales.<\/p>\n\n\n\n<p>\u201cLos congresales de Tucum\u00e1n pensaron tambi\u00e9n en nosotros y no cabe duda de que somos la raz\u00f3n de la sacrificada y riesgosa entrega de sus vidas, tiempo e intereses que sin titubeos nos ofrecieron. El ideal de vivir la Argentina como una gran familia donde la fraternidad, la solidaridad y el bien com\u00fan incluyan a todos los que peregrinamos en su historia est\u00e1 muy lejos todav\u00eda de haberse alcanzado. Tenemos que trabajar m\u00e1s por conseguirlo\u201d, se\u00f1al\u00f3 el sacerdote en alusi\u00f3n a la Declaraci\u00f3n de la Independencia.&nbsp;<\/p>\n\n\n\n<p>Adem\u00e1s, el cura celebr\u00f3 que \u201cel se\u00f1or gobernador haya, en el discurso del acto central, recordado ese hito important\u00edsimo para nuestra provincia y nuestra historia nacional. Por que en 1815, con la presencia de un hijo de las reducciones, don Andr\u00e9s Guacura\u00ed Artigas, participaba del Congreso de los Pueblos Libres, del Congreso del Arroyo de la China, un anticipo de la Independencia Argentina, una independencia forjada por un di\u00e1logo muy fecundo, hecho por hombres simples\u201d.<\/p>\n\n\n\n<p>Por \u00faltimo, el vicario insisti\u00f3 que \u201cla independencia y libertad proclamadas hace m\u00e1s de dos siglos no siempre se tradujeron en tiempos de paz y de progreso para todos. Entonces, tenemos que trabajar m\u00e1s y juntos para conseguirlo. Es por eso que esta celebraci\u00f3n, queridos amigos, debe impulsarnos a asumir con magnanimidad el deseo de ser Naci\u00f3n, una Naci\u00f3n cuya identidad sea la pasi\u00f3n por la verdad y el compromiso por el bien com\u00fan\u201d.<\/p>\n\n\n\n<p>En el oficio tambi\u00e9n estuvieron presentes el presidente de la C\u00e1mara de Representantes, Oscar Herrera Ahuad; el intendente de Posadas, Leonardo Stelatto; la subsecretar\u00eda de Culto, Rossana Barrios; el comandante de Brigada de Monte XII, coronel mayor Carlos Julio Sanmill\u00e1n junto a otros funcionarios provinciales, locales y autoridades de las Fuerzas de Seguridad.<\/p>\n\n\n\n<figure class=\"wp-block-embed is-type-wp-embed is-provider-radio-news-misiones-89-5-mhz wp-block-embed-radio-news-misiones-89-5-mhz\"><div class=\"wp-block-embed__wrapper\">\n<blockquote class=\"wp-embedded-content\" data-secret=\"jX6gJXe6Dq\"><a href=\"https:\/\/radionewsmisiones.ar\/site\/provinciales\/passalacqua-hoy-venimos-a-conmemorar-ese-corazon-patrio-que-sigue-latiendo-en-los-argentinos-desde-hace-mas-de-200-anos\/\">Passalacqua: \u201choy venimos a conmemorar ese coraz\u00f3n patrio que sigue latiendo en los argentinos desde hace m\u00e1s de 200 a\u00f1os\u201d<\/a><\/blockquote><iframe class=\"wp-embedded-content\" sandbox=\"allow-scripts\" security=\"restricted\" style=\"position: absolute; clip: rect(1px, 1px, 1px, 1px);\" title=\"\u00abPassalacqua: \u201choy venimos a conmemorar ese coraz\u00f3n patrio que sigue latiendo en los argentinos desde hace m\u00e1s de 200 a\u00f1os\u201d\u00bb \u2014 Radio News Misiones 89.5 Mhz\" src=\"https:\/\/radionewsmisiones.ar\/site\/provinciales\/passalacqua-hoy-venimos-a-conmemorar-ese-corazon-patrio-que-sigue-latiendo-en-los-argentinos-desde-hace-mas-de-200-anos\/embed\/#?secret=jeF7Du04AX#?secret=jX6gJXe6Dq\" data-secret=\"jX6gJXe6Dq\" width=\"600\" height=\"338\" frameborder=\"0\" marginwidth=\"0\" marginheight=\"0\" scrolling=\"no\"><\/iframe>\n<\/div><\/figure>\n","protected":false},"excerpt":{"rendered":"<p>El gobernador Hugo Passalacqua asisti&oacute; al Solemne Tedeum en conmemoraci&oacute;n del D&iacute;a de la Independencia, que se llev&oacute; a cabo en la Iglesia Catedral San Jos&eacute; de Posadas. La ceremonia&hellip; <\/p>\n","protected":false},"author":5,"featured_media":21389,"comment_status":"closed","ping_status":"closed","sticky":false,"template":"","format":"standard","meta":{"_monsterinsights_skip_tracking":false,"_monsterinsights_sitenote_active":false,"_monsterinsights_sitenote_note":"","_monsterinsights_sitenote_category":0},"categories":[358,3],"tags":[316,262],"aioseo_notices":[],"_links":{"self":[{"href":"https:\/\/radionewsmisiones.ar\/site\/wp-json\/wp\/v2\/posts\/21388"}],"collection":[{"href":"https:\/\/radionewsmisiones.ar\/site\/wp-json\/wp\/v2\/posts"}],"about":[{"href":"https:\/\/radionewsmisiones.ar\/site\/wp-json\/wp\/v2\/types\/post"}],"author":[{"embeddable":true,"href":"https:\/\/radionewsmisiones.ar\/site\/wp-json\/wp\/v2\/users\/5"}],"replies":[{"embeddable":true,"href":"https:\/\/radionewsmisiones.ar\/site\/wp-json\/wp\/v2\/comments?post=21388"}],"version-history":[{"count":1,"href":"https:\/\/radionewsmisiones.ar\/site\/wp-json\/wp\/v2\/posts\/21388\/revisions"}],"predecessor-version":[{"id":21390,"href":"https:\/\/radionewsmisiones.ar\/site\/wp-json\/wp\/v2\/posts\/21388\/revisions\/21390"}],"wp:featuredmedia":[{"embeddable":true,"href":"https:\/\/radionewsmisiones.ar\/site\/wp-json\/wp\/v2\/media\/21389"}],"wp:attachment":[{"href":"https:\/\/radionewsmisiones.ar\/site\/wp-json\/wp\/v2\/media?parent=21388"}],"wp:term":[{"taxonomy":"category","embeddable":true,"href":"https:\/\/radionewsmisiones.ar\/site\/wp-json\/wp\/v2\/categories?post=21388"},{"taxonomy":"post_tag","embeddable":true,"href":"https:\/\/radionewsmisiones.ar\/site\/wp-json\/wp\/v2\/tags?post=21388"}],"curies":[{"name":"wp","href":"https:\/\/api.w.org\/{rel}","templated":true}]}}