{"id":22205,"date":"2024-07-17T08:31:00","date_gmt":"2024-07-17T11:31:00","guid":{"rendered":"https:\/\/radionewsmisiones.ar\/site\/?p=22205"},"modified":"2024-07-16T23:12:43","modified_gmt":"2024-07-17T02:12:43","slug":"quince-pymes-industriales-misioneras-participaran-en-la-expo-rueda-internacional-de-negocios-en-asuncion","status":"publish","type":"post","link":"https:\/\/radionewsmisiones.ar\/site\/provinciales\/quince-pymes-industriales-misioneras-participaran-en-la-expo-rueda-internacional-de-negocios-en-asuncion\/","title":{"rendered":"Quince Pymes industriales misioneras participar\u00e1n en la expo rueda internacional de negocios en Asunci\u00f3n"},"content":{"rendered":"\n<p><em>Del 16 al 18 de julio, se lleva a cabo la Expo Rueda Internacional de Negocios en Asunci\u00f3n, Paraguay. Este evento, considerado el mayor de su tipo en Paraguay, contar\u00e1 con la presencia de 25 pa\u00edses del mundo y convoca a micro, peque\u00f1as y medianas empresas de diversos sectores. Asimismo, ofrecer\u00e1 un espacio propicio para la creaci\u00f3n de redes de vinculaci\u00f3n, la exploraci\u00f3n de nuevos mercados y la actualizaci\u00f3n sobre las \u00faltimas tendencias industriales.<\/em><\/p>\n\n\n\n<p>En este contexto, el Ministerio de Industria de Misiones convoc\u00f3 a 15 empresas de la provincia a participar en esta importante feria internacional. La participaci\u00f3n de estas empresas misioneras no solo representa una valiosa oportunidad para incrementar sus ventas y contactos comerciales, sino que tambi\u00e9n fortalece la oferta exportable de la provincia, contribuyendo al posicionamiento de Misiones en el \u00e1mbito internacional. Esta acci\u00f3n es parte de la estrategia del Ministerio para apoyar la internacionalizaci\u00f3n de las empresas locales y fomentar el desarrollo econ\u00f3mico regional, en el marco del Programa Inteligencia Comercial.<\/p>\n\n\n\n<p>El evento en cuesti\u00f3n ofrecer\u00e1 diversas actividades, incluyendo ruedas de negocios, conferencias y talleres, que permitir\u00e1n a los empresarios misioneros ampliar sus conocimientos, intercambiar experiencias y establecer relaciones comerciales estrat\u00e9gicas. Adem\u00e1s, la Expo Rueda servir\u00e1 como plataforma para la promoci\u00f3n de productos y servicios innovadores, potenciando la visibilidad y competitividad de las empresas participantes.<\/p>\n\n\n\n<p>Como antesala a este evento, este lunes, el Ministerio de Industria de Misiones organiz\u00f3 una charla titulada \u201cRonda de Negocios en Ferias Internacionales: C\u00f3mo participar\u201d, impartida por <strong>Juan Cruz Mi\u00f1ones<\/strong>, Asesor en Comercio Exterior. Durante esta sesi\u00f3n, los asistentes pudieron adquirir valiosas herramientas y estrategias para maximizar su participaci\u00f3n en ferias internacionales, optimizando as\u00ed sus oportunidades de negocio y exportaci\u00f3n.<\/p>\n\n\n\n<p>La participaci\u00f3n en la Expo Rueda Internacional de Negocios es una muestra del compromiso del gobierno provincial con el desarrollo industrial y la expansi\u00f3n comercial de Misiones, y subraya la importancia de integrar a las empresas locales en el din\u00e1mico mercado global.<\/p>\n\n\n\n<figure class=\"wp-block-embed is-type-wp-embed is-provider-radio-news-misiones-89-5-mhz wp-block-embed-radio-news-misiones-89-5-mhz\"><div class=\"wp-block-embed__wrapper\">\n<blockquote class=\"wp-embedded-content\" data-secret=\"9uQgKvgVq3\"><a href=\"https:\/\/radionewsmisiones.ar\/site\/provinciales\/en-puerto-esperanza-la-tecnologia-y-la-sostenibilidad-marcan-el-rumbo-de-la-agroindustria-misionera\/\">En Puerto Esperanza la tecnolog\u00eda y la sostenibilidad marcan el rumbo de la agroindustria misionera<\/a><\/blockquote><iframe class=\"wp-embedded-content\" sandbox=\"allow-scripts\" security=\"restricted\" style=\"position: absolute; clip: rect(1px, 1px, 1px, 1px);\" title=\"\u00abEn Puerto Esperanza la tecnolog\u00eda y la sostenibilidad marcan el rumbo de la agroindustria misionera\u00bb \u2014 Radio News Misiones 89.5 Mhz\" src=\"https:\/\/radionewsmisiones.ar\/site\/provinciales\/en-puerto-esperanza-la-tecnologia-y-la-sostenibilidad-marcan-el-rumbo-de-la-agroindustria-misionera\/embed\/#?secret=14mc9VZlDt#?secret=9uQgKvgVq3\" data-secret=\"9uQgKvgVq3\" width=\"600\" height=\"338\" frameborder=\"0\" marginwidth=\"0\" marginheight=\"0\" scrolling=\"no\"><\/iframe>\n<\/div><\/figure>\n","protected":false},"excerpt":{"rendered":"<p>Del 16 al 18 de julio, se lleva a cabo la Expo Rueda Internacional de Negocios en Asunci&oacute;n, Paraguay. Este evento, considerado el mayor de su tipo en Paraguay, contar&aacute;&hellip; <\/p>\n","protected":false},"author":5,"featured_media":21886,"comment_status":"closed","ping_status":"closed","sticky":false,"template":"","format":"standard","meta":{"_monsterinsights_skip_tracking":false,"_monsterinsights_sitenote_active":false,"_monsterinsights_sitenote_note":"","_monsterinsights_sitenote_category":0},"categories":[4,3],"tags":[217,342],"aioseo_notices":[],"_links":{"self":[{"href":"https:\/\/radionewsmisiones.ar\/site\/wp-json\/wp\/v2\/posts\/22205"}],"collection":[{"href":"https:\/\/radionewsmisiones.ar\/site\/wp-json\/wp\/v2\/posts"}],"about":[{"href":"https:\/\/radionewsmisiones.ar\/site\/wp-json\/wp\/v2\/types\/post"}],"author":[{"embeddable":true,"href":"https:\/\/radionewsmisiones.ar\/site\/wp-json\/wp\/v2\/users\/5"}],"replies":[{"embeddable":true,"href":"https:\/\/radionewsmisiones.ar\/site\/wp-json\/wp\/v2\/comments?post=22205"}],"version-history":[{"count":1,"href":"https:\/\/radionewsmisiones.ar\/site\/wp-json\/wp\/v2\/posts\/22205\/revisions"}],"predecessor-version":[{"id":22206,"href":"https:\/\/radionewsmisiones.ar\/site\/wp-json\/wp\/v2\/posts\/22205\/revisions\/22206"}],"wp:featuredmedia":[{"embeddable":true,"href":"https:\/\/radionewsmisiones.ar\/site\/wp-json\/wp\/v2\/media\/21886"}],"wp:attachment":[{"href":"https:\/\/radionewsmisiones.ar\/site\/wp-json\/wp\/v2\/media?parent=22205"}],"wp:term":[{"taxonomy":"category","embeddable":true,"href":"https:\/\/radionewsmisiones.ar\/site\/wp-json\/wp\/v2\/categories?post=22205"},{"taxonomy":"post_tag","embeddable":true,"href":"https:\/\/radionewsmisiones.ar\/site\/wp-json\/wp\/v2\/tags?post=22205"}],"curies":[{"name":"wp","href":"https:\/\/api.w.org\/{rel}","templated":true}]}}