{"id":22290,"date":"2024-07-18T10:06:31","date_gmt":"2024-07-18T13:06:31","guid":{"rendered":"https:\/\/radionewsmisiones.ar\/site\/?p=22290"},"modified":"2024-07-18T10:06:44","modified_gmt":"2024-07-18T13:06:44","slug":"proyectate-capacita-en-fotografia-para-redes-sociales-en-la-ciudad-de-posadas","status":"publish","type":"post","link":"https:\/\/radionewsmisiones.ar\/site\/provinciales\/proyectate-capacita-en-fotografia-para-redes-sociales-en-la-ciudad-de-posadas\/","title":{"rendered":"\u201cProyectate\u201d capacita en fotograf\u00eda para Redes Sociales  en la ciudad de Posadas"},"content":{"rendered":"\n<p><em>La incubadora \u00abProyectate\u00bb presenta una nueva capacitaci\u00f3n destinada a emprendedores que deseen potenciar sus ventas y emprendimientos utilizando una c\u00e1mara profesional o un celular.<\/em><\/p>\n\n\n\n<p>El pr\u00f3ximo viernes 19 de julio, a partir de las 14 horas, se llevar\u00e1 a cabo el taller presencial de fotograf\u00eda para redes sociales en la Nave MiDi del Parque Industrial y de la Innovaci\u00f3n Posadas. <\/p>\n\n\n\n<p>Este encuentro es totalmente gratuito y estar\u00e1 enfocado en t\u00e9cnicas b\u00e1sicas de fotograf\u00eda para emprendedores que est\u00e9n iniciando un proyecto o que tengan un emprendimiento s\u00f3lido. Los interesados en participar deber\u00e1n completar el formulario a trav\u00e9s del siguiente link<\/p>\n\n\n\n<p><a href=\"https:\/\/docs.google.com\/forms\/d\/e\/1FAIpQLSfamr_Trr8ExfhCb9uxXjlGz4OicVUGRnnleJ6XwxNuaO\">https:\/\/docs.google.com\/forms\/d\/e\/1FAIpQLSfamr_Trr8ExfhCb9uxXjlGz4OicVUGRnnleJ6XwxNuaO<\/a><\/p>\n\n\n\n<figure class=\"wp-block-embed is-type-wp-embed is-provider-radio-news-misiones-89-5-mhz wp-block-embed-radio-news-misiones-89-5-mhz\"><div class=\"wp-block-embed__wrapper\">\n<blockquote class=\"wp-embedded-content\" data-secret=\"63kK42LbbJ\"><a href=\"https:\/\/radionewsmisiones.ar\/site\/provinciales\/en-estas-vacaciones-leer-es-el-plan\/\">\u00abEn Estas vacaciones, Leer es el Plan\u00bb<\/a><\/blockquote><iframe class=\"wp-embedded-content\" sandbox=\"allow-scripts\" security=\"restricted\" style=\"position: absolute; clip: rect(1px, 1px, 1px, 1px);\" title=\"\u00ab\u00abEn Estas vacaciones, Leer es el Plan\u00bb\u00bb \u2014 Radio News Misiones 89.5 Mhz\" src=\"https:\/\/radionewsmisiones.ar\/site\/provinciales\/en-estas-vacaciones-leer-es-el-plan\/embed\/#?secret=TyaLB7BHVC#?secret=63kK42LbbJ\" data-secret=\"63kK42LbbJ\" width=\"600\" height=\"338\" frameborder=\"0\" marginwidth=\"0\" marginheight=\"0\" scrolling=\"no\"><\/iframe>\n<\/div><\/figure>\n","protected":false},"excerpt":{"rendered":"<p>La incubadora &laquo;Proyectate&raquo; presenta una nueva capacitaci&oacute;n destinada a emprendedores que deseen potenciar sus ventas y emprendimientos utilizando una c&aacute;mara profesional o un celular. El pr&oacute;ximo viernes 19 de julio,&hellip; <\/p>\n","protected":false},"author":5,"featured_media":22291,"comment_status":"closed","ping_status":"closed","sticky":false,"template":"","format":"standard","meta":{"_monsterinsights_skip_tracking":false,"_monsterinsights_sitenote_active":false,"_monsterinsights_sitenote_note":"","_monsterinsights_sitenote_category":0},"categories":[358,3],"tags":[26,360],"aioseo_notices":[],"_links":{"self":[{"href":"https:\/\/radionewsmisiones.ar\/site\/wp-json\/wp\/v2\/posts\/22290"}],"collection":[{"href":"https:\/\/radionewsmisiones.ar\/site\/wp-json\/wp\/v2\/posts"}],"about":[{"href":"https:\/\/radionewsmisiones.ar\/site\/wp-json\/wp\/v2\/types\/post"}],"author":[{"embeddable":true,"href":"https:\/\/radionewsmisiones.ar\/site\/wp-json\/wp\/v2\/users\/5"}],"replies":[{"embeddable":true,"href":"https:\/\/radionewsmisiones.ar\/site\/wp-json\/wp\/v2\/comments?post=22290"}],"version-history":[{"count":1,"href":"https:\/\/radionewsmisiones.ar\/site\/wp-json\/wp\/v2\/posts\/22290\/revisions"}],"predecessor-version":[{"id":22292,"href":"https:\/\/radionewsmisiones.ar\/site\/wp-json\/wp\/v2\/posts\/22290\/revisions\/22292"}],"wp:featuredmedia":[{"embeddable":true,"href":"https:\/\/radionewsmisiones.ar\/site\/wp-json\/wp\/v2\/media\/22291"}],"wp:attachment":[{"href":"https:\/\/radionewsmisiones.ar\/site\/wp-json\/wp\/v2\/media?parent=22290"}],"wp:term":[{"taxonomy":"category","embeddable":true,"href":"https:\/\/radionewsmisiones.ar\/site\/wp-json\/wp\/v2\/categories?post=22290"},{"taxonomy":"post_tag","embeddable":true,"href":"https:\/\/radionewsmisiones.ar\/site\/wp-json\/wp\/v2\/tags?post=22290"}],"curies":[{"name":"wp","href":"https:\/\/api.w.org\/{rel}","templated":true}]}}