{"id":22293,"date":"2024-07-18T10:36:16","date_gmt":"2024-07-18T13:36:16","guid":{"rendered":"https:\/\/radionewsmisiones.ar\/site\/?p=22293"},"modified":"2024-07-18T10:36:21","modified_gmt":"2024-07-18T13:36:21","slug":"el-hospital-samic-de-eldorado-ya-cuenta-con-su-unidad-de-procuracion-y-trasplante-de-organos","status":"publish","type":"post","link":"https:\/\/radionewsmisiones.ar\/site\/provinciales\/el-hospital-samic-de-eldorado-ya-cuenta-con-su-unidad-de-procuracion-y-trasplante-de-organos\/","title":{"rendered":"El Hospital SAMIC de Eldorado ya cuenta con su Unidad de Procuraci\u00f3n y Trasplante de \u00d3rganos"},"content":{"rendered":"\n<p><em>En conmemoraci\u00f3n del D\u00eda Provincial del Donante de \u00d3rganos, que fue el martes 16, inauguraron en el Hospital SAMIC de Eldorado una Unidad de Procuraci\u00f3n y Trasplante. Entre los participantes estuvieron el ministro de Salud P\u00fablica H\u00e9ctor Gonz\u00e1lez, la gerente asistencial <strong>Carolina Selva <\/strong>y el intendente de la localidad <strong>Rodrigo Dur\u00e1n<\/strong>.<\/em><\/p>\n\n\n\n<p>La ceremonia tambi\u00e9n cont\u00f3 con la presencia de Crist\u00f3bal Vento, ex jefe de Terapia Intensiva del hospital y representante del CUCAIMIS en Eldorado, quien rememor\u00f3 la primera ablaci\u00f3n realizada en 1998. Asimismo, <strong>Claudia Acost<\/strong>a, madre de <strong>Steffy Vier<\/strong>, cuya vida fue transformada por un trasplante de coraz\u00f3n, estuvo presente en el evento.<\/p>\n\n\n\n<p>El Centro \u00danico Coordinador de Ablaci\u00f3n e Implantes de Misiones (CUCAIMIS) destac\u00f3 el compromiso del equipo de salud del Hospital SAMIC en la promoci\u00f3n y realizaci\u00f3n de donaciones de \u00f3rganos. Resaltaron la labor continua y significativa realizada en esta \u00e1rea.<\/p>\n\n\n\n<p>Adem\u00e1s de la inauguraci\u00f3n, la jornada incluy\u00f3 actividades en el auditorio del hospital y una actividad al aire libre, mientras que para el viernes 19 est\u00e1 prevista una Gran Barrileteada en el Aeroclub Alto Paran\u00e1 de Eldorado, en honor y agradecimiento a los donantes de \u00f3rganos y tejidos, as\u00ed como a sus familias.<\/p>\n\n\n\n<p>Esta inauguraci\u00f3n marca un paso de gran importancia en el fortalecimiento de la infraestructura y el compromiso del Gobierno provincial con la procuraci\u00f3n y trasplante de \u00f3rganos, lo que reafirma el valor de la solidaridad y la vida en la comunidad.<\/p>\n\n\n\n<figure class=\"wp-block-embed is-type-wp-embed is-provider-radio-news-misiones-89-5-mhz wp-block-embed-radio-news-misiones-89-5-mhz\"><div class=\"wp-block-embed__wrapper\">\n<blockquote class=\"wp-embedded-content\" data-secret=\"iwjQzbt4XM\"><a href=\"https:\/\/radionewsmisiones.ar\/site\/provinciales\/passalacqua-firma-convenio-para-finalizar-obras-en-el-hospital-nivel-ii-de-puerto-rico\/\">Passalacqua firma convenio para finalizar obras  en el Hospital Nivel II de Puerto Rico<\/a><\/blockquote><iframe class=\"wp-embedded-content\" sandbox=\"allow-scripts\" security=\"restricted\" style=\"position: absolute; clip: rect(1px, 1px, 1px, 1px);\" title=\"\u00abPassalacqua firma convenio para finalizar obras  en el Hospital Nivel II de Puerto Rico\u00bb \u2014 Radio News Misiones 89.5 Mhz\" src=\"https:\/\/radionewsmisiones.ar\/site\/provinciales\/passalacqua-firma-convenio-para-finalizar-obras-en-el-hospital-nivel-ii-de-puerto-rico\/embed\/#?secret=XRnWUHGQC8#?secret=iwjQzbt4XM\" data-secret=\"iwjQzbt4XM\" width=\"600\" height=\"338\" frameborder=\"0\" marginwidth=\"0\" marginheight=\"0\" scrolling=\"no\"><\/iframe>\n<\/div><\/figure>\n","protected":false},"excerpt":{"rendered":"<p>En conmemoraci&oacute;n del D&iacute;a Provincial del Donante de &Oacute;rganos, que fue el martes 16, inauguraron en el Hospital SAMIC de Eldorado una Unidad de Procuraci&oacute;n y Trasplante. Entre los participantes&hellip; <\/p>\n","protected":false},"author":5,"featured_media":22294,"comment_status":"closed","ping_status":"closed","sticky":false,"template":"","format":"standard","meta":{"_monsterinsights_skip_tracking":false,"_monsterinsights_sitenote_active":false,"_monsterinsights_sitenote_note":"","_monsterinsights_sitenote_category":0},"categories":[3],"tags":[316,174],"aioseo_notices":[],"_links":{"self":[{"href":"https:\/\/radionewsmisiones.ar\/site\/wp-json\/wp\/v2\/posts\/22293"}],"collection":[{"href":"https:\/\/radionewsmisiones.ar\/site\/wp-json\/wp\/v2\/posts"}],"about":[{"href":"https:\/\/radionewsmisiones.ar\/site\/wp-json\/wp\/v2\/types\/post"}],"author":[{"embeddable":true,"href":"https:\/\/radionewsmisiones.ar\/site\/wp-json\/wp\/v2\/users\/5"}],"replies":[{"embeddable":true,"href":"https:\/\/radionewsmisiones.ar\/site\/wp-json\/wp\/v2\/comments?post=22293"}],"version-history":[{"count":1,"href":"https:\/\/radionewsmisiones.ar\/site\/wp-json\/wp\/v2\/posts\/22293\/revisions"}],"predecessor-version":[{"id":22295,"href":"https:\/\/radionewsmisiones.ar\/site\/wp-json\/wp\/v2\/posts\/22293\/revisions\/22295"}],"wp:featuredmedia":[{"embeddable":true,"href":"https:\/\/radionewsmisiones.ar\/site\/wp-json\/wp\/v2\/media\/22294"}],"wp:attachment":[{"href":"https:\/\/radionewsmisiones.ar\/site\/wp-json\/wp\/v2\/media?parent=22293"}],"wp:term":[{"taxonomy":"category","embeddable":true,"href":"https:\/\/radionewsmisiones.ar\/site\/wp-json\/wp\/v2\/categories?post=22293"},{"taxonomy":"post_tag","embeddable":true,"href":"https:\/\/radionewsmisiones.ar\/site\/wp-json\/wp\/v2\/tags?post=22293"}],"curies":[{"name":"wp","href":"https:\/\/api.w.org\/{rel}","templated":true}]}}