{"id":23449,"date":"2024-07-31T07:45:00","date_gmt":"2024-07-31T10:45:00","guid":{"rendered":"https:\/\/radionewsmisiones.ar\/site\/?p=23449"},"modified":"2024-07-31T00:15:03","modified_gmt":"2024-07-31T03:15:03","slug":"presentaron-el-portal-inversor-para-potenciar-la-economia-del-conocimiento","status":"publish","type":"post","link":"https:\/\/radionewsmisiones.ar\/site\/provinciales\/presentaron-el-portal-inversor-para-potenciar-la-economia-del-conocimiento\/","title":{"rendered":"Presentaron el \u201cPortal Inversor\u201d para potenciar la Econom\u00eda del Conocimiento"},"content":{"rendered":"\n<p><em>La innovadora plataforma digital que busca centralizar acciones y ofrecer recursos clave para inversores fue presentada esta ma\u00f1ana por la Municipalidad de Posadas. Esta iniciativa se enfoca en posicionar a la ciudad en un sector estrat\u00e9gico para la promoci\u00f3n de nuevas inversiones y conectar con socios de distintos sectores.<\/em><\/p>\n\n\n\n<p>En el Sal\u00f3n de Usos M\u00faltiples del 5to piso de la Municipalidad, se llev\u00f3 a cabo la presentaci\u00f3n del \u201cPortal Inversor\u201d. Estuvieron presentes directores y secretarios municipales, junto a representantes de c\u00e1maras emprendedoras.<\/p>\n\n\n\n<p>Durante el encuentro, presentaron la plataforma donde se podr\u00e1n encontrar datos econ\u00f3micos, gu\u00edas para inversores y accesos a programas de financiamiento. Adem\u00e1s, el espacio tendr\u00e1 disponible descripciones de \u00e1reas y sectores estrat\u00e9gicos, informaci\u00f3n sobre l\u00edneas de cr\u00e9dito, an\u00e1lisis actualizados sobre las principales variables econ\u00f3micas y una secci\u00f3n de novedades con las \u00faltimas noticias.<\/p>\n\n\n\n<p>El \u00abPortal Inversor\u00bb no solo ubica a la ciudad en un sector estrat\u00e9gico para atraer inversores, sino que tambi\u00e9n facilita la creaci\u00f3n de empleo en la regi\u00f3n. Esta herramienta de grandes ventajas competitivas, crea oportunidades de crecimiento para empresas y emprendedores.<\/p>\n\n\n\n<p>El director general de Producci\u00f3n y Desarrollo Econ\u00f3mico, <strong>Alejandro Glinca<\/strong>, destac\u00f3 que se desarroll\u00f3 para trabajar de manera sin\u00e9rgica con el sector p\u00fablico y privado, promoviendo el desarrollo econ\u00f3mico. \u00abEs por eso que creamos esta plataforma destinada a la promoci\u00f3n de inversi\u00f3n,\u00bb se\u00f1al\u00f3 Glinca.<\/p>\n\n\n\n<p>Asimismo, el director de Turismo y Desarrollo Econ\u00f3mico, <strong>Diego Carmona,<\/strong> explic\u00f3 que el portal permitir\u00e1 encontrar informaci\u00f3n sobre los sectores estrat\u00e9gicos de la ciudad y datos pertinentes para el sector p\u00fablico. \u00abBuscamos promocionar un lugar de inversiones y potenciar a las empresas. Actualmente estamos trabajando con varias franquicias que se interesan en desembarcar de manera estrat\u00e9gica y acompa\u00f1ar este trabajo,\u00bb mencion\u00f3 Carmona.<\/p>\n\n\n\n<p>El \u201cPortal Inversor\u201d ya est\u00e1 disponible y se puede acceder desde la p\u00e1gina web de la Municipalidad.<\/p>\n\n\n\n<figure class=\"wp-block-embed is-type-wp-embed is-provider-radio-news-misiones-89-5-mhz wp-block-embed-radio-news-misiones-89-5-mhz\"><div class=\"wp-block-embed__wrapper\">\n<blockquote class=\"wp-embedded-content\" data-secret=\"d3EfvJMv1C\"><a href=\"https:\/\/radionewsmisiones.ar\/site\/provinciales\/passalacqua-encabezo-reunion-con-empresarios-brasilenos-para-nuevas-lineas-de-inversion-en-el-sector-productivo\/\">Passalacqua encabez\u00f3 reuni\u00f3n con empresarios brasile\u00f1os para nuevas l\u00edneas de inversi\u00f3n en el sector productivo<\/a><\/blockquote><iframe class=\"wp-embedded-content\" sandbox=\"allow-scripts\" security=\"restricted\" style=\"position: absolute; clip: rect(1px, 1px, 1px, 1px);\" title=\"\u00abPassalacqua encabez\u00f3 reuni\u00f3n con empresarios brasile\u00f1os para nuevas l\u00edneas de inversi\u00f3n en el sector productivo\u00bb \u2014 Radio News Misiones 89.5 Mhz\" src=\"https:\/\/radionewsmisiones.ar\/site\/provinciales\/passalacqua-encabezo-reunion-con-empresarios-brasilenos-para-nuevas-lineas-de-inversion-en-el-sector-productivo\/embed\/#?secret=sYwEFvnqiW#?secret=d3EfvJMv1C\" data-secret=\"d3EfvJMv1C\" width=\"600\" height=\"338\" frameborder=\"0\" marginwidth=\"0\" marginheight=\"0\" scrolling=\"no\"><\/iframe>\n<\/div><\/figure>\n","protected":false},"excerpt":{"rendered":"<p>La innovadora plataforma digital que busca centralizar acciones y ofrecer recursos clave para inversores fue presentada esta ma&ntilde;ana por la Municipalidad de Posadas. Esta iniciativa se enfoca en posicionar a&hellip; <\/p>\n","protected":false},"author":5,"featured_media":23450,"comment_status":"closed","ping_status":"closed","sticky":false,"template":"","format":"standard","meta":{"_monsterinsights_skip_tracking":false,"_monsterinsights_sitenote_active":false,"_monsterinsights_sitenote_note":"","_monsterinsights_sitenote_category":0},"categories":[358,3],"tags":[217,360,485],"aioseo_notices":[],"_links":{"self":[{"href":"https:\/\/radionewsmisiones.ar\/site\/wp-json\/wp\/v2\/posts\/23449"}],"collection":[{"href":"https:\/\/radionewsmisiones.ar\/site\/wp-json\/wp\/v2\/posts"}],"about":[{"href":"https:\/\/radionewsmisiones.ar\/site\/wp-json\/wp\/v2\/types\/post"}],"author":[{"embeddable":true,"href":"https:\/\/radionewsmisiones.ar\/site\/wp-json\/wp\/v2\/users\/5"}],"replies":[{"embeddable":true,"href":"https:\/\/radionewsmisiones.ar\/site\/wp-json\/wp\/v2\/comments?post=23449"}],"version-history":[{"count":1,"href":"https:\/\/radionewsmisiones.ar\/site\/wp-json\/wp\/v2\/posts\/23449\/revisions"}],"predecessor-version":[{"id":23451,"href":"https:\/\/radionewsmisiones.ar\/site\/wp-json\/wp\/v2\/posts\/23449\/revisions\/23451"}],"wp:featuredmedia":[{"embeddable":true,"href":"https:\/\/radionewsmisiones.ar\/site\/wp-json\/wp\/v2\/media\/23450"}],"wp:attachment":[{"href":"https:\/\/radionewsmisiones.ar\/site\/wp-json\/wp\/v2\/media?parent=23449"}],"wp:term":[{"taxonomy":"category","embeddable":true,"href":"https:\/\/radionewsmisiones.ar\/site\/wp-json\/wp\/v2\/categories?post=23449"},{"taxonomy":"post_tag","embeddable":true,"href":"https:\/\/radionewsmisiones.ar\/site\/wp-json\/wp\/v2\/tags?post=23449"}],"curies":[{"name":"wp","href":"https:\/\/api.w.org\/{rel}","templated":true}]}}