{"id":23748,"date":"2024-08-05T08:15:00","date_gmt":"2024-08-05T11:15:00","guid":{"rendered":"https:\/\/radionewsmisiones.ar\/site\/?p=23748"},"modified":"2024-08-05T01:21:17","modified_gmt":"2024-08-05T04:21:17","slug":"el-mate-en-la-escuela-presente-en-veinte-instituciones-extendiendose-a-mas-provincias","status":"publish","type":"post","link":"https:\/\/radionewsmisiones.ar\/site\/provinciales\/el-mate-en-la-escuela-presente-en-veinte-instituciones-extendiendose-a-mas-provincias\/","title":{"rendered":"\u00abEl Mate en la Escuela\u00bb, presente en veinte instituciones, extendi\u00e9ndose a m\u00e1s provincias"},"content":{"rendered":"\n<p><em>El segundo semestre 2024 de la escuela secundaria se inicia esta semana con El Mate en la Escuela en 20 instituciones educativas, y con la buena noticia que adem\u00e1s de Misiones, la iniciativa pedag\u00f3gica y cultural del INYM tambi\u00e9n est\u00e1 en Corrientes y en Santa Fe.<\/em><\/p>\n\n\n\n<p>El programa El Mate en la Escuela abarca talleres en las aulas sobre la historia y la actualidad de la actividad, biolog\u00eda de la planta de yerba mate, beneficios del alimento sano y natural para la salud, cultura, entre otros aspectos. Con el respaldo de empresas yerbateras, acerca a los alumnos de los \u00faltimos a\u00f1os de los establecimientos, mates autocebantes y yerba mate para que preparen y disfruten de la infusi\u00f3n.<\/p>\n\n\n\n<p>As\u00ed, hoy, en el Centro Educativo Polimodal N 6 de Garup\u00e1, una de las 18 instituciones beneficiadas, la jornada del cuarto a\u00f1o comenz\u00f3 con el taller \u201cEl Mate, fuente de energ\u00eda natural\u201d y la socializaci\u00f3n de los mates autocebantes obsequiados a cada uno de los estudiantes para que disfruten con la yerba mate que acerc\u00f3 la empresa CBS\u00e9, quien apadrina la iniciativa en este lugar.<\/p>\n\n\n\n<p>Con la presencia de la directora Karina Henn y la coordinaci\u00f3n de la profesora Rosana Cardozo (una enamorada de la Infusi\u00f3n Nacional), los j\u00f3venes aprendieron sobre el origen del producto (un \u00e1rbol nativo de la Selva Paranaense), destac\u00e1ndose que su cultivo se inici\u00f3 hace m\u00e1s de 100 a\u00f1os y que la Argentina, con Misiones y norte de Corrientes, es el mayor productor en el mundo, adem\u00e1s de conocer sobre las funciones del INYM.<\/p>\n\n\n\n<p>La clase se complement\u00f3 con las charlas de <strong>Natasha Hofkamp<\/strong>, del INYM, sobre c\u00f3mo utilizar los mates autocebantes, y de <strong>Sebasti\u00e1n Gularte<\/strong> quien ponder\u00f3 a esta empresa no solo por la variedad y beneficios de la yerba mate compuesta que comercializa, sino tambi\u00e9n por haber sido la impulsora (desde el 2015) del emoji del mate, actualmente en la comunicaci\u00f3n a trav\u00e9s del whatsapp, otorgado a nuestra tradici\u00f3n una trascendencia global.<\/p>\n\n\n\n<p>Adem\u00e1s de este establecimiento educativo, este a\u00f1o el programa se implementa en en la EFA Jes\u00fas de Galilea de Dos de Mayo; en los BOP N 62 de Salto Encantado, N 107 de Santa Mar\u00eda, N 12 de San Jos\u00e9, N 13 de Posadas, N 112 y N 10 de Ober\u00e1, N 31 de Los Helechos, y N 34 de Garuhap\u00e9; en los CEP N 36 de Posadas, N 18 y N 56 de Ober\u00e1, N 28 de San Vicente, N 6 de Garup\u00e1; en las EPET N 41 de Panamb\u00ed y N 6 de Eldorado; en el Instituto de Ense\u00f1anza Agropecuaria N 9 de Colonia Aurora; en ERAGIA de la ciudad de Corrientes y en EESOPI de Rafaela, Santa Fe. Al culminar este ciclo 2024, el equipo de profesionales har\u00e1 un relevamiento de opiniones para conocer el alcance de la iniciativa.<\/p>\n\n\n\n<figure class=\"wp-block-embed is-type-wp-embed is-provider-radio-news-misiones-89-5-mhz wp-block-embed-radio-news-misiones-89-5-mhz\"><div class=\"wp-block-embed__wrapper\">\n<blockquote class=\"wp-embedded-content\" data-secret=\"PEOVdxjMCa\"><a href=\"https:\/\/radionewsmisiones.ar\/site\/provinciales\/lopez-sartori-se-reunio-con-su-par-nacional-para-bregar-por-el-funcionamiento-del-inym\/\">L\u00f3pez Sartori se reuni\u00f3 con su par nacional para bregar por el funcionamiento del INYM<\/a><\/blockquote><iframe class=\"wp-embedded-content\" sandbox=\"allow-scripts\" security=\"restricted\" style=\"position: absolute; clip: rect(1px, 1px, 1px, 1px);\" title=\"\u00abL\u00f3pez Sartori se reuni\u00f3 con su par nacional para bregar por el funcionamiento del INYM\u00bb \u2014 Radio News Misiones 89.5 Mhz\" src=\"https:\/\/radionewsmisiones.ar\/site\/provinciales\/lopez-sartori-se-reunio-con-su-par-nacional-para-bregar-por-el-funcionamiento-del-inym\/embed\/#?secret=TzKh4TEIxk#?secret=PEOVdxjMCa\" data-secret=\"PEOVdxjMCa\" width=\"600\" height=\"338\" frameborder=\"0\" marginwidth=\"0\" marginheight=\"0\" scrolling=\"no\"><\/iframe>\n<\/div><\/figure>\n","protected":false},"excerpt":{"rendered":"<p>El segundo semestre 2024 de la escuela secundaria se inicia esta semana con El Mate en la Escuela en 20 instituciones educativas, y con la buena noticia que adem&aacute;s de&hellip; <\/p>\n","protected":false},"author":5,"featured_media":23749,"comment_status":"closed","ping_status":"closed","sticky":false,"template":"","format":"standard","meta":{"_monsterinsights_skip_tracking":false,"_monsterinsights_sitenote_active":false,"_monsterinsights_sitenote_note":"","_monsterinsights_sitenote_category":0},"categories":[4,3],"tags":[261,218],"aioseo_notices":[],"_links":{"self":[{"href":"https:\/\/radionewsmisiones.ar\/site\/wp-json\/wp\/v2\/posts\/23748"}],"collection":[{"href":"https:\/\/radionewsmisiones.ar\/site\/wp-json\/wp\/v2\/posts"}],"about":[{"href":"https:\/\/radionewsmisiones.ar\/site\/wp-json\/wp\/v2\/types\/post"}],"author":[{"embeddable":true,"href":"https:\/\/radionewsmisiones.ar\/site\/wp-json\/wp\/v2\/users\/5"}],"replies":[{"embeddable":true,"href":"https:\/\/radionewsmisiones.ar\/site\/wp-json\/wp\/v2\/comments?post=23748"}],"version-history":[{"count":1,"href":"https:\/\/radionewsmisiones.ar\/site\/wp-json\/wp\/v2\/posts\/23748\/revisions"}],"predecessor-version":[{"id":23750,"href":"https:\/\/radionewsmisiones.ar\/site\/wp-json\/wp\/v2\/posts\/23748\/revisions\/23750"}],"wp:featuredmedia":[{"embeddable":true,"href":"https:\/\/radionewsmisiones.ar\/site\/wp-json\/wp\/v2\/media\/23749"}],"wp:attachment":[{"href":"https:\/\/radionewsmisiones.ar\/site\/wp-json\/wp\/v2\/media?parent=23748"}],"wp:term":[{"taxonomy":"category","embeddable":true,"href":"https:\/\/radionewsmisiones.ar\/site\/wp-json\/wp\/v2\/categories?post=23748"},{"taxonomy":"post_tag","embeddable":true,"href":"https:\/\/radionewsmisiones.ar\/site\/wp-json\/wp\/v2\/tags?post=23748"}],"curies":[{"name":"wp","href":"https:\/\/api.w.org\/{rel}","templated":true}]}}