{"id":242,"date":"2022-08-02T18:44:52","date_gmt":"2022-08-02T21:44:52","guid":{"rendered":"https:\/\/radionewsmisiones.ar\/site\/?p=242"},"modified":"2022-08-02T18:44:53","modified_gmt":"2022-08-02T21:44:53","slug":"turismo-estudiantil-ninos-de-garupa-conocieron-cordoba","status":"publish","type":"post","link":"https:\/\/radionewsmisiones.ar\/site\/provinciales\/turismo-estudiantil-ninos-de-garupa-conocieron-cordoba\/","title":{"rendered":"Turismo estudiantil: ni\u00f1os de Garup\u00e1 conocieron C\u00f3rdoba"},"content":{"rendered":"\n<p>Con el objetivo de promover el desarrollo integral y favorecer el acceso a la distribuci\u00f3n de bienes culturales en el plano educativo, estudiantes de la escuela N\u00b0 962 de Garup\u00e1 viajaron a Embalse, R\u00edo Tercero, C\u00f3rdoba, una localidad enmarcada por el llamativo paisaje del Valle de Calamuchita, en una experiencia que conjug\u00f3 turismo, cultura y naturaleza.<\/p>\n\n\n\n<p>El director de la escuela, Carlos Olivera, se\u00f1al\u00f3 que \u00abnuestra escuela fue elegida para realizar este viaje y realmente fue una experiencia transformadora para los chicos. Esta posibilidad de conocer nuevos mundos, nuevas experiencias, nuevos universos culturales fue sumamente enriquecedor para ellos, y los chicos muy felices y contentos disfrutaron de cada actividad\u201d. Estas jornadas de integraci\u00f3n, convivencia e intercambio cultural y educativo significaron, para las y los alumnos y docentes, el fortalecimiento de sus perspectivas culturales y una experiencia colectiva que marca un hito importante en su historia escolar y biograf\u00eda educativa.<\/p>\n\n\n\n<figure class=\"wp-block-image size-large\"><img loading=\"lazy\" width=\"1024\" height=\"768\" src=\"https:\/\/radionewsmisiones.ar\/site\/wp-content\/uploads\/2022\/08\/IMG-20220802-WA0036-1024x768.jpg\" alt=\"\" class=\"wp-image-243\" srcset=\"https:\/\/radionewsmisiones.ar\/site\/wp-content\/uploads\/2022\/08\/IMG-20220802-WA0036-1024x768.jpg 1024w, https:\/\/radionewsmisiones.ar\/site\/wp-content\/uploads\/2022\/08\/IMG-20220802-WA0036-300x225.jpg 300w, https:\/\/radionewsmisiones.ar\/site\/wp-content\/uploads\/2022\/08\/IMG-20220802-WA0036-768x576.jpg 768w, https:\/\/radionewsmisiones.ar\/site\/wp-content\/uploads\/2022\/08\/IMG-20220802-WA0036.jpg 1280w\" sizes=\"(max-width: 1024px) 100vw, 1024px\" \/><\/figure>\n\n\n\n<p>El Programa Nacional de Turismo Educativo y Recreaci\u00f3n se propone que los estudiantes de todas las escuelas argentinas del Nivel Primario, en particular aquellos de los sectores m\u00e1s vulnerables, puedan conocer, comprender y apropiarse de la diversidad geogr\u00e1fica y cultural del pa\u00eds, y disfrutar del tiempo libre mediante la realizaci\u00f3n de actividades sociorrecreativas, formativas e integradoras.<\/p>\n\n\n\n<p>Esta iniciativa busca contribuir a la defensa del patrimonio natural y cultural de la naci\u00f3n, las provincias y las comunidades locales al comprometer a los ni\u00f1os y ni\u00f1as en su cuidado y conservaci\u00f3n; incentivar la integraci\u00f3n de las distintas regiones del pa\u00eds y el respeto por los principios federales; brindar experiencias de aprendizaje en distintos \u00e1mbitos que fortalezcan la convivencia en un clima de aceptaci\u00f3n y respeto por las diferencias y reforzar los v\u00ednculos institucionales e interinstitucionales de las escuelas participantes, mejorar su comunicaci\u00f3n y la sistematizaci\u00f3n y transmisi\u00f3n de las vivencias.<\/p>\n\n\n\n<p>Esta experiencia se llev\u00f3 a cabo a trav\u00e9s de la gesti\u00f3n de la Direcci\u00f3n de Pol\u00edticas Socioeducativas, coordinada por Roberto Casa Mart\u00edn, dependiente la Subsecretar\u00eda de Educaci\u00f3n del Ministerio de Educaci\u00f3n de la provincia, en el marco del Programa Nacional de Turismo Estudiantil.<\/p>\n\n\n\n<p>\u00a0<\/p>\n","protected":false},"excerpt":{"rendered":"<p>Con el objetivo de promover el desarrollo integral y favorecer el acceso a la distribuci&oacute;n de bienes culturales en el plano educativo, estudiantes de la escuela N&deg; 962 de Garup&aacute;&hellip; <\/p>\n","protected":false},"author":3,"featured_media":244,"comment_status":"closed","ping_status":"open","sticky":false,"template":"","format":"standard","meta":{"_monsterinsights_skip_tracking":false,"_monsterinsights_sitenote_active":false,"_monsterinsights_sitenote_note":"","_monsterinsights_sitenote_category":0},"categories":[3],"tags":[26],"aioseo_notices":[],"_links":{"self":[{"href":"https:\/\/radionewsmisiones.ar\/site\/wp-json\/wp\/v2\/posts\/242"}],"collection":[{"href":"https:\/\/radionewsmisiones.ar\/site\/wp-json\/wp\/v2\/posts"}],"about":[{"href":"https:\/\/radionewsmisiones.ar\/site\/wp-json\/wp\/v2\/types\/post"}],"author":[{"embeddable":true,"href":"https:\/\/radionewsmisiones.ar\/site\/wp-json\/wp\/v2\/users\/3"}],"replies":[{"embeddable":true,"href":"https:\/\/radionewsmisiones.ar\/site\/wp-json\/wp\/v2\/comments?post=242"}],"version-history":[{"count":1,"href":"https:\/\/radionewsmisiones.ar\/site\/wp-json\/wp\/v2\/posts\/242\/revisions"}],"predecessor-version":[{"id":245,"href":"https:\/\/radionewsmisiones.ar\/site\/wp-json\/wp\/v2\/posts\/242\/revisions\/245"}],"wp:featuredmedia":[{"embeddable":true,"href":"https:\/\/radionewsmisiones.ar\/site\/wp-json\/wp\/v2\/media\/244"}],"wp:attachment":[{"href":"https:\/\/radionewsmisiones.ar\/site\/wp-json\/wp\/v2\/media?parent=242"}],"wp:term":[{"taxonomy":"category","embeddable":true,"href":"https:\/\/radionewsmisiones.ar\/site\/wp-json\/wp\/v2\/categories?post=242"},{"taxonomy":"post_tag","embeddable":true,"href":"https:\/\/radionewsmisiones.ar\/site\/wp-json\/wp\/v2\/tags?post=242"}],"curies":[{"name":"wp","href":"https:\/\/api.w.org\/{rel}","templated":true}]}}