{"id":246,"date":"2022-08-02T18:46:03","date_gmt":"2022-08-02T21:46:03","guid":{"rendered":"https:\/\/radionewsmisiones.ar\/site\/?p=246"},"modified":"2022-08-02T18:46:04","modified_gmt":"2022-08-02T21:46:04","slug":"esta-semana-arrancan-las-actividades-de-promo-2022-una-puerta-de-entrada-a-la-educacion-superior","status":"publish","type":"post","link":"https:\/\/radionewsmisiones.ar\/site\/provinciales\/esta-semana-arrancan-las-actividades-de-promo-2022-una-puerta-de-entrada-a-la-educacion-superior\/","title":{"rendered":"Esta semana arrancan las actividades de Promo 2022, una puerta de entrada a la Educaci\u00f3n Superior"},"content":{"rendered":"\n<p>Con el objetivo de acompa\u00f1ar a los egresados del \u00faltimo a\u00f1o de la secundaria en su conexi\u00f3n con el nivel superior y universitario, esta semana comienzan las actividades de Promo 2022. Este evento lo lleva adelante la Direcci\u00f3n de Pol\u00edticas Estudiantiles de la Subsecretar\u00eda de Educaci\u00f3n desde hace tres a\u00f1os, poniendo en di\u00e1logo estudiantes que est\u00e1n finalizando o finalizaron la educaci\u00f3n obligatoria junto a universidades e institutos tanto de formaci\u00f3n docente como tecnicaturas, del dominio p\u00fablico y privado.<\/p>\n\n\n\n<figure class=\"wp-block-image size-large\"><img loading=\"lazy\" width=\"1024\" height=\"1024\" src=\"https:\/\/radionewsmisiones.ar\/site\/wp-content\/uploads\/2022\/08\/1-122-1024x1024.jpeg\" alt=\"\" class=\"wp-image-247\" srcset=\"https:\/\/radionewsmisiones.ar\/site\/wp-content\/uploads\/2022\/08\/1-122-1024x1024.jpeg 1024w, https:\/\/radionewsmisiones.ar\/site\/wp-content\/uploads\/2022\/08\/1-122-300x300.jpeg 300w, https:\/\/radionewsmisiones.ar\/site\/wp-content\/uploads\/2022\/08\/1-122-150x150.jpeg 150w, https:\/\/radionewsmisiones.ar\/site\/wp-content\/uploads\/2022\/08\/1-122-768x768.jpeg 768w, https:\/\/radionewsmisiones.ar\/site\/wp-content\/uploads\/2022\/08\/1-122.jpeg 1280w\" sizes=\"(max-width: 1024px) 100vw, 1024px\" \/><\/figure>\n\n\n\n<p>El evento consiste en charlas de orientaci\u00f3n vocacional, presentaci\u00f3n de propuestas, webinares de diversos temas y un espacio para el encuentro orientado a dar a los j\u00f3venes de la provincia un momento para escuchar, debatir y proponer interrogantes para orientarse en la construcci\u00f3n de su proyecto de vida. Para esto se valdr\u00e1n del di\u00e1logo con otros estudiantes y con profesionales, quienes aportar\u00e1n sus conocimientos, aprendizajes y experiencias sobre la vida estudiantil en el nivel superior y en la vida profesional.<\/p>\n\n\n\n<p>Este a\u00f1o, estando ante otra realidad epidemiol\u00f3gica, la oferta virtual ser\u00e1 solo los d\u00edas martes y jueves comenzando el 16 de agosto, con charlas sobre qu\u00e9 es ser un estudiante del nivel superior, qu\u00e9 es una materia promocional, c\u00f3mo se elige una carrera, mitos y verdades sobre la vida universitaria, conexiones con sistemas de becas, entre otros temas, y puede asistir cualquier persona que est\u00e9 interesada. Se podr\u00e1 acceder a este contenido desde la plataforma de Estudiantes Misioneros, en este link:<\/p>\n\n\n\n<figure class=\"wp-block-embed is-type-wp-embed is-provider-estudiantes-misioneros wp-block-embed-estudiantes-misioneros\"><div class=\"wp-block-embed__wrapper\">\n<blockquote class=\"wp-embedded-content\" data-secret=\"ESQii4UQvb\"><a href=\"https:\/\/estudiantes.guacurari.misiones.gob.ar\/\">inicio 2022<\/a><\/blockquote><iframe class=\"wp-embedded-content\" sandbox=\"allow-scripts\" security=\"restricted\" style=\"position: absolute; clip: rect(1px, 1px, 1px, 1px);\" title=\"\u00abinicio 2022\u00bb \u2014 ESTUDIANTES MISIONEROS\" src=\"https:\/\/estudiantes.guacurari.misiones.gob.ar\/embed#?secret=ESQii4UQvb\" data-secret=\"ESQii4UQvb\" width=\"600\" height=\"338\" frameborder=\"0\" marginwidth=\"0\" marginheight=\"0\" scrolling=\"no\"><\/iframe>\n<\/div><\/figure>\n\n\n\n<p>Comenzando este jueves 4 de agosto, \u00abPromo 2022 en tu Municipio\u00bb se va a llevar adelante en 30 localidades, aprovechando la presencialidad y acercando actividades a distintos puntos de la provincia. Comenzar\u00e1 en la localidad de Arist\u00f3bulo del Valle y adem\u00e1s de charlas habr\u00e1 juegos, folleter\u00eda e informaci\u00f3n de distintas universidades e instituciones. Recordamos a los estudiantes que tambi\u00e9n pueden acceder al Buscador de Carreras en la plataforma de Estudiantes Misioneros, donde van a poder encontrar un resumen de la oferta actualizada disponible en la provincia.<\/p>\n","protected":false},"excerpt":{"rendered":"<p>Con el objetivo de acompa&ntilde;ar a los egresados del &uacute;ltimo a&ntilde;o de la secundaria en su conexi&oacute;n con el nivel superior y universitario, esta semana comienzan las actividades de Promo&hellip; <\/p>\n","protected":false},"author":3,"featured_media":248,"comment_status":"closed","ping_status":"open","sticky":false,"template":"","format":"standard","meta":{"_monsterinsights_skip_tracking":false,"_monsterinsights_sitenote_active":false,"_monsterinsights_sitenote_note":"","_monsterinsights_sitenote_category":0},"categories":[3],"tags":[26],"aioseo_notices":[],"_links":{"self":[{"href":"https:\/\/radionewsmisiones.ar\/site\/wp-json\/wp\/v2\/posts\/246"}],"collection":[{"href":"https:\/\/radionewsmisiones.ar\/site\/wp-json\/wp\/v2\/posts"}],"about":[{"href":"https:\/\/radionewsmisiones.ar\/site\/wp-json\/wp\/v2\/types\/post"}],"author":[{"embeddable":true,"href":"https:\/\/radionewsmisiones.ar\/site\/wp-json\/wp\/v2\/users\/3"}],"replies":[{"embeddable":true,"href":"https:\/\/radionewsmisiones.ar\/site\/wp-json\/wp\/v2\/comments?post=246"}],"version-history":[{"count":1,"href":"https:\/\/radionewsmisiones.ar\/site\/wp-json\/wp\/v2\/posts\/246\/revisions"}],"predecessor-version":[{"id":249,"href":"https:\/\/radionewsmisiones.ar\/site\/wp-json\/wp\/v2\/posts\/246\/revisions\/249"}],"wp:featuredmedia":[{"embeddable":true,"href":"https:\/\/radionewsmisiones.ar\/site\/wp-json\/wp\/v2\/media\/248"}],"wp:attachment":[{"href":"https:\/\/radionewsmisiones.ar\/site\/wp-json\/wp\/v2\/media?parent=246"}],"wp:term":[{"taxonomy":"category","embeddable":true,"href":"https:\/\/radionewsmisiones.ar\/site\/wp-json\/wp\/v2\/categories?post=246"},{"taxonomy":"post_tag","embeddable":true,"href":"https:\/\/radionewsmisiones.ar\/site\/wp-json\/wp\/v2\/tags?post=246"}],"curies":[{"name":"wp","href":"https:\/\/api.w.org\/{rel}","templated":true}]}}