{"id":24694,"date":"2024-08-21T07:15:00","date_gmt":"2024-08-21T10:15:00","guid":{"rendered":"https:\/\/radionewsmisiones.ar\/site\/?p=24694"},"modified":"2024-08-21T06:56:48","modified_gmt":"2024-08-21T09:56:48","slug":"avanza-la-iniciativa-barrios-mas-verdes-en-posadas","status":"publish","type":"post","link":"https:\/\/radionewsmisiones.ar\/site\/locales\/avanza-la-iniciativa-barrios-mas-verdes-en-posadas\/","title":{"rendered":"Avanza la iniciativa \u201cBarrios m\u00e1s Verdes\u201d en Posadas"},"content":{"rendered":"\n<p><em>La Municipalidad de Posadas avanza con la implementaci\u00f3n del programa \u201cBarrios M\u00e1s Verdes\u201d, una iniciativa de la Direcci\u00f3n de Arbolado Urbano que busca revitalizar espacios p\u00fablicos mediante la plantaci\u00f3n de especies nativas y promover el compromiso de los vecinos, especialmente los j\u00f3venes.<\/em><\/p>\n\n\n\n<p>En el contexto de este programa, el barrio Divina Providencia fue uno de los espacios recientemente beneficiados con el programa. Dicha medida tambi\u00e9n se enfoca en mejorar \u00e1reas comunes, como bulevares y plazas, a trav\u00e9s de la intervenci\u00f3n en su arbolado y la restauraci\u00f3n de su entorno.<\/p>\n\n\n\n<p>\u201cBarrios M\u00e1s Verdes se trata de un programa dentro de la Direcci\u00f3n de Arbolado Urbano que comenz\u00f3 el a\u00f1o pasado y este a\u00f1o estamos relanzando. Esta es la cuarta plaza que intervenimos. Son m\u00e1s de 50 barrios en los que trabajamos entre el a\u00f1o pasado y ahora, y tenemos previsto actuar en 20 espacios este a\u00f1o\u201d, explic\u00f3<strong> Juli\u00e1n Chemes,<\/strong> director de Arbolado Urbano de la Municipalidad de Posadas.<\/p>\n\n\n\n<p>El funcionario destac\u00f3 que el objetivo principal del programa es lograr que los vecinos se comprometan con el cuidado de su entorno, y enfatiz\u00f3 como fundamental involucrar a los j\u00f3venes. \u201cBuscamos que ellos sean los que den el puntapi\u00e9 inicial en la protecci\u00f3n del medio ambiente, en conjunto con los presidentes barriales y delegados\u201d, agreg\u00f3.<\/p>\n\n\n\n<figure class=\"wp-block-embed is-type-wp-embed is-provider-radio-news-misiones-89-5-mhz wp-block-embed-radio-news-misiones-89-5-mhz\"><div class=\"wp-block-embed__wrapper\">\n<blockquote class=\"wp-embedded-content\" data-secret=\"cUkQLjYb2S\"><a href=\"https:\/\/radionewsmisiones.ar\/site\/provinciales\/excelente-predisposicion-de-los-vecinos-ante-el-programa-barrios-mas-verdes\/\">Excelente predisposici\u00f3n de los vecinos ante el programa \u201cBarrios m\u00e1s Verdes\u201d<\/a><\/blockquote><iframe class=\"wp-embedded-content\" sandbox=\"allow-scripts\" security=\"restricted\" style=\"position: absolute; clip: rect(1px, 1px, 1px, 1px);\" title=\"\u00abExcelente predisposici\u00f3n de los vecinos ante el programa \u201cBarrios m\u00e1s Verdes\u201d\u00bb \u2014 Radio News Misiones 89.5 Mhz\" src=\"https:\/\/radionewsmisiones.ar\/site\/provinciales\/excelente-predisposicion-de-los-vecinos-ante-el-programa-barrios-mas-verdes\/embed\/#?secret=tNc7sexYGQ#?secret=cUkQLjYb2S\" data-secret=\"cUkQLjYb2S\" width=\"600\" height=\"338\" frameborder=\"0\" marginwidth=\"0\" marginheight=\"0\" scrolling=\"no\"><\/iframe>\n<\/div><\/figure>\n","protected":false},"excerpt":{"rendered":"<p>La Municipalidad de Posadas avanza con la implementaci&oacute;n del programa &ldquo;Barrios M&aacute;s Verdes&rdquo;, una iniciativa de la Direcci&oacute;n de Arbolado Urbano que busca revitalizar espacios p&uacute;blicos mediante la plantaci&oacute;n de&hellip; <\/p>\n","protected":false},"author":5,"featured_media":24695,"comment_status":"closed","ping_status":"closed","sticky":false,"template":"","format":"standard","meta":{"_monsterinsights_skip_tracking":false,"_monsterinsights_sitenote_active":false,"_monsterinsights_sitenote_note":"","_monsterinsights_sitenote_category":0},"categories":[358],"tags":[275,360],"aioseo_notices":[],"_links":{"self":[{"href":"https:\/\/radionewsmisiones.ar\/site\/wp-json\/wp\/v2\/posts\/24694"}],"collection":[{"href":"https:\/\/radionewsmisiones.ar\/site\/wp-json\/wp\/v2\/posts"}],"about":[{"href":"https:\/\/radionewsmisiones.ar\/site\/wp-json\/wp\/v2\/types\/post"}],"author":[{"embeddable":true,"href":"https:\/\/radionewsmisiones.ar\/site\/wp-json\/wp\/v2\/users\/5"}],"replies":[{"embeddable":true,"href":"https:\/\/radionewsmisiones.ar\/site\/wp-json\/wp\/v2\/comments?post=24694"}],"version-history":[{"count":1,"href":"https:\/\/radionewsmisiones.ar\/site\/wp-json\/wp\/v2\/posts\/24694\/revisions"}],"predecessor-version":[{"id":24696,"href":"https:\/\/radionewsmisiones.ar\/site\/wp-json\/wp\/v2\/posts\/24694\/revisions\/24696"}],"wp:featuredmedia":[{"embeddable":true,"href":"https:\/\/radionewsmisiones.ar\/site\/wp-json\/wp\/v2\/media\/24695"}],"wp:attachment":[{"href":"https:\/\/radionewsmisiones.ar\/site\/wp-json\/wp\/v2\/media?parent=24694"}],"wp:term":[{"taxonomy":"category","embeddable":true,"href":"https:\/\/radionewsmisiones.ar\/site\/wp-json\/wp\/v2\/categories?post=24694"},{"taxonomy":"post_tag","embeddable":true,"href":"https:\/\/radionewsmisiones.ar\/site\/wp-json\/wp\/v2\/tags?post=24694"}],"curies":[{"name":"wp","href":"https:\/\/api.w.org\/{rel}","templated":true}]}}