{"id":26458,"date":"2024-09-23T20:08:56","date_gmt":"2024-09-23T23:08:56","guid":{"rendered":"https:\/\/radionewsmisiones.ar\/site\/?p=26458"},"modified":"2024-09-23T20:09:00","modified_gmt":"2024-09-23T23:09:00","slug":"jura-del-nuevo-procurador-general-de-la-provincia","status":"publish","type":"post","link":"https:\/\/radionewsmisiones.ar\/site\/provinciales\/jura-del-nuevo-procurador-general-de-la-provincia\/","title":{"rendered":"Jura del nuevo Procurador General de la Provincia"},"content":{"rendered":"\n<p>Luego que, el pasado 5 de septiembre, el Poder Legislativo misionero aprobara los pliegos propuestos por el Gobernador, el Poder Judicial puso en funciones al nuevo Procurador General de la Provincia, Carlos Jorge Gim\u00e9nez, en la ceremonia de toma de juramento.<\/p>\n\n\n\n<p>El hall de entrada del Edificio de Tribunales de Posadas fue el escenario para el acto este lunes23, que dio inicio a las 11hs., con gran convocatoria de personal judicial; autoridades de organismos provinciales y nacionales e invitados especiales.<\/p>\n\n\n\n<figure class=\"wp-block-image size-large\"><img loading=\"lazy\" width=\"1024\" height=\"405\" src=\"https:\/\/radionewsmisiones.ar\/site\/wp-content\/uploads\/2024\/09\/foto-1-a-1024x405.png\" alt=\"\" class=\"wp-image-26460\" srcset=\"https:\/\/radionewsmisiones.ar\/site\/wp-content\/uploads\/2024\/09\/foto-1-a-1024x405.png 1024w, https:\/\/radionewsmisiones.ar\/site\/wp-content\/uploads\/2024\/09\/foto-1-a-300x119.png 300w, https:\/\/radionewsmisiones.ar\/site\/wp-content\/uploads\/2024\/09\/foto-1-a-768x304.png 768w, https:\/\/radionewsmisiones.ar\/site\/wp-content\/uploads\/2024\/09\/foto-1-a.png 1505w\" sizes=\"(max-width: 1024px) 100vw, 1024px\" \/><\/figure>\n\n\n\n<p>Venchiarutti Sartori fue acompa\u00f1ada por sus pares los ministros: Cristian Marcelo Ben\u00edtez, Roberto Rub\u00e9n Uset, Juan Manuel D\u00edaz, Ramona Beatriz Vel\u00e1zquez, Jorge Antonio Rojas y Cristina Irene Leiva.<\/p>\n\n\n\n<p>Junto a la Presidente estuvieron presentes autoridades del Poder Ejecutivo Provincial: Hugo Passalacqua, gobernador de la provincia de Misiones y Oscar Herrera Ahuad, Presidente de la C\u00e1mara de Representantes.<\/p>\n\n\n\n<p>V\u00edctor Hugo Marinoni, secretario general administrativo, procedi\u00f3 a la lectura del decreto de designaci\u00f3n y la presidente del Superior Tribunal de Justicia tom\u00f3 juramento a Gim\u00e9nez quien lo hizo por Dios, la Patria y los Santos Evangelios. Adem\u00e1s Gim\u00e9nez exclam\u00f3 \u201cPor mi honor, por mis padres, por mi familia, por el amor de mis hijos y por respecto al pueblo misionero\u2026 s\u00ed juro\u201d.<\/p>\n\n\n\n<p>De esta manera, el acta fue firmada por las autoridades y el p\u00fablico que as\u00ed lo quiso al finalizar la ceremonia.<\/p>\n\n\n\n<p>La Presidente del Superior Tribunal hizo alusi\u00f3n al conmovedor evento con palabras en las que destac\u00f3 la carrera del \u201cjoven Procurador\u201d desde sus inicios y record\u00f3 un momento en el que ante una situaci\u00f3n de desventaja de un vulnerable \u00e9l dijo: \u201cYo sigo hasta ac\u00e1 doctora, no puedo seguir\u201d a lo que la magistrada lo inst\u00f3 \u201ctom\u00e9monos un tiempo, lo charlamos, le expliqu\u00e9 que no era la soluci\u00f3n, deb\u00edamos buscar una salida menos dolorosa. Sin embargo me qued\u00f3 esa primera impresi\u00f3n que uno se puede endurecer hasta el fin pero sin perder la ternura jam\u00e1s\u201d.<\/p>\n\n\n\n<p>El doctor Gim\u00e9nez pas\u00f3 a formar parte de la familia judicial y aqu\u00ed me voy a detener porque uno es esclavo de lo que proclama y de lo que pregona. Hemos logrado una hermosa ley, que es del lenguaje claro y si se\u00f1ores lenguaje claro, estamos hablando de Carl\u00edn.<\/p>\n\n\n\n<p>A partir de ahora yo quiero hablarle a Carl\u00edn, al colega, con quien despu\u00e9s de eso compartimos muchas cosas, muchas luchas, muchos encuentros, capacitaciones, estudiamos y festejamos porque de eso se trata tambi\u00e9n la vida de ser un servidor de la Justicia.<\/p>\n\n\n\n<p>Tiempo despu\u00e9s llega esta designaci\u00f3n, que a todos nos llena de alegr\u00eda porque estamos ante un hijo de la democracia y este es un actor de un estado de derecho.<\/p>\n\n\n\n<p>Para finalizar, la Presidente cit\u00f3 a Bertolt Brecht diciendo: \u201cHay hombres que luchan un d\u00eda y son buenos. Hay hombres que luchan una semana y son mejores. Pero est\u00e1n los que luchan toda una vida, esos son los imprescindibles\u201d.<\/p>\n\n\n\n<p>En nombre del Poder Judicial y del pueblo misionero te pedimos: \u201cluch\u00e1, volvete imprescindible. Y para cuando esto suceda y haya tiempos oscuros y duros, para ese momento, aqu\u00ed estamos con ternura, que es nuestra \u00fanica bandera. Muchas gracias.\u201d<\/p>\n\n\n\n<p>El acto cont\u00f3 con la presencia, adem\u00e1s, de ministros y subsecretarios del Poder Ejecutivo de Misiones; magistrados y funcionarios de la Justicia Federal y Provincial; intendentes de los distintos municipios de la Provincia; representantes de la Asociaci\u00f3n de Magistrados y Funcionarios; Colegio de Abogados; representantes de Entes Descentralizados; diputados y secretarios del Poder Legislativo; autoridades de las Fuerzas Armadas y de Seguridad de la provincia de Misiones; miembros del Consejo de la Magistratura misionera; autoridades de las universidades; agentes del Poder Judicial; representantes del Gremio judicial; familiares; amigos e invitados especiales.<\/p>\n","protected":false},"excerpt":{"rendered":"<p>Luego que, el pasado 5 de septiembre, el Poder Legislativo misionero aprobara los pliegos propuestos por el Gobernador, el Poder Judicial puso en funciones al nuevo Procurador General de la&hellip; <\/p>\n","protected":false},"author":3,"featured_media":26461,"comment_status":"closed","ping_status":"closed","sticky":false,"template":"","format":"standard","meta":{"_monsterinsights_skip_tracking":false,"_monsterinsights_sitenote_active":false,"_monsterinsights_sitenote_note":"","_monsterinsights_sitenote_category":0},"categories":[3],"tags":[29],"aioseo_notices":[],"_links":{"self":[{"href":"https:\/\/radionewsmisiones.ar\/site\/wp-json\/wp\/v2\/posts\/26458"}],"collection":[{"href":"https:\/\/radionewsmisiones.ar\/site\/wp-json\/wp\/v2\/posts"}],"about":[{"href":"https:\/\/radionewsmisiones.ar\/site\/wp-json\/wp\/v2\/types\/post"}],"author":[{"embeddable":true,"href":"https:\/\/radionewsmisiones.ar\/site\/wp-json\/wp\/v2\/users\/3"}],"replies":[{"embeddable":true,"href":"https:\/\/radionewsmisiones.ar\/site\/wp-json\/wp\/v2\/comments?post=26458"}],"version-history":[{"count":1,"href":"https:\/\/radionewsmisiones.ar\/site\/wp-json\/wp\/v2\/posts\/26458\/revisions"}],"predecessor-version":[{"id":26462,"href":"https:\/\/radionewsmisiones.ar\/site\/wp-json\/wp\/v2\/posts\/26458\/revisions\/26462"}],"wp:featuredmedia":[{"embeddable":true,"href":"https:\/\/radionewsmisiones.ar\/site\/wp-json\/wp\/v2\/media\/26461"}],"wp:attachment":[{"href":"https:\/\/radionewsmisiones.ar\/site\/wp-json\/wp\/v2\/media?parent=26458"}],"wp:term":[{"taxonomy":"category","embeddable":true,"href":"https:\/\/radionewsmisiones.ar\/site\/wp-json\/wp\/v2\/categories?post=26458"},{"taxonomy":"post_tag","embeddable":true,"href":"https:\/\/radionewsmisiones.ar\/site\/wp-json\/wp\/v2\/tags?post=26458"}],"curies":[{"name":"wp","href":"https:\/\/api.w.org\/{rel}","templated":true}]}}