{"id":26463,"date":"2024-09-23T20:11:16","date_gmt":"2024-09-23T23:11:16","guid":{"rendered":"https:\/\/radionewsmisiones.ar\/site\/?p=26463"},"modified":"2024-09-23T20:11:20","modified_gmt":"2024-09-23T23:11:20","slug":"posadas-cronograma-de-fumigaciones","status":"publish","type":"post","link":"https:\/\/radionewsmisiones.ar\/site\/provinciales\/posadas-cronograma-de-fumigaciones\/","title":{"rendered":"Posadas: Cronograma de fumigaciones"},"content":{"rendered":"\n<p>Se da a conocer el nuevo cronograma de fumigaciones durante esta semana, con el fin de combatir la proliferaci\u00f3n de mosquitos y otros insectos transmisores de enfermedades. El operativo comenzar\u00e1 el lunes 23 de septiembre y se extender\u00e1 hasta el viernes 27, abarcando varios sectores.<\/p>\n\n\n\n<figure class=\"wp-block-image size-large\"><img loading=\"lazy\" width=\"867\" height=\"1024\" src=\"https:\/\/radionewsmisiones.ar\/site\/wp-content\/uploads\/2024\/09\/WhatsApp-Image-2024-09-23-at-11.07.00-867x1024.jpeg\" alt=\"\" class=\"wp-image-26464\" srcset=\"https:\/\/radionewsmisiones.ar\/site\/wp-content\/uploads\/2024\/09\/WhatsApp-Image-2024-09-23-at-11.07.00-867x1024.jpeg 867w, https:\/\/radionewsmisiones.ar\/site\/wp-content\/uploads\/2024\/09\/WhatsApp-Image-2024-09-23-at-11.07.00-254x300.jpeg 254w, https:\/\/radionewsmisiones.ar\/site\/wp-content\/uploads\/2024\/09\/WhatsApp-Image-2024-09-23-at-11.07.00-768x907.jpeg 768w, https:\/\/radionewsmisiones.ar\/site\/wp-content\/uploads\/2024\/09\/WhatsApp-Image-2024-09-23-at-11.07.00.jpeg 1080w\" sizes=\"(max-width: 867px) 100vw, 867px\" \/><\/figure>\n\n\n\n<p>A continuaci\u00f3n, el detalle del cronograma:<\/p>\n\n\n\n<ul><li>Lunes 23 de septiembre: Chacra 251 &#8211; 16:30 hs.<\/li><li>Martes 24 de septiembre: Chacra 240 &#8211; 16:30 hs.<\/li><li>Mi\u00e9rcoles 25 de septiembre: Chacra 253 &#8211; 16:30 hs.<\/li><li>Jueves 26 de septiembre: Chacra 145 &#8211; 16:30 hs.<\/li><li>Viernes 27 de septiembre: Chacra 144 &#8211; 16:30 hs.<\/li><\/ul>\n\n\n\n<p>La Municipalidad de Posadas recomienda a los vecinos mantener las ventanas y puertas cerradas durante las fumigaciones, y retirar los objetos del exterior que puedan acumular agua, ya que estos son lugares propicios para la reproducci\u00f3n de mosquitos.<\/p>\n","protected":false},"excerpt":{"rendered":"<p>Se da a conocer el nuevo cronograma de fumigaciones durante esta semana, con el fin de combatir la proliferaci&oacute;n de mosquitos y otros insectos transmisores de enfermedades. El operativo comenzar&aacute;&hellip; <\/p>\n","protected":false},"author":3,"featured_media":26464,"comment_status":"closed","ping_status":"closed","sticky":false,"template":"","format":"standard","meta":{"_monsterinsights_skip_tracking":false,"_monsterinsights_sitenote_active":false,"_monsterinsights_sitenote_note":"","_monsterinsights_sitenote_category":0},"categories":[3],"tags":[22],"aioseo_notices":[],"_links":{"self":[{"href":"https:\/\/radionewsmisiones.ar\/site\/wp-json\/wp\/v2\/posts\/26463"}],"collection":[{"href":"https:\/\/radionewsmisiones.ar\/site\/wp-json\/wp\/v2\/posts"}],"about":[{"href":"https:\/\/radionewsmisiones.ar\/site\/wp-json\/wp\/v2\/types\/post"}],"author":[{"embeddable":true,"href":"https:\/\/radionewsmisiones.ar\/site\/wp-json\/wp\/v2\/users\/3"}],"replies":[{"embeddable":true,"href":"https:\/\/radionewsmisiones.ar\/site\/wp-json\/wp\/v2\/comments?post=26463"}],"version-history":[{"count":1,"href":"https:\/\/radionewsmisiones.ar\/site\/wp-json\/wp\/v2\/posts\/26463\/revisions"}],"predecessor-version":[{"id":26465,"href":"https:\/\/radionewsmisiones.ar\/site\/wp-json\/wp\/v2\/posts\/26463\/revisions\/26465"}],"wp:featuredmedia":[{"embeddable":true,"href":"https:\/\/radionewsmisiones.ar\/site\/wp-json\/wp\/v2\/media\/26464"}],"wp:attachment":[{"href":"https:\/\/radionewsmisiones.ar\/site\/wp-json\/wp\/v2\/media?parent=26463"}],"wp:term":[{"taxonomy":"category","embeddable":true,"href":"https:\/\/radionewsmisiones.ar\/site\/wp-json\/wp\/v2\/categories?post=26463"},{"taxonomy":"post_tag","embeddable":true,"href":"https:\/\/radionewsmisiones.ar\/site\/wp-json\/wp\/v2\/tags?post=26463"}],"curies":[{"name":"wp","href":"https:\/\/api.w.org\/{rel}","templated":true}]}}