{"id":26466,"date":"2024-09-23T20:20:37","date_gmt":"2024-09-23T23:20:37","guid":{"rendered":"https:\/\/radionewsmisiones.ar\/site\/?p=26466"},"modified":"2024-09-23T20:20:42","modified_gmt":"2024-09-23T23:20:42","slug":"la-legislatura-reconoce-a-mujeres-que-transformaron-la-historia-de-misiones","status":"publish","type":"post","link":"https:\/\/radionewsmisiones.ar\/site\/provinciales\/la-legislatura-reconoce-a-mujeres-que-transformaron-la-historia-de-misiones\/","title":{"rendered":"La Legislatura reconoce a mujeres que transformaron la historia de Misiones"},"content":{"rendered":"\n<p><strong>La distinci\u00f3n en formato de muestra, titulada \u201cMujeres marcando historia\u201d, estar\u00e1 disponible al p\u00fablico en el hall del Edificio Hist\u00f3rico del Parlamento Misionero hasta el martes 1 de octubre. Permitir\u00e1 a quienes la recorran conocer el valioso aporte de estas mujeres a la historia de Misiones. Esta actividad se desarrolla en el contexto del aniversario de los derechos pol\u00edticos de la mujer en Argentina.&nbsp;<\/strong><\/p>\n\n\n\n<figure class=\"wp-block-image size-large\"><img loading=\"lazy\" width=\"1024\" height=\"737\" src=\"https:\/\/radionewsmisiones.ar\/site\/wp-content\/uploads\/2024\/09\/DSC_0538-1024x737.jpg\" alt=\"\" class=\"wp-image-26467\" srcset=\"https:\/\/radionewsmisiones.ar\/site\/wp-content\/uploads\/2024\/09\/DSC_0538-1024x737.jpg 1024w, https:\/\/radionewsmisiones.ar\/site\/wp-content\/uploads\/2024\/09\/DSC_0538-300x216.jpg 300w, https:\/\/radionewsmisiones.ar\/site\/wp-content\/uploads\/2024\/09\/DSC_0538-768x553.jpg 768w, https:\/\/radionewsmisiones.ar\/site\/wp-content\/uploads\/2024\/09\/DSC_0538-1536x1106.jpg 1536w, https:\/\/radionewsmisiones.ar\/site\/wp-content\/uploads\/2024\/09\/DSC_0538-2048x1475.jpg 2048w\" sizes=\"(max-width: 1024px) 100vw, 1024px\" \/><\/figure>\n\n\n\n<p>Las homenajeadas son: Mar\u00eda Eva Duarte de Per\u00f3n, Elena A\u00edda Fern\u00edcola, Dalila In\u00e9s Fern\u00edcola, Amena Paula Carub\u00edn de Di Nallo, Mar\u00eda Elvira Baldi de Luj\u00e1n, Marta Julia Bonetti, Celestina Lidubina de Boni Amores, Nilda Mabel G\u00f3mez de Marelli, Elba Mar\u00eda Chaparro, Catalina Arga\u00f1araz, \u00c9lida Vigo, Marta Alicia Poggiese de Oud\u00edn, Mercedes Oviedo, Julia Argentina Peri\u00e9, Sandra Daniela Gimenez, Stella Maris Leververg, Suzel Vaider, Claudia Noem\u00ed Gauto, Cristina Leiva, Ramona Vel\u00e1zquez, Viviana Rovira, Mar\u00eda Laura Niveyro, Rosanna P\u00eda Venchiarutti Sartori, Paula Franco, Alicia Penayo, Luciana Lewandowski, L\u00eda Fabiola Bianco, Virginia Kluka, Romina Faccio, F\u00e1tima Cabrera, Silvia Estigarribia, Mar\u00eda Eugenia Safr\u00e1n, Celia Smiak, Claudia Acu\u00f1a, Antonia Medina, Mirtha Lezcano, Silvana Gim\u00e9nez, Liliana Rodr\u00edguez y Marta Ferreira.<\/p>\n\n\n\n<p>En la apertura de la muestra el presidente de la Legislatura, Oscar Herrera Ahuad, destac\u00f3 la importancia de reconocer el papel de las mujeres en la construcci\u00f3n de la provincia: \u00abEste homenaje refleja nuestro compromiso con todas las mujeres misioneras que han trabajado incansablemente, muchas veces sin ser funcionarias, legisladoras o intendentas, pero que hicieron much\u00edsimo por esta democracia y nuestra provincia\u00bb. Herrera subray\u00f3 que, a trav\u00e9s de la muestra, quienes visiten la C\u00e1mara podr\u00e1n conocer el valioso aporte de estas mujeres al desarrollo social y pol\u00edtico de Misiones.<\/p>\n\n\n\n<p>Adem\u00e1s, Herrera Ahuad puso en valor el trabajo de aquellas mujeres que no siempre aparecen en los medios, pero que han dejado una huella profunda en la vida pol\u00edtica y social de la provincia. \u00abHoy quiero que ustedes representen a todas esas mujeres que, d\u00eda a d\u00eda, no aparecen en los diarios, pero hicieron much\u00edsimo por nuestra provincia. Ustedes, con su militancia y dedicaci\u00f3n, representan a miles de mujeres que tienen una historia rica en la pol\u00edtica y en la construcci\u00f3n social\u00bb, expres\u00f3, destacando el rol esencial de las mujeres en el crecimiento de la sociedad misionera.<\/p>\n\n\n\n<p>Para cerrar, el presidente de la Legislatura enfatiz\u00f3 la relevancia de la pol\u00edtica y la militancia como herramientas de transformaci\u00f3n. \u00abHoy, que tanto se discute si la pol\u00edtica o la militancia son necesarias, este es un verdadero ejemplo de que nosotros, que venimos del mismo lugar, seguimos aprendiendo de ustedes. Queremos que esta l\u00ednea del tiempo sea un testimonio para todos los que vengan a la C\u00e1mara, que puedan ver c\u00f3mo estas mujeres han construido nuestra provincia. Gracias por lo que hacen y por lo que seguir\u00e1n haciendo por Misiones\u00bb, concluy\u00f3.&nbsp;<\/p>\n\n\n\n<p>Por su parte, la diputada Suzel Vaider tambi\u00e9n se dirigi\u00f3 a los presentes con palabras de gratitud y reflexi\u00f3n. \u00abEs un honor poder estar hoy aqu\u00ed y ver concretado este reconocimiento, que no hubiese sido posible sin el apoyo de mi equipo y el espacio brindado por esta Legislatura\u00bb, se\u00f1al\u00f3. Vaider destac\u00f3 el esfuerzo detr\u00e1s de la preparaci\u00f3n de la muestra: \u00abNo somos expertos en historia, pero nos dedicamos a investigar y descubrir las biograf\u00edas de muchas de las mujeres que est\u00e1n aqu\u00ed hoy, y tambi\u00e9n de muchas que no conoc\u00edamos. La idea fue armar una primera l\u00ednea del tiempo que represente, de manera simb\u00f3lica, el camino que estas mujeres recorrieron\u00bb.<\/p>\n\n\n\n<p>Asimismo, Vaider remarc\u00f3 la importancia de seguir visibilizando el aporte de las mujeres en la pol\u00edtica y la sociedad. \u00abCada una de las mujeres que aparece en esta l\u00ednea del tiempo ha dejado una marca, pero sabemos que detr\u00e1s de esos hechos visibles hay mucho m\u00e1s. Cada una de ustedes, y cada una de las mujeres que no aparece en esta muestra, ha hecho una contribuci\u00f3n inmensa a nuestra sociedad\u00bb, expres\u00f3. A su vez, hizo una menci\u00f3n especial a Eva Per\u00f3n, reconociendo su legado en la lucha por los derechos de las mujeres: \u00abNo podemos olvidar, en un d\u00eda como hoy, todo lo que Evita logr\u00f3 y sigue inspirando en nosotras. Su fuerza y su legado est\u00e1n presentes en cada una de estas historias\u00bb.<\/p>\n\n\n\n<p>Finalmente, la diputada comparti\u00f3 con el p\u00fablico un anuncio que busca perpetuar este reconocimiento en el tiempo: \u00abHemos creado una p\u00e1gina de Facebook y otra de Instagram para seguir construyendo esta plataforma de ideas, propuestas y relatos. La historia de estas mujeres no se termina aqu\u00ed, y queremos seguir recopilando sus historias y las de muchas otras mujeres. Esta es una invitaci\u00f3n a reconocernos y a darnos fuerza, porque a veces la necesitamos\u00bb, finaliz\u00f3.<\/p>\n","protected":false},"excerpt":{"rendered":"<p>La distinci&oacute;n en formato de muestra, titulada &ldquo;Mujeres marcando historia&rdquo;, estar&aacute; disponible al p&uacute;blico en el hall del Edificio Hist&oacute;rico del Parlamento Misionero hasta el martes 1 de octubre. Permitir&aacute;&hellip; <\/p>\n","protected":false},"author":3,"featured_media":26468,"comment_status":"closed","ping_status":"closed","sticky":false,"template":"","format":"standard","meta":{"_monsterinsights_skip_tracking":false,"_monsterinsights_sitenote_active":false,"_monsterinsights_sitenote_note":"","_monsterinsights_sitenote_category":0},"categories":[3],"tags":[7],"aioseo_notices":[],"_links":{"self":[{"href":"https:\/\/radionewsmisiones.ar\/site\/wp-json\/wp\/v2\/posts\/26466"}],"collection":[{"href":"https:\/\/radionewsmisiones.ar\/site\/wp-json\/wp\/v2\/posts"}],"about":[{"href":"https:\/\/radionewsmisiones.ar\/site\/wp-json\/wp\/v2\/types\/post"}],"author":[{"embeddable":true,"href":"https:\/\/radionewsmisiones.ar\/site\/wp-json\/wp\/v2\/users\/3"}],"replies":[{"embeddable":true,"href":"https:\/\/radionewsmisiones.ar\/site\/wp-json\/wp\/v2\/comments?post=26466"}],"version-history":[{"count":1,"href":"https:\/\/radionewsmisiones.ar\/site\/wp-json\/wp\/v2\/posts\/26466\/revisions"}],"predecessor-version":[{"id":26469,"href":"https:\/\/radionewsmisiones.ar\/site\/wp-json\/wp\/v2\/posts\/26466\/revisions\/26469"}],"wp:featuredmedia":[{"embeddable":true,"href":"https:\/\/radionewsmisiones.ar\/site\/wp-json\/wp\/v2\/media\/26468"}],"wp:attachment":[{"href":"https:\/\/radionewsmisiones.ar\/site\/wp-json\/wp\/v2\/media?parent=26466"}],"wp:term":[{"taxonomy":"category","embeddable":true,"href":"https:\/\/radionewsmisiones.ar\/site\/wp-json\/wp\/v2\/categories?post=26466"},{"taxonomy":"post_tag","embeddable":true,"href":"https:\/\/radionewsmisiones.ar\/site\/wp-json\/wp\/v2\/tags?post=26466"}],"curies":[{"name":"wp","href":"https:\/\/api.w.org\/{rel}","templated":true}]}}