{"id":26470,"date":"2024-09-23T20:31:26","date_gmt":"2024-09-23T23:31:26","guid":{"rendered":"https:\/\/radionewsmisiones.ar\/site\/?p=26470"},"modified":"2024-09-23T20:31:29","modified_gmt":"2024-09-23T23:31:29","slug":"ate-convoco-a-un-paro-para-el-jueves-y-alerto-por-nueva-ola-de-despidos-en-el-estado","status":"publish","type":"post","link":"https:\/\/radionewsmisiones.ar\/site\/nacionales\/ate-convoco-a-un-paro-para-el-jueves-y-alerto-por-nueva-ola-de-despidos-en-el-estado\/","title":{"rendered":"ATE convoc\u00f3 a un paro para el jueves y alert\u00f3 por nueva ola de despidos en el Estado"},"content":{"rendered":"\n<p>Frente a una posible nueva ola de despidos en el Estado, la Asociaci\u00f3n de Trabajadores del Estado (ATE) defini\u00f3 este lunes un nuevo paro con movilizaci\u00f3n a Plaza de Mayo para este jueves 26 de septiembre. El gremio present\u00f3 en la Justicia una medida cautelar para frenar las cesant\u00edas del gobierno de Javier Milei.<\/p>\n\n\n\n<figure class=\"wp-block-video\"><video controls src=\"https:\/\/radionewsmisiones.ar\/site\/wp-content\/uploads\/2024\/09\/ate.mp4\"><\/video><\/figure>\n\n\n\n<p>\u201cEl Gobierno que hace nueve meses nos declar\u00f3 la guerra no pasa por su mejor momento, y nosotros tenemos que seguir golpe\u00e1ndolo. Tenemos que pasar de la resistencia al ataque para evitar nuevas cesant\u00edas masivas a fin de mes\u201d, se\u00f1al\u00f3 Rodolfo Aguiar, Secretario General de ATE Nacional. Y agreg\u00f3: \u201cNo vamos a tolerar una sola cesant\u00eda ilegal m\u00e1s. Este Estado si todav\u00eda brinda servicios es gracias al esfuerzo y sacrificio casi sobrehumano de sus trabajadores a lo largo y a lo ancho del pa\u00eds\u201d.<\/p>\n\n\n\n<p>En una asamblea masiva, m\u00e1s de mil delegados votaron esta tarde en favor de la medida de fuerza que en la Ciudad contar\u00e1 con cese de tareas, retiros de los lugares de trabajo a partir del mediod\u00eda y una olla popular frente a la Casa Rosada. En tanto que en cada una de las provincias definir\u00e1 la modalidad que tendr\u00e1n las protestas en sus distritos.<\/p>\n\n\n\n<p><strong>\u201cTenemos que seguir convocando a la m\u00e1xima unidad de todos los sectores. Los estatales no nos vamos a salvar solos\u00bb, dijo Aguiar y esboz\u00f3 un paralelismo con lo ocurrido durante el gobierno de Cambiemos: \u00abMacri perdi\u00f3 en las urnas porque antes hab\u00eda perdido en las calles. Es con movilizaci\u00f3n popular que tenemos que seguir construyendo la derrota de Milei y de su Gobierno\u201d.<\/strong><\/p>\n","protected":false},"excerpt":{"rendered":"<p>Frente a una posible nueva ola de despidos en el Estado, la Asociaci&oacute;n de Trabajadores del Estado (ATE) defini&oacute; este lunes un nuevo paro con movilizaci&oacute;n a Plaza de Mayo&hellip; <\/p>\n","protected":false},"author":3,"featured_media":26472,"comment_status":"closed","ping_status":"closed","sticky":false,"template":"","format":"standard","meta":{"_monsterinsights_skip_tracking":false,"_monsterinsights_sitenote_active":false,"_monsterinsights_sitenote_note":"","_monsterinsights_sitenote_category":0},"categories":[4],"tags":[504],"aioseo_notices":[],"_links":{"self":[{"href":"https:\/\/radionewsmisiones.ar\/site\/wp-json\/wp\/v2\/posts\/26470"}],"collection":[{"href":"https:\/\/radionewsmisiones.ar\/site\/wp-json\/wp\/v2\/posts"}],"about":[{"href":"https:\/\/radionewsmisiones.ar\/site\/wp-json\/wp\/v2\/types\/post"}],"author":[{"embeddable":true,"href":"https:\/\/radionewsmisiones.ar\/site\/wp-json\/wp\/v2\/users\/3"}],"replies":[{"embeddable":true,"href":"https:\/\/radionewsmisiones.ar\/site\/wp-json\/wp\/v2\/comments?post=26470"}],"version-history":[{"count":1,"href":"https:\/\/radionewsmisiones.ar\/site\/wp-json\/wp\/v2\/posts\/26470\/revisions"}],"predecessor-version":[{"id":26473,"href":"https:\/\/radionewsmisiones.ar\/site\/wp-json\/wp\/v2\/posts\/26470\/revisions\/26473"}],"wp:featuredmedia":[{"embeddable":true,"href":"https:\/\/radionewsmisiones.ar\/site\/wp-json\/wp\/v2\/media\/26472"}],"wp:attachment":[{"href":"https:\/\/radionewsmisiones.ar\/site\/wp-json\/wp\/v2\/media?parent=26470"}],"wp:term":[{"taxonomy":"category","embeddable":true,"href":"https:\/\/radionewsmisiones.ar\/site\/wp-json\/wp\/v2\/categories?post=26470"},{"taxonomy":"post_tag","embeddable":true,"href":"https:\/\/radionewsmisiones.ar\/site\/wp-json\/wp\/v2\/tags?post=26470"}],"curies":[{"name":"wp","href":"https:\/\/api.w.org\/{rel}","templated":true}]}}