{"id":26479,"date":"2024-09-24T08:52:28","date_gmt":"2024-09-24T11:52:28","guid":{"rendered":"https:\/\/radionewsmisiones.ar\/site\/?p=26479"},"modified":"2024-09-24T08:52:40","modified_gmt":"2024-09-24T11:52:40","slug":"el-presupuesto-participativo-ya-tiene-su-ganador-en-alem","status":"publish","type":"post","link":"https:\/\/radionewsmisiones.ar\/site\/provinciales\/el-presupuesto-participativo-ya-tiene-su-ganador-en-alem\/","title":{"rendered":"El Presupuesto Participativo ya tiene su ganador en Alem"},"content":{"rendered":"\n<p><em>En una hist\u00f3rica jornada, por primera vez vecinos de una zona de la ciudad votaron y eligieron la obra que quieren que se ejecute en su barrio<\/em><\/p>\n\n\n\n<figure class=\"wp-block-image size-large\"><img loading=\"lazy\" width=\"1024\" height=\"683\" src=\"https:\/\/radionewsmisiones.ar\/site\/wp-content\/uploads\/2024\/09\/WhatsApp-Image-2024-09-24-at-08.49.07-1024x683.jpeg\" alt=\"\" class=\"wp-image-26480\" srcset=\"https:\/\/radionewsmisiones.ar\/site\/wp-content\/uploads\/2024\/09\/WhatsApp-Image-2024-09-24-at-08.49.07-1024x683.jpeg 1024w, https:\/\/radionewsmisiones.ar\/site\/wp-content\/uploads\/2024\/09\/WhatsApp-Image-2024-09-24-at-08.49.07-300x200.jpeg 300w, https:\/\/radionewsmisiones.ar\/site\/wp-content\/uploads\/2024\/09\/WhatsApp-Image-2024-09-24-at-08.49.07-768x512.jpeg 768w, https:\/\/radionewsmisiones.ar\/site\/wp-content\/uploads\/2024\/09\/WhatsApp-Image-2024-09-24-at-08.49.07-1536x1024.jpeg 1536w, https:\/\/radionewsmisiones.ar\/site\/wp-content\/uploads\/2024\/09\/WhatsApp-Image-2024-09-24-at-08.49.07-2048x1365.jpeg 2048w\" sizes=\"(max-width: 1024px) 100vw, 1024px\" \/><\/figure>\n\n\n\n<p><strong>Leandro N. Alem<\/strong> \u2013 Proponer ideas, debatir, consensuar y generar proyectos. Socializarlos, conseguir avales y entender la din\u00e1mica de c\u00f3mo se ejecutan los recursos del Estado en un ejercicio de construcci\u00f3n de ciudadan\u00eda a lo largo de varios meses que llevaron a cabo en \u00e9sta ciudad dentro del marco del&nbsp; Programa del Presupuesto Participativo (PPP) implementado \u00e9ste a\u00f1o por primera vez en su historia aunque sus impronta ya hab\u00edan sido incorporada a la Carta Org\u00e1nica Municipal (COM) en el a\u00f1o 2001.<\/p>\n\n\n\n<p>As\u00ed, \u00e9ste domingo \u00faltimo el PPP tuvo su d\u00eda de elecci\u00f3n directa donde 228 vecinos de la zona n\u00famero 1 que comprenden barrios como el Jos\u00e9 Sartori, Espacio Verde, 20 de Junio y otros; convergieron desde las 9 y hasta las 15 horas a emitir su sufragio y decidir donde, cuando y de qu\u00e9 manera la Municipalidad debe llevar adelante su obra.<\/p>\n\n\n\n<p><strong>Proceso<br><\/strong>Una sucesi\u00f3n de hechos que comenzaron cuando el intendente local propone en sesiones extraordinarias de diciembre de 2023 un paquete de ordenanzas que le permitir\u00edan un plan de gobierno con una fuerte impronta en la modernizaci\u00f3n del Estado.<\/p>\n\n\n\n<p>En ese momento los ediles de la ciudad aprueban la ordenanza 053\/2023 que divide la ciudad en 4 zonas donde se proyecta el funcionamiento de sedes municipales que permitan la descentralizaci\u00f3n efectiva, siendo la zona1 la comprendida por los barrios de Avenida Maip\u00fa, 20 de Junio, Ricardo Balb\u00edn, Espacio Verde, zona Yepes entre otros siendo \u00e9ste sector de la ciudad carente de muchos recursos b\u00e1sicos y es lo que lleva a Mat\u00edas Sebely a determinar que \u00e9sta ser\u00eda la zona donde el PPP deber\u00eda enfocarse en trabajar como prueba piloto.<\/p>\n\n\n\n<p>Desde principios del 2024 un equipo del Centro Misionero de Estudios Regionales (CEMER) encabezado por Valeria Jaquemin, Mariano Pianovi, Alejandra Fern\u00e1ndez y Alicia Pokolenko, comenzaron el trabajo de capacitaci\u00f3n a los que ser\u00edan luego los cuadros t\u00e9cnicos coordinados por Horacio Ortiz y bajo la \u00f3rbita de la secretar\u00eda de gobierno y protecci\u00f3n ciudadana a cargo de Javier Cassoni.<\/p>\n\n\n\n<p>Con la aprobaci\u00f3n de la Ordenanza 014\/2024 por parte del Honorable Concejo Deliberante presidido por Helard Feltan comienzan a desarrollarse el cronograma de asambleas en la zona 1 dividida en 5 sub zonas donde 63 perfiles de proyectos fueron elaborados por los vecinos quedando luego de las viabilidades t\u00e9cnicas 9 proyectos finalistas que se sometieron a la voluntad de los vecinos el domingo \u00faltimo.<\/p>\n\n\n\n<p><strong>Convicci\u00f3n y presencia nacional<\/strong><\/p>\n\n\n\n<p>La fuerte decisi\u00f3n pol\u00edtica de Sebely de llevar adelante el PPP fue clave a la hora de evaluar el ahora exitoso y disruptivo mecanismo de participaci\u00f3n porque \u201cmas all\u00e1 de la presencia de los vecinos y su empoderamiento nos ha marcado fuertemente la direcci\u00f3n hacia donde ellos quieren que el estado municipal ejecute en sus \u00e1mbitos\u201d se\u00f1alaba el alcalde en di\u00e1logo con los medios.<\/p>\n\n\n\n<p>Asimismo reconoci\u00f3 que \u201cal principio y como todo lo nuevo genera dudas a muchas personas, recibimos muchas visiones que nos dec\u00edan que pod\u00eda no funcionar, que era muy complejo, etc pero todos los que est\u00e1bamos en \u00e9sto sab\u00edamos que lo mejor que le puede pasar a nuestra democracia es que se construya ciudadan\u00eda desde las bases de los vecinos hacia sus dirigentes y no al rev\u00e9s como por ah\u00ed estuvimos tantos a\u00f1os acostumbrados\u201d mencionaba.<\/p>\n\n\n\n<p>En ese sentido Sebely cont\u00f3 que el PPP de Alen est\u00e1 dentro del medio centenar de programas integrantes del Programa Federal de Estado Abierto de la jefatura de gabinete del gobierno nacional \u201cdonde \u00e9ste lunes parte del equipo estuvo compartiendo en una reuni\u00f3n virtual nuestra experiencia y poniendo as\u00ed la informaci\u00f3n que fuimos recabando y la experiencia acumulada al servicio de todos a trav\u00e9s de nuestro sitio web, nuestra redes y por supuesto con \u00e9stas reuniones que nos llenan de orgullo que nuestra ciudad sea mirada como ejemplo en estas cuestiones\u201d reflexionaba.<\/p>\n\n\n\n<p><a><\/a>Finalmente Sebely explicaba que el proyecto ganador del d\u00eda domingo que consiste en la construcci\u00f3n de un play\u00f3n en el espacio verde \u201cser\u00e1 incorporado como obra del PPP dentro del Proyecto de Presupuesto General del municipio que estamos enviando al Concejo Deliberante local antes del 30 de septiembre\u201d remataba el jefe comunal.<\/p>\n","protected":false},"excerpt":{"rendered":"<p>En una hist&oacute;rica jornada, por primera vez vecinos de una zona de la ciudad votaron y eligieron la obra que quieren que se ejecute en su barrio Leandro N. Alem&hellip; <\/p>\n","protected":false},"author":3,"featured_media":26481,"comment_status":"closed","ping_status":"closed","sticky":false,"template":"","format":"standard","meta":{"_monsterinsights_skip_tracking":false,"_monsterinsights_sitenote_active":false,"_monsterinsights_sitenote_note":"","_monsterinsights_sitenote_category":0},"categories":[3],"tags":[154],"aioseo_notices":[],"_links":{"self":[{"href":"https:\/\/radionewsmisiones.ar\/site\/wp-json\/wp\/v2\/posts\/26479"}],"collection":[{"href":"https:\/\/radionewsmisiones.ar\/site\/wp-json\/wp\/v2\/posts"}],"about":[{"href":"https:\/\/radionewsmisiones.ar\/site\/wp-json\/wp\/v2\/types\/post"}],"author":[{"embeddable":true,"href":"https:\/\/radionewsmisiones.ar\/site\/wp-json\/wp\/v2\/users\/3"}],"replies":[{"embeddable":true,"href":"https:\/\/radionewsmisiones.ar\/site\/wp-json\/wp\/v2\/comments?post=26479"}],"version-history":[{"count":1,"href":"https:\/\/radionewsmisiones.ar\/site\/wp-json\/wp\/v2\/posts\/26479\/revisions"}],"predecessor-version":[{"id":26482,"href":"https:\/\/radionewsmisiones.ar\/site\/wp-json\/wp\/v2\/posts\/26479\/revisions\/26482"}],"wp:featuredmedia":[{"embeddable":true,"href":"https:\/\/radionewsmisiones.ar\/site\/wp-json\/wp\/v2\/media\/26481"}],"wp:attachment":[{"href":"https:\/\/radionewsmisiones.ar\/site\/wp-json\/wp\/v2\/media?parent=26479"}],"wp:term":[{"taxonomy":"category","embeddable":true,"href":"https:\/\/radionewsmisiones.ar\/site\/wp-json\/wp\/v2\/categories?post=26479"},{"taxonomy":"post_tag","embeddable":true,"href":"https:\/\/radionewsmisiones.ar\/site\/wp-json\/wp\/v2\/tags?post=26479"}],"curies":[{"name":"wp","href":"https:\/\/api.w.org\/{rel}","templated":true}]}}