{"id":26483,"date":"2024-09-24T09:01:03","date_gmt":"2024-09-24T12:01:03","guid":{"rendered":"https:\/\/radionewsmisiones.ar\/site\/?p=26483"},"modified":"2024-09-24T09:01:16","modified_gmt":"2024-09-24T12:01:16","slug":"el-intendente-de-posadas-compartio-con-miles-de-adolescentes-el-festival-por-los-jovenes-todo","status":"publish","type":"post","link":"https:\/\/radionewsmisiones.ar\/site\/provinciales\/el-intendente-de-posadas-compartio-con-miles-de-adolescentes-el-festival-por-los-jovenes-todo\/","title":{"rendered":"El intendente de Posadas comparti\u00f3 con miles de adolescentes el festival \u00abPor los j\u00f3venes todo\u00bb"},"content":{"rendered":"\n<p>Los adolescentes posade\u00f1os llenaron las tribunas del anfiteatro Ram\u00edrez la tarde del lunes 23. Canto, baile, disfraces e hinchadas fueron los rubros en donde compitieron los estudiantes de distintos colegios. El Vicegobernador, el Intendente y funcionarios de Gobierno acompa\u00f1aron la movida.<\/p>\n\n\n\n<figure class=\"wp-block-image size-large\"><img loading=\"lazy\" width=\"1024\" height=\"683\" src=\"https:\/\/radionewsmisiones.ar\/site\/wp-content\/uploads\/2024\/09\/WhatsApp-Image-2024-09-24-at-09.00.19-1024x683.jpeg\" alt=\"\" class=\"wp-image-26484\" srcset=\"https:\/\/radionewsmisiones.ar\/site\/wp-content\/uploads\/2024\/09\/WhatsApp-Image-2024-09-24-at-09.00.19-1024x683.jpeg 1024w, https:\/\/radionewsmisiones.ar\/site\/wp-content\/uploads\/2024\/09\/WhatsApp-Image-2024-09-24-at-09.00.19-300x200.jpeg 300w, https:\/\/radionewsmisiones.ar\/site\/wp-content\/uploads\/2024\/09\/WhatsApp-Image-2024-09-24-at-09.00.19-768x512.jpeg 768w, https:\/\/radionewsmisiones.ar\/site\/wp-content\/uploads\/2024\/09\/WhatsApp-Image-2024-09-24-at-09.00.19.jpeg 1280w\" sizes=\"(max-width: 1024px) 100vw, 1024px\" \/><\/figure>\n\n\n\n<p>Desde las primeras horas de la siesta, adolescentes de distintos puntos de la ciudad se acercaron al Anfiteatro Manuel Antonio Ram\u00edrez para formar parte y disfrutar de una nueva edici\u00f3n del \u00abPor los J\u00f3venes Todos\u00bb, evento organizado por la Vicegobernaci\u00f3n de Misiones, la Municipalidad de Posadas y la C\u00e1mara de Representantes.<\/p>\n\n\n\n<p>El evento cont\u00f3 la activa participaci\u00f3n de los estudiantes de distintos colegios posade\u00f1os, quienes compitieron en el duelo de talentos y en la guerra de hinchadas. Adem\u00e1s, las mascotas de los distintos establecimientos se hicieron presentes.<\/p>\n\n\n\n<p>Los j\u00f3venes desplegaron todo su talento con el canto, la danza, el teatro y la m\u00fasica, en un espect\u00e1culo lleno de emociones y creatividad.<\/p>\n\n\n\n<p>Ya llegada la noche, el intendente de la ciudad, Leonardo Stellatto, se hizo presente en el anfiteatro, acompa\u00f1ando al vicegobernador, Lucar Romero Spinelli. El alcalde posade\u00f1o entreg\u00f3 a los estudiantes la llave de la ciudad, a modo de anticipo del comienzo de las Estudiantina 2024.<\/p>\n\n\n\n<p>Los adolescentes coronaron sus festejos por el D\u00eda de la Primavera, y el D\u00eda de los Estudiantes, con la actuaci\u00f3n del m\u00fasico urbano Braian Joel Martignone, conocido en el \u00e1mbito art\u00edstico como BM. El oriundo de Chivilcoy (Buenos Aires) deleit\u00f3 a los j\u00f3venes con su m\u00fasica, y el p\u00fablico lo aplaudi\u00f3 desde el inicio de su show.<\/p>\n","protected":false},"excerpt":{"rendered":"<p>Los adolescentes posade&ntilde;os llenaron las tribunas del anfiteatro Ram&iacute;rez la tarde del lunes 23. Canto, baile, disfraces e hinchadas fueron los rubros en donde compitieron los estudiantes de distintos colegios.&hellip; <\/p>\n","protected":false},"author":3,"featured_media":26485,"comment_status":"closed","ping_status":"closed","sticky":false,"template":"","format":"standard","meta":{"_monsterinsights_skip_tracking":false,"_monsterinsights_sitenote_active":false,"_monsterinsights_sitenote_note":"","_monsterinsights_sitenote_category":0},"categories":[3],"tags":[22],"aioseo_notices":[],"_links":{"self":[{"href":"https:\/\/radionewsmisiones.ar\/site\/wp-json\/wp\/v2\/posts\/26483"}],"collection":[{"href":"https:\/\/radionewsmisiones.ar\/site\/wp-json\/wp\/v2\/posts"}],"about":[{"href":"https:\/\/radionewsmisiones.ar\/site\/wp-json\/wp\/v2\/types\/post"}],"author":[{"embeddable":true,"href":"https:\/\/radionewsmisiones.ar\/site\/wp-json\/wp\/v2\/users\/3"}],"replies":[{"embeddable":true,"href":"https:\/\/radionewsmisiones.ar\/site\/wp-json\/wp\/v2\/comments?post=26483"}],"version-history":[{"count":1,"href":"https:\/\/radionewsmisiones.ar\/site\/wp-json\/wp\/v2\/posts\/26483\/revisions"}],"predecessor-version":[{"id":26486,"href":"https:\/\/radionewsmisiones.ar\/site\/wp-json\/wp\/v2\/posts\/26483\/revisions\/26486"}],"wp:featuredmedia":[{"embeddable":true,"href":"https:\/\/radionewsmisiones.ar\/site\/wp-json\/wp\/v2\/media\/26485"}],"wp:attachment":[{"href":"https:\/\/radionewsmisiones.ar\/site\/wp-json\/wp\/v2\/media?parent=26483"}],"wp:term":[{"taxonomy":"category","embeddable":true,"href":"https:\/\/radionewsmisiones.ar\/site\/wp-json\/wp\/v2\/categories?post=26483"},{"taxonomy":"post_tag","embeddable":true,"href":"https:\/\/radionewsmisiones.ar\/site\/wp-json\/wp\/v2\/tags?post=26483"}],"curies":[{"name":"wp","href":"https:\/\/api.w.org\/{rel}","templated":true}]}}