{"id":26491,"date":"2024-09-24T18:29:09","date_gmt":"2024-09-24T21:29:09","guid":{"rendered":"https:\/\/radionewsmisiones.ar\/site\/?p=26491"},"modified":"2024-09-24T18:29:21","modified_gmt":"2024-09-24T21:29:21","slug":"continua-abierta-la-inscripcion-para-las-becas-progresar","status":"publish","type":"post","link":"https:\/\/radionewsmisiones.ar\/site\/provinciales\/continua-abierta-la-inscripcion-para-las-becas-progresar\/","title":{"rendered":"Contin\u00faa abierta la inscripci\u00f3n para las Becas Progresar"},"content":{"rendered":"\n<p>La convocatoria comenz\u00f3 el 5 de septiembre y se extender\u00e1 hasta el 30 de septiembre<\/p>\n\n\n\n<p>A trav\u00e9s de la Resoluci\u00f3n 888\/2024 publicada hoy en el Bolet\u00edn Oficial, el Ministerio de Capital Humano oficializ\u00f3 un incremento del 75 % en el monto de todas las l\u00edneas de becas, vigente desde septiembre.<\/p>\n\n\n\n<figure class=\"wp-block-image size-large\"><img loading=\"lazy\" width=\"818\" height=\"1024\" src=\"https:\/\/radionewsmisiones.ar\/site\/wp-content\/uploads\/2024\/09\/WhatsApp-Image-2024-09-24-at-14.07.40-818x1024.jpeg\" alt=\"\" class=\"wp-image-26492\" srcset=\"https:\/\/radionewsmisiones.ar\/site\/wp-content\/uploads\/2024\/09\/WhatsApp-Image-2024-09-24-at-14.07.40-818x1024.jpeg 818w, https:\/\/radionewsmisiones.ar\/site\/wp-content\/uploads\/2024\/09\/WhatsApp-Image-2024-09-24-at-14.07.40-240x300.jpeg 240w, https:\/\/radionewsmisiones.ar\/site\/wp-content\/uploads\/2024\/09\/WhatsApp-Image-2024-09-24-at-14.07.40-768x961.jpeg 768w, https:\/\/radionewsmisiones.ar\/site\/wp-content\/uploads\/2024\/09\/WhatsApp-Image-2024-09-24-at-14.07.40.jpeg 1081w\" sizes=\"(max-width: 818px) 100vw, 818px\" \/><\/figure>\n\n\n\n<p>La Secretar\u00eda de Educaci\u00f3n lanz\u00f3 una segunda convocatoria para la inscripci\u00f3n a las Becas Progresar, que comenz\u00f3 el 5 de septiembre y se extender\u00e1 hasta el 30 de septiembre para las l\u00edneas Progresar Obligatorio y Progresar Superior (incluyendo Enfermer\u00eda). La convocatoria para la l\u00ednea Progresar Trabajo permanecer\u00e1 abierta hasta el 30 de noviembre.<\/p>\n\n\n\n<p>Con el objetivo de fortalecer las trayectorias educativas de los beneficiarios, la Secretar\u00eda a cargo de Carlos Torrendell dispuso un aumento del 75% en el monto mensual de las becas, que pasar\u00e1 de 20.000 a 35.000 pesos en todas las l\u00edneas.<\/p>\n\n\n\n<p>Las Becas Progresar tienen como objetivo acompa\u00f1ar a los j\u00f3venes en la finalizaci\u00f3n de la educaci\u00f3n obligatoria, en el estudio de nivel superior o en la formaci\u00f3n profesional.<\/p>\n\n\n\n<figure class=\"wp-block-image size-large\"><img loading=\"lazy\" width=\"819\" height=\"1024\" src=\"https:\/\/radionewsmisiones.ar\/site\/wp-content\/uploads\/2024\/09\/WhatsApp-Image-2024-09-24-at-14.07.401-819x1024.jpeg\" alt=\"\" class=\"wp-image-26493\" srcset=\"https:\/\/radionewsmisiones.ar\/site\/wp-content\/uploads\/2024\/09\/WhatsApp-Image-2024-09-24-at-14.07.401-819x1024.jpeg 819w, https:\/\/radionewsmisiones.ar\/site\/wp-content\/uploads\/2024\/09\/WhatsApp-Image-2024-09-24-at-14.07.401-240x300.jpeg 240w, https:\/\/radionewsmisiones.ar\/site\/wp-content\/uploads\/2024\/09\/WhatsApp-Image-2024-09-24-at-14.07.401-768x961.jpeg 768w, https:\/\/radionewsmisiones.ar\/site\/wp-content\/uploads\/2024\/09\/WhatsApp-Image-2024-09-24-at-14.07.401.jpeg 1081w\" sizes=\"(max-width: 819px) 100vw, 819px\" \/><\/figure>\n\n\n\n<p>Los requisitos de edad var\u00edan seg\u00fan la l\u00ednea de beca. Para Progresar Obligatorio, los postulantes deben tener entre 16 y 24 a\u00f1os. Para Progresar Superior, la edad es de 17 a 24 a\u00f1os, con una ampliaci\u00f3n hasta los 30 para quienes est\u00e9n avanzados en la carrera (en el caso de Enfermer\u00eda no hay l\u00edmite de edad). Para Progresar Trabajo, los postulantes deben tener entre 18 y 24 a\u00f1os, con una ampliaci\u00f3n hasta los 40 a\u00f1os para quienes no poseen empleo formal registrado.<\/p>\n\n\n\n<p>Por otro lado, los ingresos del grupo familiar de los aspirantes no deben superar tres veces el Salario M\u00ednimo Vital y M\u00f3vil vigente en Argentina. Tambi\u00e9n deben acreditar la asistencia regular a una instituci\u00f3n educativa y cumplir con los avances acad\u00e9micos que solicita cada l\u00ednea.<\/p>\n\n\n\n<p>En el nivel obligatorio, la trayectoria no debe verse interrumpida. La asistencia a clase es monitoreada a trav\u00e9s de 3 certificaciones anuales, y un registro negativo de presencialidad podr\u00eda significar la suspensi\u00f3n de la beca.<\/p>\n\n\n\n<p>Adem\u00e1s, los becarios de Progresar Obligatorio, de entre 16 y 18 a\u00f1os que est\u00e9n finalizando el secundario, deber\u00e1n completar el Curso de Orientaci\u00f3n Vocacional y Laboral como requisito para el cobro total de la beca. Este curso es virtual, se organiza en m\u00f3dulos autoasistidos y los estudiantes cuentan con 4 semanas para completarlo.<\/p>\n\n\n\n<p>En el nivel superior, los estudiantes avanzados deber\u00e1n aprobar al menos el 50% de las asignaturas del a\u00f1o anterior, aunque habr\u00e1 una diferencia entre quienes ya fueron becados en 2023 y quienes solicitan la beca por primera vez. Los becarios de 2023 que no alcancen ese 50% podr\u00e1n aplicar nuevamente al programa, pero si son adjudicados, recibir\u00e1n una cuota de transici\u00f3n del 80% del monto mensual de la beca. Por otro lado, quienes soliciten la beca por primera vez deber\u00e1n cumplir con el requisito del 50% de materias aprobadas del ciclo 2023 para recibir el 100% del monto mensual.<\/p>\n\n\n\n<p>M\u00e1s informaci\u00f3n en: <a href=\"http:\/\/argentina.gob.ar\/progresar\">argentina.gob.ar\/progresar<\/a><\/p>\n","protected":false},"excerpt":{"rendered":"<p>La convocatoria comenz&oacute; el 5 de septiembre y se extender&aacute; hasta el 30 de septiembre A trav&eacute;s de la Resoluci&oacute;n 888\/2024 publicada hoy en el Bolet&iacute;n Oficial, el Ministerio de&hellip; <\/p>\n","protected":false},"author":3,"featured_media":26493,"comment_status":"closed","ping_status":"closed","sticky":false,"template":"","format":"standard","meta":{"_monsterinsights_skip_tracking":false,"_monsterinsights_sitenote_active":false,"_monsterinsights_sitenote_note":"","_monsterinsights_sitenote_category":0},"categories":[3],"tags":[26],"aioseo_notices":[],"_links":{"self":[{"href":"https:\/\/radionewsmisiones.ar\/site\/wp-json\/wp\/v2\/posts\/26491"}],"collection":[{"href":"https:\/\/radionewsmisiones.ar\/site\/wp-json\/wp\/v2\/posts"}],"about":[{"href":"https:\/\/radionewsmisiones.ar\/site\/wp-json\/wp\/v2\/types\/post"}],"author":[{"embeddable":true,"href":"https:\/\/radionewsmisiones.ar\/site\/wp-json\/wp\/v2\/users\/3"}],"replies":[{"embeddable":true,"href":"https:\/\/radionewsmisiones.ar\/site\/wp-json\/wp\/v2\/comments?post=26491"}],"version-history":[{"count":1,"href":"https:\/\/radionewsmisiones.ar\/site\/wp-json\/wp\/v2\/posts\/26491\/revisions"}],"predecessor-version":[{"id":26495,"href":"https:\/\/radionewsmisiones.ar\/site\/wp-json\/wp\/v2\/posts\/26491\/revisions\/26495"}],"wp:featuredmedia":[{"embeddable":true,"href":"https:\/\/radionewsmisiones.ar\/site\/wp-json\/wp\/v2\/media\/26493"}],"wp:attachment":[{"href":"https:\/\/radionewsmisiones.ar\/site\/wp-json\/wp\/v2\/media?parent=26491"}],"wp:term":[{"taxonomy":"category","embeddable":true,"href":"https:\/\/radionewsmisiones.ar\/site\/wp-json\/wp\/v2\/categories?post=26491"},{"taxonomy":"post_tag","embeddable":true,"href":"https:\/\/radionewsmisiones.ar\/site\/wp-json\/wp\/v2\/tags?post=26491"}],"curies":[{"name":"wp","href":"https:\/\/api.w.org\/{rel}","templated":true}]}}