{"id":265,"date":"2022-08-02T19:14:36","date_gmt":"2022-08-02T22:14:36","guid":{"rendered":"https:\/\/radionewsmisiones.ar\/site\/?p=265"},"modified":"2022-08-02T19:14:38","modified_gmt":"2022-08-02T22:14:38","slug":"trabajo-dicto-la-conciliacion-obligatoria-y-la-uta-levanto-el-paro-anunciado-para-esta-noche","status":"publish","type":"post","link":"https:\/\/radionewsmisiones.ar\/site\/nacionales\/trabajo-dicto-la-conciliacion-obligatoria-y-la-uta-levanto-el-paro-anunciado-para-esta-noche\/","title":{"rendered":"Trabajo dict\u00f3 la conciliaci\u00f3n obligatoria y la UTA levant\u00f3 el paro anunciado para esta noche"},"content":{"rendered":"\n<p>La cartera laboral intim\u00f3 a la organizaci\u00f3n sindical a levantar la medida de fuerza que hab\u00eda declarado en todos los servicios de transporte de colectivos de corta y media distancia.<\/p>\n\n\n\n<p>El Ministerio de Trabajo dict\u00f3 este martes la conciliaci\u00f3n obligatoria por 15 d\u00edas entre la Uni\u00f3n de Tranviarios Automotor (UTA) y las c\u00e1maras del transporte de pasajeros que se desempe\u00f1an en el \u00c1rea Metropolitana de Buenos aires (AMBA), y el gremio anunci\u00f3 el levantamiento de la medida de fuerza cuyo inicio estaba anunciado para esta noche.<\/p>\n\n\n\n<figure class=\"wp-block-image size-full\"><img loading=\"lazy\" width=\"588\" height=\"400\" src=\"https:\/\/radionewsmisiones.ar\/site\/wp-content\/uploads\/2022\/08\/Transporte-urbano-Posadas.jpg\" alt=\"\" class=\"wp-image-266\" srcset=\"https:\/\/radionewsmisiones.ar\/site\/wp-content\/uploads\/2022\/08\/Transporte-urbano-Posadas.jpg 588w, https:\/\/radionewsmisiones.ar\/site\/wp-content\/uploads\/2022\/08\/Transporte-urbano-Posadas-300x204.jpg 300w\" sizes=\"(max-width: 588px) 100vw, 588px\" \/><\/figure>\n\n\n\n<p>Mario Calegari, secretario de prensa de la UTA, inform\u00f3 a T\u00e9lam que esa organizaci\u00f3n gremial -que representa a los choferes de colectivos de todo el pa\u00eds- \u00abacatar\u00e1 por 15 d\u00edas la decisi\u00f3n del Ministerio de Trabajo\u00bb.<\/p>\n\n\n\n<p>\u00abVamos acatar la conciliaci\u00f3n obligatoria y vamos a discutir nuestros reclamos en la reuni\u00f3n que nos convoca para el jueves el Ministerio de Trabajo. Para nosotros es importante que esta conciliaci\u00f3n es para todos (los trabajadores conductores de pasajeros) el pa\u00eds\u00bb, destac\u00f3 el vocero de la UTA.<\/p>\n\n\n\n<p>Minutos despu\u00e9s de las 11, la cartera laboral intim\u00f3 a la organizaci\u00f3n sindical a levantar la medida de fuerza que hab\u00eda declarado a partir de las 22 de esta noche, y que iba a extenderse hasta ma\u00f1ana a las 6 en todos los servicios de transporte de colectivos de corta y media distancia en reclamo de la reapertura de las paritarias.<\/p>\n\n\n\n<p>As\u00ed lo dispuso la cartera laboral -que encabeza Claudio Moroni- mediante la Disposici\u00f3n 3729\/2022 en la cual se encuadra el conflicto en la Ley N\u00b0 14.786 y especifica, en sus considerandos, que \u00abresulta necesario disponer las medidas pertinentes para promover una soluci\u00f3n pac\u00edfica y legal al conflicto planteado\u00bb.<\/p>\n\n\n\n<p>\u00abEn circunstancias como la presente, debe otorgarse especial consideraci\u00f3n al inter\u00e9s general como principio rector de las relaciones desarrolladas en la materia y por cuya protecci\u00f3n esta administraci\u00f3n debe velar\u00bb, plantea la cartera laboral en la norma.<\/p>\n\n\n\n<p>Adem\u00e1s, la disposici\u00f3n oficial intima a \u00ablas empresas que integran la Federaci\u00f3n Argentina de Transporte de Automotor de Pasajeros (Fatap)\u00bb a \u00ababstenerse de tomar represalias de cualquier tipo con el personal representado por la organizaci\u00f3n sindical y\/o con cualquier otra persona, en relaci\u00f3n al diferendo aqu\u00ed planteado, as\u00ed como tambi\u00e9n a otorgar tareas en forma normal y habitual a su personal\u00bb.<\/p>\n\n\n\n<p>En tanto, las intimaciones se formulan \u00abbajo apercibimiento de aplicar las sanciones\u00bb pertinentes, y las autoridades exhortan a \u00ablas partes en conflicto a mantener la mejor predisposici\u00f3n y apertura para negociar los temas sobre los cuales mantienen diferencias y contribuir, de esa manera, a la paz social y a mejorar el marco de las relaciones laborales en el seno de las empresas involucradas\u00bb.<\/p>\n\n\n\n<p>La nueva audiencia entre las partes se fij\u00f3 para este jueves a las 12 \u00abmediante plataforma virtual, a fin de evaluar el avance de las negociaciones\u00bb, concluye el texto firmado por la titular de la Direcci\u00f3n Nacional de Relaciones y Regulaciones del Trabajo, Gabriela Marcello.<\/p>\n\n\n\n<p>La medida de fuerza hab\u00eda sido ratificada anoche por la organizaci\u00f3n gremial a trav\u00e9s de un comunicado que lleva la firma del secretario general del sindicato, Roberto Fern\u00e1ndez.<\/p>\n","protected":false},"excerpt":{"rendered":"<p>La cartera laboral intim&oacute; a la organizaci&oacute;n sindical a levantar la medida de fuerza que hab&iacute;a declarado en todos los servicios de transporte de colectivos de corta y media distancia.&hellip; <\/p>\n","protected":false},"author":3,"featured_media":266,"comment_status":"closed","ping_status":"open","sticky":false,"template":"","format":"standard","meta":{"_monsterinsights_skip_tracking":false,"_monsterinsights_sitenote_active":false,"_monsterinsights_sitenote_note":"","_monsterinsights_sitenote_category":0},"categories":[4],"tags":[],"aioseo_notices":[],"_links":{"self":[{"href":"https:\/\/radionewsmisiones.ar\/site\/wp-json\/wp\/v2\/posts\/265"}],"collection":[{"href":"https:\/\/radionewsmisiones.ar\/site\/wp-json\/wp\/v2\/posts"}],"about":[{"href":"https:\/\/radionewsmisiones.ar\/site\/wp-json\/wp\/v2\/types\/post"}],"author":[{"embeddable":true,"href":"https:\/\/radionewsmisiones.ar\/site\/wp-json\/wp\/v2\/users\/3"}],"replies":[{"embeddable":true,"href":"https:\/\/radionewsmisiones.ar\/site\/wp-json\/wp\/v2\/comments?post=265"}],"version-history":[{"count":1,"href":"https:\/\/radionewsmisiones.ar\/site\/wp-json\/wp\/v2\/posts\/265\/revisions"}],"predecessor-version":[{"id":267,"href":"https:\/\/radionewsmisiones.ar\/site\/wp-json\/wp\/v2\/posts\/265\/revisions\/267"}],"wp:featuredmedia":[{"embeddable":true,"href":"https:\/\/radionewsmisiones.ar\/site\/wp-json\/wp\/v2\/media\/266"}],"wp:attachment":[{"href":"https:\/\/radionewsmisiones.ar\/site\/wp-json\/wp\/v2\/media?parent=265"}],"wp:term":[{"taxonomy":"category","embeddable":true,"href":"https:\/\/radionewsmisiones.ar\/site\/wp-json\/wp\/v2\/categories?post=265"},{"taxonomy":"post_tag","embeddable":true,"href":"https:\/\/radionewsmisiones.ar\/site\/wp-json\/wp\/v2\/tags?post=265"}],"curies":[{"name":"wp","href":"https:\/\/api.w.org\/{rel}","templated":true}]}}