{"id":26587,"date":"2024-09-26T19:21:34","date_gmt":"2024-09-26T22:21:34","guid":{"rendered":"https:\/\/radionewsmisiones.ar\/site\/?p=26587"},"modified":"2024-09-26T22:27:09","modified_gmt":"2024-09-27T01:27:09","slug":"marti-el-dia-2-hay-una-propuesta-de-marcha-que-surge-de-la-defensa-a-la-ley-de-financiamiento-universitario","status":"publish","type":"post","link":"https:\/\/radionewsmisiones.ar\/site\/provinciales\/marti-el-dia-2-hay-una-propuesta-de-marcha-que-surge-de-la-defensa-a-la-ley-de-financiamiento-universitario\/","title":{"rendered":"Conflicto universitario: \u201cLas propuestas est\u00e1n muy por debajo de las expectativas\u201d"},"content":{"rendered":"\n<p>El sitio de noticias La Pol\u00edtica On line, public\u00f3 la informaci\u00f3n \u201cEn medio del debate por el anunciado veto a financiamiento universitario, Javier Milei decidi\u00f3 asumir sin complejos la agenda menemista y analiza proponer el fin del ingreso irrestricto y el arancelamiento de las universidades p\u00fablicas. El gobierno analiza poner un cupo m\u00e1ximo, arancelar la cursada e implementar \u00abpr\u00e9stamos de honor\u00bb similares a los que existen en Chile o Estados Unidos\u201d<\/p>\n\n\n\n<p>A pocos d\u00edas de la realizaci\u00f3n de una nueva marcha federal en defensa de la universidad p\u00fablica en la Argentina, los gremios docentes rechazaron la propuesta del gobierno nacional de un aumento del 6,8%, en salarios de trabajadores que perdieron m\u00e1s del 50% del poder adquisitivo ante la creciente inflaci\u00f3n.<\/p>\n\n\n\n<p>Con respecto a las propuestas de reformas universitarias que dej\u00f3 trascender el gobierno libertario de Javier Milei, el Decano de la Facultad de Ciencias Exactas, Qu\u00edmicas y Naturales de la Universidad Nacional de Misiones,<strong><em> Dr. Dardo Mart\u00ed,<\/em><\/strong> opin\u00f3 en Radio News Misiones sobre los proyectos del gobierno nacional de arancelar las universidades nacionales, y su eventual traspaso administrativo y operativo a las provincias: \u201cLa verdad, no me lo puedo imaginar. El sistema educativo argentino es mucho m\u00e1s inclusivo que el chileno. Pensar en un sistema de privatizaci\u00f3n ser\u00eda un retroceso enorme para el pa\u00eds. Es dif\u00edcil pensar que personas involucradas en la educaci\u00f3n puedan apoyar un sistema as\u00ed. Adem\u00e1s, est\u00e1 la ley 24.521, que establece que las universidades dependen del Estado Nacional. Ser\u00eda necesario cambiar esta ley, lo que no es f\u00e1cil. No veo c\u00f3mo un proyecto de privatizaci\u00f3n o transferencia a los territorios provinciales podr\u00eda aprobarse en tan poco tiempo\u201d, apunt\u00f3.<\/p>\n\n\n\n<p>Sobre un eventual sistema de cupos y arancelamiento, Mart\u00ed advirti\u00f3 sobre otras experiencias en el mundo, \u201cHay discusiones sobre poner un cupo m\u00e1ximo y arancelar la cursada, ofreciendo pr\u00e9stamos estudiantiles. Sin embargo, no hay un proyecto serio que lo respalde. El sistema chileno ha sido un fracaso, y no ser\u00eda viable aqu\u00ed en Argentina. En Chile, solo aquellos que tienen mucho dinero pueden pagar, y la mayor\u00eda de las personas que estudian terminan endeudadas de por vida. En Estados Unidos, muchos estudiantes extranjeros vienen con financiamiento de sus propios pa\u00edses. Aqu\u00ed no me imagino c\u00f3mo podr\u00eda funcionar un sistema similar.<\/p>\n\n\n\n<p>\u201cLa primera marcha fue multitudinaria, algo que no se ve\u00eda desde hace mucho en Misiones ni en el pa\u00eds. El gobierno actual ha tensado las cuerdas de la conversaci\u00f3n a niveles insostenibles. Las propuestas est\u00e1n muy por debajo de las expectativas. Las universidades m\u00e1s grandes del pa\u00eds, que tienen mayor peso pol\u00edtico, tambi\u00e9n est\u00e1n defendiendo esta ley contra el veto. Es importante que todos apoyen la educaci\u00f3n p\u00fablica y el financiamiento adecuado\u201d, concluy\u00f3 Dardo Mart\u00ed.<\/p>\n\n\n\n<figure class=\"wp-block-embed is-type-video is-provider-youtube wp-block-embed-youtube wp-embed-aspect-16-9 wp-has-aspect-ratio\"><div class=\"wp-block-embed__wrapper\">\n<iframe loading=\"lazy\" title=\"Dr. Dardo Mart\u00ed. Decano dela FCEQyN de la UNaM\" width=\"1110\" height=\"624\" src=\"https:\/\/www.youtube.com\/embed\/8PR9pB1-sos?feature=oembed\" frameborder=\"0\" allow=\"accelerometer; autoplay; clipboard-write; encrypted-media; gyroscope; picture-in-picture; web-share\" referrerpolicy=\"strict-origin-when-cross-origin\" allowfullscreen><\/iframe>\n<\/div><figcaption><strong>ENTREVISTA: Dr. Dardo Mart\u00ed (Decano de la FCEQyN \/ UNaM)<\/strong><\/figcaption><\/figure>\n\n\n\n<p><\/p>\n\n\n\n<figure class=\"wp-block-image size-large\"><img loading=\"lazy\" width=\"717\" height=\"1024\" src=\"https:\/\/radionewsmisiones.ar\/site\/wp-content\/uploads\/2024\/09\/WhatsApp-Image-2024-09-24-at-21.32.00-717x1024.jpeg\" alt=\"\" class=\"wp-image-26588\" srcset=\"https:\/\/radionewsmisiones.ar\/site\/wp-content\/uploads\/2024\/09\/WhatsApp-Image-2024-09-24-at-21.32.00-717x1024.jpeg 717w, https:\/\/radionewsmisiones.ar\/site\/wp-content\/uploads\/2024\/09\/WhatsApp-Image-2024-09-24-at-21.32.00-210x300.jpeg 210w, https:\/\/radionewsmisiones.ar\/site\/wp-content\/uploads\/2024\/09\/WhatsApp-Image-2024-09-24-at-21.32.00-768x1097.jpeg 768w, https:\/\/radionewsmisiones.ar\/site\/wp-content\/uploads\/2024\/09\/WhatsApp-Image-2024-09-24-at-21.32.00.jpeg 896w\" sizes=\"(max-width: 717px) 100vw, 717px\" \/><\/figure>\n","protected":false},"excerpt":{"rendered":"<p>El sitio de noticias La Pol&iacute;tica On line, public&oacute; la informaci&oacute;n &ldquo;En medio del debate por el anunciado veto a financiamiento universitario, Javier Milei decidi&oacute; asumir sin complejos la agenda&hellip; <\/p>\n","protected":false},"author":3,"featured_media":26588,"comment_status":"closed","ping_status":"closed","sticky":false,"template":"","format":"standard","meta":{"_monsterinsights_skip_tracking":false,"_monsterinsights_sitenote_active":false,"_monsterinsights_sitenote_note":"","_monsterinsights_sitenote_category":0},"categories":[3],"tags":[26],"aioseo_notices":[],"_links":{"self":[{"href":"https:\/\/radionewsmisiones.ar\/site\/wp-json\/wp\/v2\/posts\/26587"}],"collection":[{"href":"https:\/\/radionewsmisiones.ar\/site\/wp-json\/wp\/v2\/posts"}],"about":[{"href":"https:\/\/radionewsmisiones.ar\/site\/wp-json\/wp\/v2\/types\/post"}],"author":[{"embeddable":true,"href":"https:\/\/radionewsmisiones.ar\/site\/wp-json\/wp\/v2\/users\/3"}],"replies":[{"embeddable":true,"href":"https:\/\/radionewsmisiones.ar\/site\/wp-json\/wp\/v2\/comments?post=26587"}],"version-history":[{"count":2,"href":"https:\/\/radionewsmisiones.ar\/site\/wp-json\/wp\/v2\/posts\/26587\/revisions"}],"predecessor-version":[{"id":26619,"href":"https:\/\/radionewsmisiones.ar\/site\/wp-json\/wp\/v2\/posts\/26587\/revisions\/26619"}],"wp:featuredmedia":[{"embeddable":true,"href":"https:\/\/radionewsmisiones.ar\/site\/wp-json\/wp\/v2\/media\/26588"}],"wp:attachment":[{"href":"https:\/\/radionewsmisiones.ar\/site\/wp-json\/wp\/v2\/media?parent=26587"}],"wp:term":[{"taxonomy":"category","embeddable":true,"href":"https:\/\/radionewsmisiones.ar\/site\/wp-json\/wp\/v2\/categories?post=26587"},{"taxonomy":"post_tag","embeddable":true,"href":"https:\/\/radionewsmisiones.ar\/site\/wp-json\/wp\/v2\/tags?post=26587"}],"curies":[{"name":"wp","href":"https:\/\/api.w.org\/{rel}","templated":true}]}}