{"id":26590,"date":"2024-09-26T19:24:41","date_gmt":"2024-09-26T22:24:41","guid":{"rendered":"https:\/\/radionewsmisiones.ar\/site\/?p=26590"},"modified":"2024-09-26T19:24:45","modified_gmt":"2024-09-26T22:24:45","slug":"passalacqua-encabezo-el-lanzamiento-de-alem-fest-que-incluye-la-48o-oktoberfest","status":"publish","type":"post","link":"https:\/\/radionewsmisiones.ar\/site\/provinciales\/passalacqua-encabezo-el-lanzamiento-de-alem-fest-que-incluye-la-48o-oktoberfest\/","title":{"rendered":"Passalacqua encabez\u00f3 el lanzamiento de Alem Fest que incluye la 48\u00ba Oktoberfest"},"content":{"rendered":"\n<p>En un lanzamiento encabezado por el gobernador Hugo Passalacqua, se present\u00f3 oficialmente Alem Fest, que tendr\u00e1 lugar del 4 al 13 de octubre en la ciudad de Leandro N. Alem. Durante la semana de festividades, tambi\u00e9n se desarrollar\u00e1 la 48\u00ba edici\u00f3n de la tradicional Oktoberfest, organizada por el Club Germano Argentino.<\/p>\n\n\n\n<figure class=\"wp-block-image size-large\"><img loading=\"lazy\" width=\"1024\" height=\"682\" src=\"https:\/\/radionewsmisiones.ar\/site\/wp-content\/uploads\/2024\/09\/WhatsApp-Image-2024-09-26-at-14.42.37-1024x682.jpeg\" alt=\"\" class=\"wp-image-26591\" srcset=\"https:\/\/radionewsmisiones.ar\/site\/wp-content\/uploads\/2024\/09\/WhatsApp-Image-2024-09-26-at-14.42.37-1024x682.jpeg 1024w, https:\/\/radionewsmisiones.ar\/site\/wp-content\/uploads\/2024\/09\/WhatsApp-Image-2024-09-26-at-14.42.37-300x200.jpeg 300w, https:\/\/radionewsmisiones.ar\/site\/wp-content\/uploads\/2024\/09\/WhatsApp-Image-2024-09-26-at-14.42.37-768x511.jpeg 768w, https:\/\/radionewsmisiones.ar\/site\/wp-content\/uploads\/2024\/09\/WhatsApp-Image-2024-09-26-at-14.42.37.jpeg 1280w\" sizes=\"(max-width: 1024px) 100vw, 1024px\" \/><\/figure>\n\n\n\n<p>POSADAS. Esta ma\u00f1ana, en la Sala de Situaci\u00f3n, el gobernador Hugo Passalacqua encabez\u00f3 el lanzamiento oficial de Alem Fest, un evento que se desarrollar\u00e1 del 4 al 13 de octubre y que incluir\u00e1 la emblem\u00e1tica Oktoberfest en su 48\u00ba edici\u00f3n. As\u00ed, la fiesta emblema de Leandro N. Alem, que naci\u00f3 en los a\u00f1os 70 y ha crecido con cada edici\u00f3n, contar\u00e1 este a\u00f1o con m\u00e1s de 30 marcas de cervezas artesanales y m\u00faltiples actividades culturales, gastron\u00f3micas y recreativas.<\/p>\n\n\n\n<p>Al respecto, el primer mandatario provincial se\u00f1al\u00f3 que \u00aba nosotros nos honra poder ser difusores de estas fiestas. En cuanto al turismo, no es solamente dinero para Leandro N. Alem, es un movimiento de recursos que no solo impacta en la econom\u00eda local, sino que se expande a toda la provincia. Entonces, toda Misiones se ve beneficiada de lo que va a ocurrir en Leandro N. Alem con sus tradiciones\u201d.<\/p>\n\n\n\n<p>Asimismo, celebr\u00f3 los 48 de la Oktoberfest en Misiones. \u201cRealmente es una fiesta muy divertida; invito a todo el mundo a que vaya. No solo se va a disfrutar de la Oktoberfest, sino que tambi\u00e9n hay una serie de actividades que son fant\u00e1sticas. Adem\u00e1s, es un tributo, y la mayor parte es hacia los ancestros. El enclave alem\u00e1n en Leandro N. Alem es muy fuerte, a tal punto que llaman a la Oktoberfest como en Baviera. Esto est\u00e1 presente en el folclore de Alemania, lo cual deja en claro el tributo a esa herencia ancestral que los misioneros respetamos tanto\u201d, afirm\u00f3<\/p>\n\n\n\n<p>\u201cEsa fusi\u00f3n de etnias, esa maravillosa uni\u00f3n entre el paisano guaran\u00ed, el alem\u00e1n, el italiano, esa fabulosa mezcla que tiene Misiones, hoy se expresa en esta fiesta. Ya que mantienen la identidad de una ciudad como Alem, que es hermosa, una ciudad trabajadora, innovadora. Siempre digo lo mismo, sin desmerecer a nadie: es un pueblo fabuloso, la verdad, fabuloso\u201d, coment\u00f3.<\/p>\n\n\n\n<p>Por \u00faltimo, agradeci\u00f3 a los organismos y personas involucradas con el desarrollo del evento porque \u201cayudar\u00e1n a que se mueva la econom\u00eda de todos. En un momento tan dif\u00edcil como este, mover la econom\u00eda es clave. Adem\u00e1s, un poco de diversi\u00f3n popular, en un momento de tanta tensi\u00f3n, realmente viene muy bien\u00bb.<\/p>\n\n\n\n<p>UN EVENTO CLAVE PARA LA PROMOCI\u00d3N DEL TURISMO<\/p>\n\n\n\n<p>A su turno, el intendente de Leandro N. Alem, Mat\u00edas Sebely, dio detalles del programa del evento y se\u00f1al\u00f3 que desde su municipio buscan potenciar \u201cel turismo de eventos, dinamizar la econom\u00eda y mover la cuesti\u00f3n comercial de la ciudad a partir de los eventos que venimos haciendo todo el a\u00f1o\u201d.<\/p>\n\n\n\n<p>Por su parte, el presidente del Club Germano Argentino de Alem, Adolfo R\u00edos, agradeci\u00f3 al gobernador Passalacqua y al municipio por su apoyo en la organizaci\u00f3n del Oktoberfest, que se celebra desde hace 48 a\u00f1os. Reiter\u00f3 que la fiesta comenzar\u00e1 el 11 de octubre en el Club Germano Argentino con la inauguraci\u00f3n y presentaciones de bandas locales y de la banda Migrantes de Buenos Aires. Tambi\u00e9n, comunic\u00f3 que habr\u00e1 puestos de comida t\u00edpica y m\u00e1s de 30 marcas de cerveza. \u201cCon el apoyo que estamos teniendo de la provincia y de la municipalidad, la entrada estar\u00e1 a 4.000 pesos\u201d, resalt\u00f3.<\/p>\n\n\n\n<p>Entre los asistentes al lanzamiento, la embajadora de la Fiesta de la Cerveza, Mayra Mosdien, quien realiz\u00f3 una invitaci\u00f3n a la fiesta en idioma alem\u00e1n y el integrante del Consejo de la Juventud de Leandro N. Alem, Juan Pablo Ram\u00edrez.<\/p>\n\n\n\n<p>LA FIESTA QUE CELEBRA EL V\u00cdNCULO GERMANO-ARGENTINO<\/p>\n\n\n\n<p>Durante la Semana de Alem, los visitantes podr\u00e1n disfrutar de una amplia gama de actividades, incluyendo desfiles, exposiciones, n\u00fameros en vivo, patios de comidas y un cluster de emprendedores de cerveza artesanal. La celebraci\u00f3n comenzar\u00e1 el viernes 4 de octubre con la inauguraci\u00f3n en la Plazoleta San Mart\u00edn, donde se presentar\u00e1n propuestas gastron\u00f3micas y art\u00edsticas. Adem\u00e1s, el municipio retoma v\u00ednculos con Puerto Iguaz\u00fa para promocionar la fiesta, con el objetivo de atraer turistas que visitan las Cataratas. Para ello, se realiz\u00f3 recientemente la presentaci\u00f3n del evento en Puerto Iguaz\u00fa y Eldorado.<\/p>\n\n\n\n<p>Entre los eventos destacados, el martes 8 de octubre se llevar\u00e1 a cabo una Master Class de cocina con chefs invitados, mientras que el jueves 10 ser\u00e1 el D\u00eda de la Juventud, con un show de talentos en el Club Alem\u00e1n. Luego, la Oktoberfest se celebrar\u00e1 del 11 al 13 de octubre, con m\u00fasica en vivo, bailes t\u00edpicos y una amplia variedad de cervezas industriales y artesanales.<\/p>\n\n\n\n<p>Para m\u00e1s informaci\u00f3n consultar las cuentas oficiales de la Municipalidad de Leandro N. Alem en Facebook e Instagram.<\/p>\n","protected":false},"excerpt":{"rendered":"<p>En un lanzamiento encabezado por el gobernador Hugo Passalacqua, se present&oacute; oficialmente Alem Fest, que tendr&aacute; lugar del 4 al 13 de octubre en la ciudad de Leandro N. Alem.&hellip; <\/p>\n","protected":false},"author":3,"featured_media":26592,"comment_status":"closed","ping_status":"closed","sticky":false,"template":"","format":"standard","meta":{"_monsterinsights_skip_tracking":false,"_monsterinsights_sitenote_active":false,"_monsterinsights_sitenote_note":"","_monsterinsights_sitenote_category":0},"categories":[3],"tags":[154],"aioseo_notices":[],"_links":{"self":[{"href":"https:\/\/radionewsmisiones.ar\/site\/wp-json\/wp\/v2\/posts\/26590"}],"collection":[{"href":"https:\/\/radionewsmisiones.ar\/site\/wp-json\/wp\/v2\/posts"}],"about":[{"href":"https:\/\/radionewsmisiones.ar\/site\/wp-json\/wp\/v2\/types\/post"}],"author":[{"embeddable":true,"href":"https:\/\/radionewsmisiones.ar\/site\/wp-json\/wp\/v2\/users\/3"}],"replies":[{"embeddable":true,"href":"https:\/\/radionewsmisiones.ar\/site\/wp-json\/wp\/v2\/comments?post=26590"}],"version-history":[{"count":1,"href":"https:\/\/radionewsmisiones.ar\/site\/wp-json\/wp\/v2\/posts\/26590\/revisions"}],"predecessor-version":[{"id":26593,"href":"https:\/\/radionewsmisiones.ar\/site\/wp-json\/wp\/v2\/posts\/26590\/revisions\/26593"}],"wp:featuredmedia":[{"embeddable":true,"href":"https:\/\/radionewsmisiones.ar\/site\/wp-json\/wp\/v2\/media\/26592"}],"wp:attachment":[{"href":"https:\/\/radionewsmisiones.ar\/site\/wp-json\/wp\/v2\/media?parent=26590"}],"wp:term":[{"taxonomy":"category","embeddable":true,"href":"https:\/\/radionewsmisiones.ar\/site\/wp-json\/wp\/v2\/categories?post=26590"},{"taxonomy":"post_tag","embeddable":true,"href":"https:\/\/radionewsmisiones.ar\/site\/wp-json\/wp\/v2\/tags?post=26590"}],"curies":[{"name":"wp","href":"https:\/\/api.w.org\/{rel}","templated":true}]}}