{"id":26594,"date":"2024-09-26T19:26:33","date_gmt":"2024-09-26T22:26:33","guid":{"rendered":"https:\/\/radionewsmisiones.ar\/site\/?p=26594"},"modified":"2024-09-26T19:26:38","modified_gmt":"2024-09-26T22:26:38","slug":"mas-de-40-frentes-de-trabajo-dispuso-energia-de-misiones-para-reponer-el-servicio-electrico","status":"publish","type":"post","link":"https:\/\/radionewsmisiones.ar\/site\/provinciales\/mas-de-40-frentes-de-trabajo-dispuso-energia-de-misiones-para-reponer-el-servicio-electrico\/","title":{"rendered":"M\u00e1s de 40 frentes de trabajo dispuso Energ\u00eda de Misiones para reponer el servicio el\u00e9ctrico"},"content":{"rendered":"\n<p>Desde la noche\/madrugada de este mi\u00e9rcoles, el frente de tormentas que cubre la provincia gener\u00f3 cortes del servicio el\u00e9ctrico y afectaciones de distinta consideraci\u00f3n, siendo la localidad de San Javier la m\u00e1s impactada por la potencia de los vientos. En este municipio se registraron ca\u00edda de \u00e1rboles, voladuras de techos y derribo de postes, por lo que desde temprano se realizan maniobras para reponer el servicio en condiciones de seguridad. El barrio Santa Rita fue el m\u00e1s afectado, mientras que se registraron l\u00edneas ca\u00eddas en zonas puntuales de Itacaruar\u00e9 e Invernada donde se encuentran trabajando los equipos t\u00e9cnicos.<\/p>\n\n\n\n<figure class=\"wp-block-image size-large\"><img loading=\"lazy\" width=\"655\" height=\"1024\" src=\"https:\/\/radionewsmisiones.ar\/site\/wp-content\/uploads\/2024\/09\/WhatsApp-Image-2024-09-26-at-12.47.56-655x1024.jpeg\" alt=\"\" class=\"wp-image-26595\" srcset=\"https:\/\/radionewsmisiones.ar\/site\/wp-content\/uploads\/2024\/09\/WhatsApp-Image-2024-09-26-at-12.47.56-655x1024.jpeg 655w, https:\/\/radionewsmisiones.ar\/site\/wp-content\/uploads\/2024\/09\/WhatsApp-Image-2024-09-26-at-12.47.56-192x300.jpeg 192w, https:\/\/radionewsmisiones.ar\/site\/wp-content\/uploads\/2024\/09\/WhatsApp-Image-2024-09-26-at-12.47.56-768x1200.jpeg 768w, https:\/\/radionewsmisiones.ar\/site\/wp-content\/uploads\/2024\/09\/WhatsApp-Image-2024-09-26-at-12.47.56-983x1536.jpeg 983w, https:\/\/radionewsmisiones.ar\/site\/wp-content\/uploads\/2024\/09\/WhatsApp-Image-2024-09-26-at-12.47.56.jpeg 1024w\" sizes=\"(max-width: 655px) 100vw, 655px\" \/><\/figure>\n\n\n\n<p><br>La localidad de San Pedro tambi\u00e9n registr\u00f3 inconvenientes en l\u00edneas de media y baja tensi\u00f3n, pero las maniobras de remplazo de suministro lograron abastecer a los usuarios mientras se reparan los da\u00f1os por \u00e1rboles y postes ca\u00eddos. Las fallas en una linea de 132 kV que alimenta a la regi\u00f3n complic\u00f3 el suministro de las localidades aleda\u00f1as a primera hora, pero el trabajo de los equipos t\u00e9cnicos de las distintas \u00e1reas de la empresa logr\u00f3 superar las situaciones mas graves. Desde el distrito advirtieron que podr\u00edan registrarse cortes temporarios para maniobras qu\u00e9 permitan poner en servicio las l\u00edneas reparadas.<\/p>\n\n\n\n<p><br>Barrios de Posadas tambi\u00e9n sufrieron las consecuencias del fen\u00f3meno meteorol\u00f3gico y el servicio se fue reponiendo a medida de que las cuadrillas repararon las fallas.<br>Hubo frentes de trabajo aun en plena tormenta en Itaemb\u00e9 Min\u00ed, Itaemb\u00e9 Guaz\u00fa, barrios Latinoam\u00e9rica, Nuevo Amanecer, Hip\u00f3dromo, chacras 248 y 247.<br>En Iguaz\u00fa se registraron da\u00f1os en el tendido que alimenta las Dos Mil Hect\u00e1reas. Tambi\u00e9n se desplegaron frentes de trabajo en Garup\u00e1, Candelaria, Ap\u00f3stoles, San Ignacio, Loreto, Jard\u00edn Am\u00e9rica, Campp Viera y Campo Grande, entre otras localidades con afectaci\u00f3n menor.<\/p>\n\n\n\n<p><br>A lo largo del d\u00eda la empresa seguir\u00e1 atendiendo a los usuarios que presenten cortes domiciliarios por fallas de fusibles y otros efectos de la tormenta el\u00e9ctrica.<br>Recuerdan que los reclamos se pueden realizar por varios canales de comunicaci\u00f3n, pero el que m\u00e1s se sugiere desde la distribuidora es el que se habilit\u00f3 a trav\u00e9s de la aplicaci\u00f3n (app) disponible para celulares, la que permite no solo canalizar el reclamo a las cuadrillas, sino tambi\u00e9n el necesario seguimiento hasta la resoluci\u00f3n.<\/p>\n","protected":false},"excerpt":{"rendered":"<p>Desde la noche\/madrugada de este mi&eacute;rcoles, el frente de tormentas que cubre la provincia gener&oacute; cortes del servicio el&eacute;ctrico y afectaciones de distinta consideraci&oacute;n, siendo la localidad de San Javier&hellip; <\/p>\n","protected":false},"author":3,"featured_media":26595,"comment_status":"closed","ping_status":"closed","sticky":false,"template":"","format":"standard","meta":{"_monsterinsights_skip_tracking":false,"_monsterinsights_sitenote_active":false,"_monsterinsights_sitenote_note":"","_monsterinsights_sitenote_category":0},"categories":[3],"tags":[306],"aioseo_notices":[],"_links":{"self":[{"href":"https:\/\/radionewsmisiones.ar\/site\/wp-json\/wp\/v2\/posts\/26594"}],"collection":[{"href":"https:\/\/radionewsmisiones.ar\/site\/wp-json\/wp\/v2\/posts"}],"about":[{"href":"https:\/\/radionewsmisiones.ar\/site\/wp-json\/wp\/v2\/types\/post"}],"author":[{"embeddable":true,"href":"https:\/\/radionewsmisiones.ar\/site\/wp-json\/wp\/v2\/users\/3"}],"replies":[{"embeddable":true,"href":"https:\/\/radionewsmisiones.ar\/site\/wp-json\/wp\/v2\/comments?post=26594"}],"version-history":[{"count":1,"href":"https:\/\/radionewsmisiones.ar\/site\/wp-json\/wp\/v2\/posts\/26594\/revisions"}],"predecessor-version":[{"id":26596,"href":"https:\/\/radionewsmisiones.ar\/site\/wp-json\/wp\/v2\/posts\/26594\/revisions\/26596"}],"wp:featuredmedia":[{"embeddable":true,"href":"https:\/\/radionewsmisiones.ar\/site\/wp-json\/wp\/v2\/media\/26595"}],"wp:attachment":[{"href":"https:\/\/radionewsmisiones.ar\/site\/wp-json\/wp\/v2\/media?parent=26594"}],"wp:term":[{"taxonomy":"category","embeddable":true,"href":"https:\/\/radionewsmisiones.ar\/site\/wp-json\/wp\/v2\/categories?post=26594"},{"taxonomy":"post_tag","embeddable":true,"href":"https:\/\/radionewsmisiones.ar\/site\/wp-json\/wp\/v2\/tags?post=26594"}],"curies":[{"name":"wp","href":"https:\/\/api.w.org\/{rel}","templated":true}]}}