{"id":26597,"date":"2024-09-26T19:28:39","date_gmt":"2024-09-26T22:28:39","guid":{"rendered":"https:\/\/radionewsmisiones.ar\/site\/?p=26597"},"modified":"2024-09-26T19:28:52","modified_gmt":"2024-09-26T22:28:52","slug":"premio-presidencial-escuelas-solidarias-hasta-el-lunes-se-reciben-propuestas","status":"publish","type":"post","link":"https:\/\/radionewsmisiones.ar\/site\/provinciales\/premio-presidencial-escuelas-solidarias-hasta-el-lunes-se-reciben-propuestas\/","title":{"rendered":"Premio presidencial \u201cEscuelas Solidarias\u201d: hasta el lunes se reciben propuestas"},"content":{"rendered":"\n<p>Las instituciones escolares misioneras podr\u00e1n presentar sus propuestas para participar en el premio presidencial \u201cEscuelas Solidarias\u201d, en su 17\u00b0 edici\u00f3n, hasta el pr\u00f3ximo lunes 30 de septiembre. Pueden participar de todos los niveles y modalidades con proyectos que tengan alg\u00fan fin solidario y acceder a alguno de los premios de hasta medio mill\u00f3n de pesos.<\/p>\n\n\n\n<figure class=\"wp-block-image size-large\"><img loading=\"lazy\" width=\"1024\" height=\"1024\" src=\"https:\/\/radionewsmisiones.ar\/site\/wp-content\/uploads\/2024\/09\/WhatsApp-Image-2024-09-26-at-12.34.28-1024x1024.jpeg\" alt=\"\" class=\"wp-image-26598\" srcset=\"https:\/\/radionewsmisiones.ar\/site\/wp-content\/uploads\/2024\/09\/WhatsApp-Image-2024-09-26-at-12.34.28-1024x1024.jpeg 1024w, https:\/\/radionewsmisiones.ar\/site\/wp-content\/uploads\/2024\/09\/WhatsApp-Image-2024-09-26-at-12.34.28-300x300.jpeg 300w, https:\/\/radionewsmisiones.ar\/site\/wp-content\/uploads\/2024\/09\/WhatsApp-Image-2024-09-26-at-12.34.28-150x150.jpeg 150w, https:\/\/radionewsmisiones.ar\/site\/wp-content\/uploads\/2024\/09\/WhatsApp-Image-2024-09-26-at-12.34.28-768x768.jpeg 768w, https:\/\/radionewsmisiones.ar\/site\/wp-content\/uploads\/2024\/09\/WhatsApp-Image-2024-09-26-at-12.34.28.jpeg 1080w\" sizes=\"(max-width: 1024px) 100vw, 1024px\" \/><\/figure>\n\n\n\n<p><br>La propuesta es gestionada y adelante por la direcci\u00f3n de Pol\u00edticas Socioeducativas de la subsecretar\u00eda de Educaci\u00f3n del Ministerio hom\u00f3nimo. Busca potenciar las acciones solidarias en las instituciones escolares de todo el pa\u00eds, favoreciendo las causas que incluyen soluciones para sectores vulnerables. Tambi\u00e9n, en esta edici\u00f3n, se priorizar\u00e1 aquellos que apunten a la promoci\u00f3n de la alfabetizaci\u00f3n.<\/p>\n\n\n\n<p><br>La participaci\u00f3n es libre a trav\u00e9s del formulario de inscripci\u00f3n al que se puede acceder por el c\u00f3digo QR o bien ingresar en <a href=\"https:\/\/www.argentina.gob.ar\/educacion\/programas-educativos\/programa-nacional-educacion-solidaria\/premio-presidencial-escuelas-0\">https:\/\/www.argentina.gob.ar\/educacion\/programas-educativos\/programa-nacional-educacion-solidaria\/premio-presidencial-escuelas-0<\/a>. Cabe aclarar que se debe ingresar en la regi\u00f3n NEA.<\/p>\n\n\n\n<p>En cuanto a los premios, se otorgar\u00e1n:<\/p>\n\n\n\n<p>6 Primeros Premios generales de $500.000.<br>3 Primeros Premios, con menci\u00f3n especial a la promoci\u00f3n de Alfabetizaci\u00f3n, de $500.000.<br>5 Segundos Premios generales de $400.000.<br>50 Menciones de Honor de $200.000.<\/p>\n","protected":false},"excerpt":{"rendered":"<p>Las instituciones escolares misioneras podr&aacute;n presentar sus propuestas para participar en el premio presidencial &ldquo;Escuelas Solidarias&rdquo;, en su 17&deg; edici&oacute;n, hasta el pr&oacute;ximo lunes 30 de septiembre. Pueden participar de&hellip; <\/p>\n","protected":false},"author":3,"featured_media":26598,"comment_status":"closed","ping_status":"closed","sticky":false,"template":"","format":"standard","meta":{"_monsterinsights_skip_tracking":false,"_monsterinsights_sitenote_active":false,"_monsterinsights_sitenote_note":"","_monsterinsights_sitenote_category":0},"categories":[3],"tags":[26],"aioseo_notices":[],"_links":{"self":[{"href":"https:\/\/radionewsmisiones.ar\/site\/wp-json\/wp\/v2\/posts\/26597"}],"collection":[{"href":"https:\/\/radionewsmisiones.ar\/site\/wp-json\/wp\/v2\/posts"}],"about":[{"href":"https:\/\/radionewsmisiones.ar\/site\/wp-json\/wp\/v2\/types\/post"}],"author":[{"embeddable":true,"href":"https:\/\/radionewsmisiones.ar\/site\/wp-json\/wp\/v2\/users\/3"}],"replies":[{"embeddable":true,"href":"https:\/\/radionewsmisiones.ar\/site\/wp-json\/wp\/v2\/comments?post=26597"}],"version-history":[{"count":1,"href":"https:\/\/radionewsmisiones.ar\/site\/wp-json\/wp\/v2\/posts\/26597\/revisions"}],"predecessor-version":[{"id":26599,"href":"https:\/\/radionewsmisiones.ar\/site\/wp-json\/wp\/v2\/posts\/26597\/revisions\/26599"}],"wp:featuredmedia":[{"embeddable":true,"href":"https:\/\/radionewsmisiones.ar\/site\/wp-json\/wp\/v2\/media\/26598"}],"wp:attachment":[{"href":"https:\/\/radionewsmisiones.ar\/site\/wp-json\/wp\/v2\/media?parent=26597"}],"wp:term":[{"taxonomy":"category","embeddable":true,"href":"https:\/\/radionewsmisiones.ar\/site\/wp-json\/wp\/v2\/categories?post=26597"},{"taxonomy":"post_tag","embeddable":true,"href":"https:\/\/radionewsmisiones.ar\/site\/wp-json\/wp\/v2\/tags?post=26597"}],"curies":[{"name":"wp","href":"https:\/\/api.w.org\/{rel}","templated":true}]}}