{"id":26794,"date":"2024-10-01T08:00:21","date_gmt":"2024-10-01T11:00:21","guid":{"rendered":"https:\/\/radionewsmisiones.ar\/site\/?p=26794"},"modified":"2024-10-01T08:00:26","modified_gmt":"2024-10-01T11:00:26","slug":"feria-nacional-de-educacion-artes-ciencias-y-tecnologia-2024-un-reconocimiento-a-la-creatividad-estudiantil","status":"publish","type":"post","link":"https:\/\/radionewsmisiones.ar\/site\/provinciales\/feria-nacional-de-educacion-artes-ciencias-y-tecnologia-2024-un-reconocimiento-a-la-creatividad-estudiantil\/","title":{"rendered":"Feria Nacional de Educaci\u00f3n, Artes, Ciencias y Tecnolog\u00eda 2024: Un Reconocimiento a la Creatividad Estudiantil"},"content":{"rendered":"\n<p>La Feria Nacional de Educaci\u00f3n, Artes, Ciencias y Tecnolog\u00eda 2024, celebrada en la Provincia de Tucum\u00e1n, se llen\u00f3 de entusiasmo y descubrimientos gracias a la participaci\u00f3n de estudiantes de todo el pa\u00eds. Durante el evento, se destac\u00f3 el compromiso y la dedicaci\u00f3n de los j\u00f3venes investigadores que presentaron proyectos innovadores en diversas \u00e1reas del conocimiento.<\/p>\n\n\n\n<figure class=\"wp-block-image size-large\"><img loading=\"lazy\" width=\"1024\" height=\"769\" src=\"https:\/\/radionewsmisiones.ar\/site\/wp-content\/uploads\/2024\/10\/WhatsApp-Image-2024-09-30-at-20.49.56-1024x769.jpeg\" alt=\"\" class=\"wp-image-26795\" srcset=\"https:\/\/radionewsmisiones.ar\/site\/wp-content\/uploads\/2024\/10\/WhatsApp-Image-2024-09-30-at-20.49.56-1024x769.jpeg 1024w, https:\/\/radionewsmisiones.ar\/site\/wp-content\/uploads\/2024\/10\/WhatsApp-Image-2024-09-30-at-20.49.56-300x225.jpeg 300w, https:\/\/radionewsmisiones.ar\/site\/wp-content\/uploads\/2024\/10\/WhatsApp-Image-2024-09-30-at-20.49.56-768x576.jpeg 768w, https:\/\/radionewsmisiones.ar\/site\/wp-content\/uploads\/2024\/10\/WhatsApp-Image-2024-09-30-at-20.49.56-1536x1153.jpeg 1536w, https:\/\/radionewsmisiones.ar\/site\/wp-content\/uploads\/2024\/10\/WhatsApp-Image-2024-09-30-at-20.49.56.jpeg 1600w\" sizes=\"(max-width: 1024px) 100vw, 1024px\" \/><\/figure>\n\n\n\n<p>Entre los logros m\u00e1s notables, se destacaron los de los estudiantes misioneros de la Escuela 970 de Puerto Leoni que fue reconocida por su destacada participaci\u00f3n en la modalidad de Educaci\u00f3n Intercultural Biling\u00fce, recibiendo una menci\u00f3n especial del Ministerio de Capital Humano y la Secretar\u00eda de Educaci\u00f3n de la Naci\u00f3n. Este a\u00f1o, la provincia cosech\u00f3 un doble reconocimiento nacional en el \u00e1mbito de la Educaci\u00f3n Intercultural Biling\u00fce, subrayando el impacto y la relevancia de estas iniciativas.<\/p>\n\n\n\n<p>Asimismo, el NENI 2136 ext 13 de Bonpland, del departamento de Candelaria, tambi\u00e9n fue galardonado por su valiosa contribuci\u00f3n. Estos reconocimientos reflejan la importancia de integrar diversas perspectivas culturales en el \u00e1mbito educativo y el trabajo admirable que desarrollan las instituciones educativas de la provincia.<\/p>\n\n\n\n<p>La Feria es un espacio \u00fanico que invita a la comunidad a descubrir proyectos realizados por estudiantes, quienes abordan problem\u00e1ticas locales desde un enfoque cient\u00edfico-tecnol\u00f3gico, matem\u00e1tico, humanista y art\u00edstico. Estos trabajos, que surgen de las aulas, se extienden a lo largo del ciclo lectivo, desde ferias escolares hasta instancias zonales y provinciales, culminando en este gran evento nacional. La participaci\u00f3n activa de estudiantes, docentes y familias demuestra el compromiso educativo y la colaboraci\u00f3n comunitaria.<\/p>\n\n\n\n<p>El Programa Nacional de Ferias de Ciencias y Tecnolog\u00eda busca fortalecer las trayectorias educativas y ofrecer propuestas pedag\u00f3gicas variadas. Este a\u00f1o, se introdujo un enfoque STEAM que integra Ciencias, Tecnolog\u00eda, Ingenier\u00eda, Artes y Matem\u00e1ticas, y se adapta a los contextos escolares y comunitarios de cada proyecto. Este modelo promueve la resoluci\u00f3n interdisciplinaria de problemas, enriqueciendo el aprendizaje de los estudiantes.<\/p>\n\n\n\n<p>Este espacio de construcci\u00f3n federal y participaci\u00f3n busca no solo reconocer el esfuerzo de estudiantes y docentes, sino tambi\u00e9n fomentar una escuela que ampl\u00ede horizontes y promueva el aprendizaje colaborativo.<\/p>\n","protected":false},"excerpt":{"rendered":"<p>La Feria Nacional de Educaci&oacute;n, Artes, Ciencias y Tecnolog&iacute;a 2024, celebrada en la Provincia de Tucum&aacute;n, se llen&oacute; de entusiasmo y descubrimientos gracias a la participaci&oacute;n de estudiantes de todo&hellip; <\/p>\n","protected":false},"author":3,"featured_media":26796,"comment_status":"closed","ping_status":"closed","sticky":false,"template":"","format":"standard","meta":{"_monsterinsights_skip_tracking":false,"_monsterinsights_sitenote_active":false,"_monsterinsights_sitenote_note":"","_monsterinsights_sitenote_category":0},"categories":[3],"tags":[26],"aioseo_notices":[],"_links":{"self":[{"href":"https:\/\/radionewsmisiones.ar\/site\/wp-json\/wp\/v2\/posts\/26794"}],"collection":[{"href":"https:\/\/radionewsmisiones.ar\/site\/wp-json\/wp\/v2\/posts"}],"about":[{"href":"https:\/\/radionewsmisiones.ar\/site\/wp-json\/wp\/v2\/types\/post"}],"author":[{"embeddable":true,"href":"https:\/\/radionewsmisiones.ar\/site\/wp-json\/wp\/v2\/users\/3"}],"replies":[{"embeddable":true,"href":"https:\/\/radionewsmisiones.ar\/site\/wp-json\/wp\/v2\/comments?post=26794"}],"version-history":[{"count":1,"href":"https:\/\/radionewsmisiones.ar\/site\/wp-json\/wp\/v2\/posts\/26794\/revisions"}],"predecessor-version":[{"id":26797,"href":"https:\/\/radionewsmisiones.ar\/site\/wp-json\/wp\/v2\/posts\/26794\/revisions\/26797"}],"wp:featuredmedia":[{"embeddable":true,"href":"https:\/\/radionewsmisiones.ar\/site\/wp-json\/wp\/v2\/media\/26796"}],"wp:attachment":[{"href":"https:\/\/radionewsmisiones.ar\/site\/wp-json\/wp\/v2\/media?parent=26794"}],"wp:term":[{"taxonomy":"category","embeddable":true,"href":"https:\/\/radionewsmisiones.ar\/site\/wp-json\/wp\/v2\/categories?post=26794"},{"taxonomy":"post_tag","embeddable":true,"href":"https:\/\/radionewsmisiones.ar\/site\/wp-json\/wp\/v2\/tags?post=26794"}],"curies":[{"name":"wp","href":"https:\/\/api.w.org\/{rel}","templated":true}]}}