{"id":27081,"date":"2024-10-08T18:15:52","date_gmt":"2024-10-08T21:15:52","guid":{"rendered":"https:\/\/radionewsmisiones.ar\/site\/?p=27081"},"modified":"2024-10-08T18:15:57","modified_gmt":"2024-10-08T21:15:57","slug":"utep-con-los-alimentazos-construimos-un-modelo-solidario-y-equitativo-entre-productores-y-consumidores%ef%bf%bc","status":"publish","type":"post","link":"https:\/\/radionewsmisiones.ar\/site\/provinciales\/utep-con-los-alimentazos-construimos-un-modelo-solidario-y-equitativo-entre-productores-y-consumidores%ef%bf%bc\/","title":{"rendered":"Utep: Con los Alimentazos constru\u00edmos\u00a0un modelo solidario y equitativo entre productores y consumidores\ufffc"},"content":{"rendered":"\n<p>POSADAS. Despu\u00e9s de los Alimentazos que se desarrollaron en Itaemb\u00e9 Guaz\u00fa\u00a0\u00a0y Min\u00ed, de Posadas, esta vez el lugar elegido fue la chacra 150 de Villa Cabello, para que miles de familias tuvieran la oportunidad de acceder a precios populares de gran variedad de alimentos sanos, frescos, y de calidad, producidos de manera agroecol\u00f3gica, siguiendo el camino de la Soberan\u00eda Alimentaria.<\/p>\n\n\n\n<figure class=\"wp-block-image size-large\"><img loading=\"lazy\" width=\"1024\" height=\"557\" src=\"https:\/\/radionewsmisiones.ar\/site\/wp-content\/uploads\/2024\/10\/El-Alimentazo-en-tu-Barrio-con-muy-buenas-ventas-1024x557.jpg\" alt=\"\" class=\"wp-image-27082\" srcset=\"https:\/\/radionewsmisiones.ar\/site\/wp-content\/uploads\/2024\/10\/El-Alimentazo-en-tu-Barrio-con-muy-buenas-ventas-1024x557.jpg 1024w, https:\/\/radionewsmisiones.ar\/site\/wp-content\/uploads\/2024\/10\/El-Alimentazo-en-tu-Barrio-con-muy-buenas-ventas-300x163.jpg 300w, https:\/\/radionewsmisiones.ar\/site\/wp-content\/uploads\/2024\/10\/El-Alimentazo-en-tu-Barrio-con-muy-buenas-ventas-768x418.jpg 768w, https:\/\/radionewsmisiones.ar\/site\/wp-content\/uploads\/2024\/10\/El-Alimentazo-en-tu-Barrio-con-muy-buenas-ventas-1536x836.jpg 1536w, https:\/\/radionewsmisiones.ar\/site\/wp-content\/uploads\/2024\/10\/El-Alimentazo-en-tu-Barrio-con-muy-buenas-ventas.jpg 2048w\" sizes=\"(max-width: 1024px) 100vw, 1024px\" \/><\/figure>\n\n\n\n<p><br>La jornada organizada\u00a0por la<strong><em> Uni\u00f3n de Trabajadores y Trabajadoras de la Econom\u00eda Popular <\/em><\/strong>(Utep), se desarroll\u00f3 con el nombre de <strong>\u00abAlimentazo en tu Barrio\u00bb<\/strong> en el local de la pe\u00f1a de Boca Juniors, donde se distribuyeron gacebos con los puestos de frutas, verduras, pollos, carne vacuna, huevos, l\u00e1cteos, panificados, dulces artesanales y almid\u00f3n, entre otros productos, y adem\u00e1s se sum\u00f3 la promoci\u00f3n del Ahora Gas.<br>Participaron Posadas, Ap\u00f3stoles, Jard\u00edn Am\u00e9rica, San Antonio, Comandante Andresito, Pozo Azul, Roca, Bonpland y San Pedro, entre otras localidades.\u00a0Lo novedoso de este Alimentazo fue que los docentes tuvieron descuentos, muy celebrados\u00a0\u00a0y agradecidos por quienes se acercaron a comprar.<\/p>\n\n\n\n<p>\u00abFue un \u00e9xito de participaci\u00f3n y ventas por la gran cantidad de gente que se acerc\u00f3 hasta el club de Villa Cabello\u00bb, destac\u00f3 Yeni Ag\u00fcero, una de las militantes del Evita que ofici\u00f3 de feriante, ya que muchos trabajadores enviaron sus productos y se cre\u00f3 un grupo de militantes para colaborar con las ventas.<br>Y la otra buena noticia de la jornada radic\u00f3 en que esta vez las familias trabajadoras de la econom\u00eda popular, pudieron trasladar la gran cantidad de productos que siembran y elaboran, en un cami\u00f3n refrigerado del<strong><em> Movimiento Evita Misiones<\/em><\/strong> y la <strong>Utep<\/strong>, preparado especialmente para esa tarea.<\/p>\n\n\n\n<p><strong>Descuentos celebrados por jubiladas y docentes<\/strong><br>La concejala del bloque <strong><em>Tierra, Techo y Trabajo<\/em><\/strong> de Bonpland, Noelia \u00abTani\u00bb Pi\u00f1eiro, de Bonpland, junto a otras&nbsp;militantes se ocuparon de vender en reemplazo muchos agricultores y agricultoras, a quienes en estos tiempos dif\u00edciles, por los costos, les resultaba muy complicado trasladarse desde diferentes zonas alejadas de la provincia.<\/p>\n\n\n\n<p>\u00abLa experiencia de participar en los Alimentazos siempre es muy gratificante, y el que realizamos en la Chacra 150 de Posadas, todav\u00eda m\u00e1s porque logramos contribuir con los docentes, y las y los jubilados debido a esta crisis generada por el Gobierno nacional actual. Todas nuestras producciones ten\u00edan descuentos&nbsp;del 20%, para que pudieran comprar los alimentos esenciales en estos momentos tan dif\u00edciles. Fue conmovedor ver como los abuelos y abuelas nos agradecieron por esa ayuda. Estaban muy felices y nos ped\u00edan que estas&nbsp;ferias se repitieran todos los fines de semana\u00bb, detall\u00f3 la edil de Bonpland.<\/p>\n\n\n\n<p>En Posadas hubo gran variedad de hortalizas, frutas frescas, quesos, carne de cerdo y de vaca de las unidades productivas organizadas por el<strong><em> Movimiento Evita<\/em><\/strong> de distintas localidades de la provincia.<\/p>\n\n\n\n<p><strong>Producci\u00f3n cooperativa y comercializaci\u00f3n justa<\/strong><br>El secretario general del <strong><em>Movimiento Evita Misiones,<\/em><\/strong> Mart\u00edn Sereno expres\u00f3 que con los Alimentazos est\u00e1n construyendo \u00abun modelo solidario y equitativo que crece d\u00eda a d\u00eda, y lo de Villa Cabello fue una enorme muestra de eso\u00bb.<\/p>\n\n\n\n<p>El cami\u00f3n agroecol\u00f3gico arranc\u00f3 su recorrido por barrios de los municipios, trasladando alimentos frescos, sanos y a precios populares, directo a cada vecino y vecina. \u00abAs\u00ed nos acercamos a productores y consumidores porque creemos en un modelo de producci\u00f3n cooperativa y de comercializaci\u00f3n justa para todos y todas\u00bb.<br>Agradeci\u00f3 el apoyo de los responsables del local de Boca Juniors que prestaron las instalaciones para este nuevo Alimentazo, y tambi\u00e9n a cientos de militantes, compa\u00f1eros y compa\u00f1eras que solidaria y colectivamente se ofrecieron para vender los productos para las familias agricultoras, que no pod\u00edan llegar desde la zona norte sobre todo.<br>\u00abMientras el Gobierno los castiga, nosotros tendemos una mano para que los y las compa\u00f1eras feriantes vendan, y los consumidores accedan a alimentos saludables\u00bb, afirm\u00f3 el dirigente.<br>Sostuvo que este logro tambi\u00e9n fue posible gracias a la colaboraci\u00f3n del Instituto de Macroeconom\u00eda Circular (IMaC) y al Municipio de Posadas, que \u00abhicieron un trabajo impresionante junto a nosotros. Agradecemos por sumar y hacer de este modelo una realidad\u00bb, enfatiz\u00f3.<\/p>\n\n\n\n<p>Sereno pidi\u00f3 que los vecinos y vecinas est\u00e9n atentas, porque pronto estar\u00e1n en otros barrios con m\u00e1s alimentos sanos, ventas solidarias y precios justos. As\u00ed como ocurre los s\u00e1bados en la Feria Agroecol\u00f3gica de Bernardo de Irigoyen.<\/p>\n\n\n\n<p><strong>Ferias agroecol\u00f3gicas, un canal de calidad y ventas<\/strong><br>La organizaci\u00f3n e instalaci\u00f3n de la Feria Agroecol\u00f3gica todos los s\u00e1bados en barrio Vista Alegre, de Bernardo de Irigoyen, es un hecho muy significativo, no s\u00f3lo porque las familias productoras de la zona -en este caso de Irigoyen y de San Antonio-, llevan directamente de sus chacras, lo mejor de su producci\u00f3n para los consumidores; sino porque adem\u00e1s, el Centro Integrador Comunitario (CIC), despu\u00e9s de estar&nbsp;mucho tiempo completamente abandonado, fue recuperado desde hace varios a\u00f1os por las y los militantes del <strong><em>Movimiento Evita<\/em><\/strong>, y en \u00e9l realizan diversas actividades.<\/p>\n\n\n\n<p>Una de las coordinadoras de la feria es la militante del Evita, y presidenta de la Cooperativa de Trabajo Nuevo Horizonte, de San Antonio, Vanesa Ribeiro, junto a Beatr\u00edz Rodr\u00edguez, Marcia Padilha, Margarita de Almeida, Jos\u00e9 Pereira, Isabel C\u00e1ceres, Manuela Dos Santos y la colaboraci\u00f3n log\u00edstica de Camila de Almeida.<br>\u00abLas ferias se hacen generalmente los s\u00e1bados, y obtenemos buenas ventas, sobre todo con verduras y hortalizas frescas, mandiocas, pollos de granjas, quesos producido artesanalmente; huevos; miel de abeja y de ca\u00f1a, entre otros, porque las vecinas y vecinos saben que comprando en nuestra feria, no s\u00f3lo ahorran dinero, sino que fortalecen a las familias productoras y protegen el futuro de su comunidad, porque cada compra ayuda a que m\u00e1s familias puedan seguir arraigadas en sus tierras, y que con su trabajo garantizan el alimento de todos y todas\u00bb, manifest\u00f3 Vanesa.<\/p>\n","protected":false},"excerpt":{"rendered":"<p>POSADAS. Despu&eacute;s de los Alimentazos que se desarrollaron en Itaemb&eacute; Guaz&uacute;&nbsp;&nbsp;y Min&iacute;, de Posadas, esta vez el lugar elegido fue la chacra 150 de Villa Cabello, para que miles de&hellip; <\/p>\n","protected":false},"author":3,"featured_media":27083,"comment_status":"closed","ping_status":"closed","sticky":false,"template":"","format":"standard","meta":{"_monsterinsights_skip_tracking":false,"_monsterinsights_sitenote_active":false,"_monsterinsights_sitenote_note":"","_monsterinsights_sitenote_category":0},"categories":[3],"tags":[322],"aioseo_notices":[],"_links":{"self":[{"href":"https:\/\/radionewsmisiones.ar\/site\/wp-json\/wp\/v2\/posts\/27081"}],"collection":[{"href":"https:\/\/radionewsmisiones.ar\/site\/wp-json\/wp\/v2\/posts"}],"about":[{"href":"https:\/\/radionewsmisiones.ar\/site\/wp-json\/wp\/v2\/types\/post"}],"author":[{"embeddable":true,"href":"https:\/\/radionewsmisiones.ar\/site\/wp-json\/wp\/v2\/users\/3"}],"replies":[{"embeddable":true,"href":"https:\/\/radionewsmisiones.ar\/site\/wp-json\/wp\/v2\/comments?post=27081"}],"version-history":[{"count":1,"href":"https:\/\/radionewsmisiones.ar\/site\/wp-json\/wp\/v2\/posts\/27081\/revisions"}],"predecessor-version":[{"id":27084,"href":"https:\/\/radionewsmisiones.ar\/site\/wp-json\/wp\/v2\/posts\/27081\/revisions\/27084"}],"wp:featuredmedia":[{"embeddable":true,"href":"https:\/\/radionewsmisiones.ar\/site\/wp-json\/wp\/v2\/media\/27083"}],"wp:attachment":[{"href":"https:\/\/radionewsmisiones.ar\/site\/wp-json\/wp\/v2\/media?parent=27081"}],"wp:term":[{"taxonomy":"category","embeddable":true,"href":"https:\/\/radionewsmisiones.ar\/site\/wp-json\/wp\/v2\/categories?post=27081"},{"taxonomy":"post_tag","embeddable":true,"href":"https:\/\/radionewsmisiones.ar\/site\/wp-json\/wp\/v2\/tags?post=27081"}],"curies":[{"name":"wp","href":"https:\/\/api.w.org\/{rel}","templated":true}]}}