{"id":27092,"date":"2024-10-08T18:42:15","date_gmt":"2024-10-08T21:42:15","guid":{"rendered":"https:\/\/radionewsmisiones.ar\/site\/?p=27092"},"modified":"2024-10-08T18:42:27","modified_gmt":"2024-10-08T21:42:27","slug":"semana-de-las-ciencias-jornada-de-revalorizacion-del-aporte-de-la-ciencia-y-la-tecnologia","status":"publish","type":"post","link":"https:\/\/radionewsmisiones.ar\/site\/provinciales\/semana-de-las-ciencias-jornada-de-revalorizacion-del-aporte-de-la-ciencia-y-la-tecnologia\/","title":{"rendered":"Semana de las Ciencias: Jornada de revalorizaci\u00f3n del aporte de la ciencia y la tecnolog\u00eda"},"content":{"rendered":"\n<p>El Ministerio de Educaci\u00f3n y la Universidad Nacional de Misiones Celebrar\u00e1n la \u00abSemana de las Ciencias<br>En un esfuerzo por fomentar la ciencia y la tecnolog\u00eda entre los estudiantes de todos los niveles educativos, el Ministerio de Educaci\u00f3n, Ciencia y Tecnolog\u00eda, en colaboraci\u00f3n con la Secretar\u00eda de Ciencia y Tecnolog\u00eda de la Universidad Nacional de Misiones, llevar\u00e1 a cabo la esperada \u00abSemana de las Ciencias\u00bb. Este evento se presenta como una oportunidad clave para estimular el inter\u00e9s cient\u00edfico y promover un aprendizaje activo en la provincia.<\/p>\n\n\n\n<figure class=\"wp-block-image size-large\"><img loading=\"lazy\" width=\"1024\" height=\"768\" src=\"https:\/\/radionewsmisiones.ar\/site\/wp-content\/uploads\/2024\/10\/WhatsApp-Image-2024-10-08-at-11.02.52-1024x768.jpeg\" alt=\"\" class=\"wp-image-27093\" srcset=\"https:\/\/radionewsmisiones.ar\/site\/wp-content\/uploads\/2024\/10\/WhatsApp-Image-2024-10-08-at-11.02.52-1024x768.jpeg 1024w, https:\/\/radionewsmisiones.ar\/site\/wp-content\/uploads\/2024\/10\/WhatsApp-Image-2024-10-08-at-11.02.52-300x225.jpeg 300w, https:\/\/radionewsmisiones.ar\/site\/wp-content\/uploads\/2024\/10\/WhatsApp-Image-2024-10-08-at-11.02.52-768x576.jpeg 768w, https:\/\/radionewsmisiones.ar\/site\/wp-content\/uploads\/2024\/10\/WhatsApp-Image-2024-10-08-at-11.02.52-1536x1152.jpeg 1536w, https:\/\/radionewsmisiones.ar\/site\/wp-content\/uploads\/2024\/10\/WhatsApp-Image-2024-10-08-at-11.02.52-2048x1536.jpeg 2048w\" sizes=\"(max-width: 1024px) 100vw, 1024px\" \/><\/figure>\n\n\n\n<p><br>Con esta propuesta se busca motivar a los estudiantes a explorar el fascinante mundo de la ciencia a trav\u00e9s de la exhibici\u00f3n de trabajos de laboratorio y tecnolog\u00edas innovadoras. Se espera que esta experiencia no solo despierte la curiosidad natural de los j\u00f3venes, sino que tambi\u00e9n les ayude a desarrollar habilidades cognitivas esenciales, tales como la formulaci\u00f3n de preguntas, la observaci\u00f3n y el pensamiento cr\u00edtico. Para ello, se ofrecer\u00e1n talleres pr\u00e1cticos y presentaciones interactivas que enriquecer\u00e1n tanto su vida acad\u00e9mica como personal.<\/p>\n\n\n\n<p><br>Adem\u00e1s, el evento integra la ciencia con los diversos niveles educativos, alineando las actividades cient\u00edficas a los contenidos curriculares. Esta iniciativa facilitar\u00e1 a los estudiantes comprender la aplicaci\u00f3n de la ciencia en situaciones reales y cotidianas, demostrando su relevancia en la vida diaria.<br>Uno de los aspectos m\u00e1s destacados de la \u00abSemana de las Ciencias\u00bb es su enfoque en promover la colaboraci\u00f3n entre estudiantes, docentes y profesionales del \u00e1mbito cient\u00edfico. Este entorno facilitar\u00e1 la interacci\u00f3n y el establecimiento de redes, lo que puede resultar crucial para futuros proyectos acad\u00e9micos y profesionales.<\/p>\n\n\n\n<p><br>La importancia de esta jornada radica &#8211; no solo &#8211; en la generaci\u00f3n de conocimientos, sino tambi\u00e9n en su capacidad para evidenciar de qu\u00e9 manera progresivamente se originan nuevas tecnolog\u00edas que impactan positivamente en la sociedad. Por esta raz\u00f3n, las instituciones dedicadas al conocimiento realizan actividades de esta naturaleza, contribuyendo al desarrollo de tecnolog\u00edas que sostienen la biodiversidad y ofrecen estrategias efectivas para enfrentar desaf\u00edos como el cambio clim\u00e1tico, el desarrollo de bioinsumos y la optimizaci\u00f3n del uso de recursos naturales.<\/p>\n\n\n\n<p><br>La \u00abSemana de las Ciencias\u00bb promete ser un acontecimiento significativo en la vinculaci\u00f3n de la ciencia con la educaci\u00f3n en Misiones, sembrando las semillas del conocimiento en las futuras generaciones. Se espera que este evento no solo inspire a los estudiantes, sino que tambi\u00e9n genere un impacto duradero en su percepci\u00f3n y relaci\u00f3n con la ciencia y la tecnolog\u00eda.<\/p>\n","protected":false},"excerpt":{"rendered":"<p>El Ministerio de Educaci&oacute;n y la Universidad Nacional de Misiones Celebrar&aacute;n la &laquo;Semana de las CienciasEn un esfuerzo por fomentar la ciencia y la tecnolog&iacute;a entre los estudiantes de todos&hellip; <\/p>\n","protected":false},"author":3,"featured_media":27094,"comment_status":"closed","ping_status":"closed","sticky":false,"template":"","format":"standard","meta":{"_monsterinsights_skip_tracking":false,"_monsterinsights_sitenote_active":false,"_monsterinsights_sitenote_note":"","_monsterinsights_sitenote_category":0},"categories":[3],"tags":[26],"aioseo_notices":[],"_links":{"self":[{"href":"https:\/\/radionewsmisiones.ar\/site\/wp-json\/wp\/v2\/posts\/27092"}],"collection":[{"href":"https:\/\/radionewsmisiones.ar\/site\/wp-json\/wp\/v2\/posts"}],"about":[{"href":"https:\/\/radionewsmisiones.ar\/site\/wp-json\/wp\/v2\/types\/post"}],"author":[{"embeddable":true,"href":"https:\/\/radionewsmisiones.ar\/site\/wp-json\/wp\/v2\/users\/3"}],"replies":[{"embeddable":true,"href":"https:\/\/radionewsmisiones.ar\/site\/wp-json\/wp\/v2\/comments?post=27092"}],"version-history":[{"count":1,"href":"https:\/\/radionewsmisiones.ar\/site\/wp-json\/wp\/v2\/posts\/27092\/revisions"}],"predecessor-version":[{"id":27095,"href":"https:\/\/radionewsmisiones.ar\/site\/wp-json\/wp\/v2\/posts\/27092\/revisions\/27095"}],"wp:featuredmedia":[{"embeddable":true,"href":"https:\/\/radionewsmisiones.ar\/site\/wp-json\/wp\/v2\/media\/27094"}],"wp:attachment":[{"href":"https:\/\/radionewsmisiones.ar\/site\/wp-json\/wp\/v2\/media?parent=27092"}],"wp:term":[{"taxonomy":"category","embeddable":true,"href":"https:\/\/radionewsmisiones.ar\/site\/wp-json\/wp\/v2\/categories?post=27092"},{"taxonomy":"post_tag","embeddable":true,"href":"https:\/\/radionewsmisiones.ar\/site\/wp-json\/wp\/v2\/tags?post=27092"}],"curies":[{"name":"wp","href":"https:\/\/api.w.org\/{rel}","templated":true}]}}