{"id":27096,"date":"2024-10-08T18:44:46","date_gmt":"2024-10-08T21:44:46","guid":{"rendered":"https:\/\/radionewsmisiones.ar\/site\/?p=27096"},"modified":"2024-10-08T18:44:51","modified_gmt":"2024-10-08T21:44:51","slug":"musica-tradiciones-y-sabores-locales-en-la-fiesta-de-la-identidad-misionera","status":"publish","type":"post","link":"https:\/\/radionewsmisiones.ar\/site\/provinciales\/musica-tradiciones-y-sabores-locales-en-la-fiesta-de-la-identidad-misionera\/","title":{"rendered":"M\u00fasica, tradiciones y sabores locales en la Fiesta de la Identidad Misionera"},"content":{"rendered":"\n<p>Este viernes 11 y s\u00e1bado 12 de octubre, San Javier ser\u00e1 el escenario de la 3\u00b0 Fiesta Provincial de la Identidad Misionera; un evento que promete reunir a la comunidad en torno a sus tradiciones, cultura y gastronom\u00eda.<\/p>\n\n\n\n<figure class=\"wp-block-image size-large\"><img loading=\"lazy\" width=\"1024\" height=\"1024\" src=\"https:\/\/radionewsmisiones.ar\/site\/wp-content\/uploads\/2024\/10\/WhatsApp-Image-2024-10-08-at-12.28.29-1024x1024.jpeg\" alt=\"\" class=\"wp-image-27097\" srcset=\"https:\/\/radionewsmisiones.ar\/site\/wp-content\/uploads\/2024\/10\/WhatsApp-Image-2024-10-08-at-12.28.29-1024x1024.jpeg 1024w, https:\/\/radionewsmisiones.ar\/site\/wp-content\/uploads\/2024\/10\/WhatsApp-Image-2024-10-08-at-12.28.29-300x300.jpeg 300w, https:\/\/radionewsmisiones.ar\/site\/wp-content\/uploads\/2024\/10\/WhatsApp-Image-2024-10-08-at-12.28.29-150x150.jpeg 150w, https:\/\/radionewsmisiones.ar\/site\/wp-content\/uploads\/2024\/10\/WhatsApp-Image-2024-10-08-at-12.28.29-768x768.jpeg 768w, https:\/\/radionewsmisiones.ar\/site\/wp-content\/uploads\/2024\/10\/WhatsApp-Image-2024-10-08-at-12.28.29.jpeg 1280w\" sizes=\"(max-width: 1024px) 100vw, 1024px\" \/><\/figure>\n\n\n\n<p>Durante los dos d\u00edas de celebraci\u00f3n, los asistentes podr\u00e1n disfrutar de una variada programaci\u00f3n que incluye espect\u00e1culos de m\u00fasica en vivo con artistas locales y regionales, danzas tradicionales y una oferta gastron\u00f3mica que destaca los sabores t\u00edpicos de Misiones.<\/p>\n\n\n\n<p>El evento est\u00e1 dise\u00f1ado para toda la familia, asegurando una enriquecedora experiencia para quienes deseen reconectar con la esencia misionera.<\/p>\n\n\n\n<p>\u00abEs una alegr\u00eda inmensa presentarla, ser\u00eda imposible para nosotros realizarla sin el apoyo del gobierno y del Ministerio de Turismo. Es una oportunidad \u00fanica para reunirnos y compartir lo mejor de nuestras tradiciones y costumbres\u201d, expres\u00f3 el intendente Mat\u00edas Vilchez, en la conferencia de lanzamiento.<\/p>\n\n\n\n<p>La propuesta, adem\u00e1s, busca fortalecer el sentido de identidad misionera y promover el desarrollo tur\u00edstico y comercial en la regi\u00f3n. \u201cEste tipo de eventos reactivan la econom\u00eda de la zona y de la provincia, generando empleo y oportunidades de crecimiento para la comunidad\u201d, destac\u00f3 el ministro de Turismo, Jos\u00e9 Mar\u00eda Arr\u00faa.<\/p>\n\n\n\n<p>Con una oferta que abarca lo cultural, lo gastron\u00f3mico y lo productivo, la Fiesta Provincial de la Identidad Misionera se proyecta como una actividad ideal para quienes buscan disfrutar de un fin de semana con sabores y m\u00fasica regionales.<\/p>\n\n\n\n<p>Viernes 11\/10:<br>19:00 hs: Daniel Pereira<br>19:50 hs: Taller de danzas, folklore y estampas \u00abHerencia de mi tierra\u00bb<br>20:00 hs: Taller de danza nativo \u00abHasta el alma folfklore\u00bb<br>20:20 hs: Taller de danzas folkl\u00f3ricas argentina \u00abMi alma baila\u00bb<br>20:30 hs: Fabi\u00e1n Ant\u00fanez<br>20:50 hs: Academia Chamalambo<br>21:10 hs: Taller de danzas \u00abEl Cumanda\u00ed\u00bb<br>21:30 hs: Ballet del Parque del Conocimiento<br>22:45 hs: Los Encinas<br>23:30 hs: Bater\u00eda Legal<br>00:30 hs: Valeria y la 5ta justa<br>1:30 hs: La Estaci\u00f3n 13<br>2.30 hs: Musical Incorporaci\u00f3n<\/p>\n\n\n\n<p>S\u00e1bado 12\/10<br>19:00 hs: Instituto de danzas Luciana Britez<br>19:10 hs: Los de San Javier<br>19:40 hs: Escuela de gimnasia aer\u00f3bica y deportiva \u00abDeporte y recreaci\u00f3n\u00bb<br>19:50 hs: Taller de danza folkl\u00f3rica \u00abValorando nuestras ra\u00edces\u00bb<br>20:00 hs: Taller de danza nativa argentina \u00abAr\u00e1 Tir\u00ed\u00bb<br>20:10 hs: Estudio Superior de Danza \u00abTamara Esquivel\u00bb<br>20:20 hs: Lira Ver\u00e1<br>21:00 hs: Ballet Ober\u00e1<br>22:00 hs: Cristian y La Ruta<br>23:00 hs: Tinku Marka<br>00:00 hs: \u00abBacana\u00bb<br>01:00 hs: Caramba<br>02:00 hs: DJ Daga<\/p>\n","protected":false},"excerpt":{"rendered":"<p>Este viernes 11 y s&aacute;bado 12 de octubre, San Javier ser&aacute; el escenario de la 3&deg; Fiesta Provincial de la Identidad Misionera; un evento que promete reunir a la comunidad&hellip; <\/p>\n","protected":false},"author":3,"featured_media":27098,"comment_status":"closed","ping_status":"closed","sticky":false,"template":"","format":"standard","meta":{"_monsterinsights_skip_tracking":false,"_monsterinsights_sitenote_active":false,"_monsterinsights_sitenote_note":"","_monsterinsights_sitenote_category":0},"categories":[3],"tags":[86],"aioseo_notices":[],"_links":{"self":[{"href":"https:\/\/radionewsmisiones.ar\/site\/wp-json\/wp\/v2\/posts\/27096"}],"collection":[{"href":"https:\/\/radionewsmisiones.ar\/site\/wp-json\/wp\/v2\/posts"}],"about":[{"href":"https:\/\/radionewsmisiones.ar\/site\/wp-json\/wp\/v2\/types\/post"}],"author":[{"embeddable":true,"href":"https:\/\/radionewsmisiones.ar\/site\/wp-json\/wp\/v2\/users\/3"}],"replies":[{"embeddable":true,"href":"https:\/\/radionewsmisiones.ar\/site\/wp-json\/wp\/v2\/comments?post=27096"}],"version-history":[{"count":1,"href":"https:\/\/radionewsmisiones.ar\/site\/wp-json\/wp\/v2\/posts\/27096\/revisions"}],"predecessor-version":[{"id":27099,"href":"https:\/\/radionewsmisiones.ar\/site\/wp-json\/wp\/v2\/posts\/27096\/revisions\/27099"}],"wp:featuredmedia":[{"embeddable":true,"href":"https:\/\/radionewsmisiones.ar\/site\/wp-json\/wp\/v2\/media\/27098"}],"wp:attachment":[{"href":"https:\/\/radionewsmisiones.ar\/site\/wp-json\/wp\/v2\/media?parent=27096"}],"wp:term":[{"taxonomy":"category","embeddable":true,"href":"https:\/\/radionewsmisiones.ar\/site\/wp-json\/wp\/v2\/categories?post=27096"},{"taxonomy":"post_tag","embeddable":true,"href":"https:\/\/radionewsmisiones.ar\/site\/wp-json\/wp\/v2\/tags?post=27096"}],"curies":[{"name":"wp","href":"https:\/\/api.w.org\/{rel}","templated":true}]}}