{"id":27911,"date":"2024-11-01T11:27:08","date_gmt":"2024-11-01T14:27:08","guid":{"rendered":"https:\/\/radionewsmisiones.ar\/site\/?p=27911"},"modified":"2024-11-01T11:27:14","modified_gmt":"2024-11-01T14:27:14","slug":"passalacqua-inauguro-la-39-edicion-de-la-fiesta-nacional-de-la-madera-en-san-vicente","status":"publish","type":"post","link":"https:\/\/radionewsmisiones.ar\/site\/provinciales\/passalacqua-inauguro-la-39-edicion-de-la-fiesta-nacional-de-la-madera-en-san-vicente\/","title":{"rendered":"Passalacqua inaugur\u00f3 la 39\u00b0 edici\u00f3n de la Fiesta Nacional de la Madera en San Vicente"},"content":{"rendered":"\n<p>El gobernador Passalacqua inaugur\u00f3 la Fiesta Nacional de la Madera en San Vicente. El evento arranca hoy y se extender\u00e1 hasta el domingo 3 de noviembre en el Complejo Polideportivo Ver\u00f3n Gallardo. En este mismo marco, se suma por tercer a\u00f1o consecutivo dentro de las mismas instalaciones, la Expo Madera, un espacio en el que m\u00e1s de 170 productores, artesanos y emprendedores expondr\u00e1n todo su potencial vinculado a la foresto-industria.<\/p>\n\n\n\n<figure class=\"wp-block-embed is-type-video is-provider-youtube wp-block-embed-youtube wp-embed-aspect-16-9 wp-has-aspect-ratio\"><div class=\"wp-block-embed__wrapper\">\n<iframe loading=\"lazy\" title=\"Expo Madera 2024 un espacio para el desarrollo en la 39\u00b0 Fiesta Nacional de la Madera\" width=\"1110\" height=\"624\" src=\"https:\/\/www.youtube.com\/embed\/cwpl8OQUReQ?feature=oembed\" frameborder=\"0\" allow=\"accelerometer; autoplay; clipboard-write; encrypted-media; gyroscope; picture-in-picture; web-share\" referrerpolicy=\"strict-origin-when-cross-origin\" allowfullscreen><\/iframe>\n<\/div><\/figure>\n\n\n\n<p>SAN VICENTE.  Esta tarde, el gobernador de Misiones, Hugo Passalacqua, particip\u00f3 de la inauguraci\u00f3n de la 39\u00b0 edici\u00f3n de la Fiesta Nacional de la Madera y la 3\u00b0 edici\u00f3n de la Expo Madera en San Vicente. Con el corte de cinta, quedaron inaugurados ambos eventos que se desarrollar\u00e1n hasta el domingo 3 de noviembre en el Complejo Polideportivo \u201cVer\u00f3n Gallardo\u201d. De esta forma, San Vicente ser\u00e1 una vez m\u00e1s una vidriera nacional para que el sector de la foresto-industria pueda exhibir todo su potencial.<\/p>\n\n\n\n<p>Tras el corte de cinta inaugural, el gobernador felicit\u00f3 a la comisi\u00f3n organizadora y destac\u00f3 que \u201cesta gran fiesta en la querida San Vicente\u201d es un escenario \u00fanico para exponer la producci\u00f3n de la foresto-industria misionera, pero tambi\u00e9n para disfrutar en familia y acompa\u00f1ando a artistas, emprendedores y artesanos.<\/p>\n\n\n\n<p>Durante la inauguraci\u00f3n, el intendente de San Vicente, Fabi\u00e1n Rodr\u00edguez manifest\u00f3: \u201cse trabaj\u00f3 mucho y estamos muy contentos y agradecidos con la comisi\u00f3n organizadora que vienen haciendo un gran esfuerzo y trabajando a pleno desde hace mucho tiempo, para tener una fiesta \u00fanica\u201d. \u201cAgradecemos tambi\u00e9n al Gobierno de la provincia por el apoyo de siempre, es muy necesario para este tipo de eventos\u201d, agreg\u00f3.<\/p>\n\n\n\n<p>A su vez, resalt\u00f3 el gran valor de la foresto-industria para la econom\u00eda local. \u201cLa industria de la madera es una de las m\u00e1s importantes y genera mucha mano de obra en toda nuestra provincia\u201d, se\u00f1al\u00f3.<\/p>\n\n\n\n<p>Por su parte, vecinos y vecinas de San Vicente que estuvieron presentes en la inauguraci\u00f3n, expresaron su emoci\u00f3n por una nueva edici\u00f3n de esta fiesta. Y aseguraron que es un evento muy importante para ellos no s\u00f3lo porque son muchas las familias productoras y artesanas que se dedican al sector de la foresto-industria, sino tambi\u00e9n porque al ser un evento de trascendencia nacional, genera un gran movimiento econ\u00f3mico y tur\u00edstico para toda la ciudad.<\/p>\n\n\n\n<p>El gobernador recorri\u00f3 y visit\u00f3 diferentes stands de productores, artesanos y emprendedores junto al intendente Rodr\u00edguez, el ministro de Industria, Federico Fachinello; el ministro del Agro y la Producci\u00f3n, Facundo L\u00f3pez Sartori; Prefeito de S\u00e3o Miguel do Oeste-SC, Wilsom Trevisan; el intendente de El Soberbio, Roque Soboczinski y otros integrantes de la Comisi\u00f3n organizadora de la Fiesta.<\/p>\n\n\n\n<p>UNA FIESTA CON AGENDA A PLENO PARA TODA LA FAMILIA<\/p>\n\n\n\n<p>Adem\u00e1s de ser un espacio que permitir\u00e1 promocionar el potencial de todo el sector foresto-industrial, se podr\u00e1 disfrutar de gastronom\u00eda, m\u00fasica en vivo, espect\u00e1culos para ni\u00f1os, charlas y capacitaciones, y m\u00e1s.<\/p>\n\n\n\n<p>En lo que respecta a los shows en vivo, el viernes 1 de noviembre, se presentar\u00e1n Doble 5, Emanero, Los Palmeras y los DJ. Alan Gaona y Bruno Quarta. Mientras que el s\u00e1bado 2, en la noche de elecci\u00f3n de reinas, se presentar\u00e1n en el escenario mayor La Guitarreada de Tucum\u00e1n, Sofi Fagundez, Lucas Sugo, DJ. Sol y Sergio \u00c1lvarez.<\/p>\n\n\n\n<p>En tanto, el domingo 3 de noviembre ser\u00e1 la \u00faltima jornada de la fiesta.Habr\u00e1 shows infantiles por la tarde, continuando con la actuaci\u00f3n de Alan y Che Gurisada, Carina La Estrellita y Sin Fronteras, cerrando la fiesta con la presentaci\u00f3n de Cristian y La Ruta. El domingo por la tarde ser\u00e1 la elecci\u00f3n de Miss y Mister Arbolito.<\/p>\n\n\n\n<p>Las entradas a los espect\u00e1culos del viernes tendr\u00e1n un costo de 8 mil pesos y el s\u00e1bado 2 de noviembre, ser\u00e1 de 10 mil pesos, mientras que el \u00faltimo d\u00eda el acceso ser\u00e1 libre para todo p\u00fablico. Para adquirir tu entrada de forma online, ingres\u00e1 a la siguiente p\u00e1gina: fiestanacionaldelamadera.com.<\/p>\n\n\n\n<p>EXPO MADERA 2024: UN ESPACIO PARA EL DESARROLLO<\/p>\n\n\n\n<p>Simult\u00e1neamente, la 3\u00b0 edici\u00f3n de la Expo Madera 2024 se desarrollar\u00e1 en el mismo predio, ofreciendo una amplia variedad de stands comerciales, industriales, forestales, artesanales y gastron\u00f3micos. Abierto desde las 15 hasta las 00 horas, el evento contar\u00e1 con m\u00e1s de 170 expositores, destacando el potencial de la industria local y regional.<\/p>\n\n\n\n<p>Los asistentes podr\u00e1n descubrir innovaciones en maquinaria para la foresto industria, productos de dise\u00f1o, y mucho m\u00e1s. Adem\u00e1s, se ofrecer\u00e1n charlas y talleres a cargo de instituciones como el Instituto Nacional de Tecnolog\u00eda Industrial (INTI), Instituto Nacional de Tecnolog\u00eda Agropecuaria(INTA), la Facultad de Arte y Dise\u00f1o de Ober\u00e1, y la Facultad de Ciencias Forestales de Eldorado (UNaM), entre otras.<\/p>\n","protected":false},"excerpt":{"rendered":"<p>El gobernador Passalacqua inaugur&oacute; la Fiesta Nacional de la Madera en San Vicente. El evento arranca hoy y se extender&aacute; hasta el domingo 3 de noviembre en el Complejo Polideportivo&hellip; <\/p>\n","protected":false},"author":3,"featured_media":27912,"comment_status":"closed","ping_status":"closed","sticky":false,"template":"","format":"standard","meta":{"_monsterinsights_skip_tracking":false,"_monsterinsights_sitenote_active":false,"_monsterinsights_sitenote_note":"","_monsterinsights_sitenote_category":0},"categories":[3],"tags":[80],"aioseo_notices":[],"_links":{"self":[{"href":"https:\/\/radionewsmisiones.ar\/site\/wp-json\/wp\/v2\/posts\/27911"}],"collection":[{"href":"https:\/\/radionewsmisiones.ar\/site\/wp-json\/wp\/v2\/posts"}],"about":[{"href":"https:\/\/radionewsmisiones.ar\/site\/wp-json\/wp\/v2\/types\/post"}],"author":[{"embeddable":true,"href":"https:\/\/radionewsmisiones.ar\/site\/wp-json\/wp\/v2\/users\/3"}],"replies":[{"embeddable":true,"href":"https:\/\/radionewsmisiones.ar\/site\/wp-json\/wp\/v2\/comments?post=27911"}],"version-history":[{"count":1,"href":"https:\/\/radionewsmisiones.ar\/site\/wp-json\/wp\/v2\/posts\/27911\/revisions"}],"predecessor-version":[{"id":27913,"href":"https:\/\/radionewsmisiones.ar\/site\/wp-json\/wp\/v2\/posts\/27911\/revisions\/27913"}],"wp:featuredmedia":[{"embeddable":true,"href":"https:\/\/radionewsmisiones.ar\/site\/wp-json\/wp\/v2\/media\/27912"}],"wp:attachment":[{"href":"https:\/\/radionewsmisiones.ar\/site\/wp-json\/wp\/v2\/media?parent=27911"}],"wp:term":[{"taxonomy":"category","embeddable":true,"href":"https:\/\/radionewsmisiones.ar\/site\/wp-json\/wp\/v2\/categories?post=27911"},{"taxonomy":"post_tag","embeddable":true,"href":"https:\/\/radionewsmisiones.ar\/site\/wp-json\/wp\/v2\/tags?post=27911"}],"curies":[{"name":"wp","href":"https:\/\/api.w.org\/{rel}","templated":true}]}}