{"id":27915,"date":"2024-11-01T17:12:09","date_gmt":"2024-11-01T20:12:09","guid":{"rendered":"https:\/\/radionewsmisiones.ar\/site\/?p=27915"},"modified":"2024-11-01T17:14:53","modified_gmt":"2024-11-01T20:14:53","slug":"cristina-kirchner-presidenta-del-pj-repercusiones-en-misiones-y-la-vision-de-costa-de-arguibel","status":"publish","type":"post","link":"https:\/\/radionewsmisiones.ar\/site\/provinciales\/cristina-kirchner-presidenta-del-pj-repercusiones-en-misiones-y-la-vision-de-costa-de-arguibel\/","title":{"rendered":"Cristina Kirchner, Presidenta del PJ: Repercusiones en Misiones y la visi\u00f3n de Costa de Arguibel"},"content":{"rendered":"\n<p>La reciente confirmaci\u00f3n de <strong>Cristina Kirchner como presidenta del Partido Justicialista (PJ)<\/strong> a nivel nacional ha generado un revuelo en la pol\u00edtica argentina, incluyendo la provincia de Misiones. La decisi\u00f3n de la jueza Mar\u00eda Servini de rechazar la participaci\u00f3n de Ricardo Quintela en la contienda interna, dejando a Cristina Kirchner como \u00fanica candidata, ha abierto un nuevo escenario para el peronismo en todo el pa\u00eds. En Misiones, Gonzalo \u00abLalo\u00bb Costa de Arguibel, dirigente de Convergencia Justicialista, se ha pronunciado con optimismo sobre esta nueva etapa y los desaf\u00edos que enfrenta el partido en la provincia.<\/p>\n\n\n<div class=\"wp-block-image\">\n<figure class=\"aligncenter size-full\"><img loading=\"lazy\" width=\"696\" height=\"449\" src=\"https:\/\/radionewsmisiones.ar\/site\/wp-content\/uploads\/2024\/11\/PJ-Mnes-edif-696x449-1.jpeg\" alt=\"\" class=\"wp-image-27916\" srcset=\"https:\/\/radionewsmisiones.ar\/site\/wp-content\/uploads\/2024\/11\/PJ-Mnes-edif-696x449-1.jpeg 696w, https:\/\/radionewsmisiones.ar\/site\/wp-content\/uploads\/2024\/11\/PJ-Mnes-edif-696x449-1-300x194.jpeg 300w\" sizes=\"(max-width: 696px) 100vw, 696px\" \/><figcaption><strong>FOTO: Sede del Partido Justicialista en Posadas<\/strong><\/figcaption><\/figure><\/div>\n\n\n<p>En una entrevista con Radio News Misiones, Gonzalo \u00abLalo\u00bb Costa de Arguibel enfatiz\u00f3 la necesidad de una intervenci\u00f3n del PJ a nivel nacional para <strong>\u00abnormalizar la vida institucional\u00bb y garantizar procesos democr\u00e1ticos<\/strong> dentro del partido en Misiones. El dirigente denunci\u00f3 la falta de afiliaci\u00f3n en las \u00faltimas d\u00e9cadas, limitando la participaci\u00f3n a \u00ab31, 32 millones para abajo, 33 ya milagroso\u00bb, y la necesidad de un cambio profundo para revitalizar el peronismo en la provincia.<\/p>\n\n\n\n<p><strong>\u00abNo se trata de una casa de brujas ni mucho menos lo que va a acontecer. Si necesitamos verdaderamente una intervenci\u00f3n partidaria, los efectos de poder normalizar la vida institucional verdaderamente y garantizarla institucional y democr\u00e1ticamente\u00bb<\/strong>, afirm\u00f3 Gonzalo Costa de Arguibel.<\/p>\n\n\n\n<p>La intervenci\u00f3n, seg\u00fan el dirigente, permitir\u00e1 <strong>\u00ababrir las puertas del partido\u00bb<\/strong> y dejar atr\u00e1s a\u00f1os de estancamiento. Aboga por una <strong>\u00abafiliaci\u00f3n masiva\u00bb<\/strong>, el regreso a las bases y la construcci\u00f3n de un partido que responda a las necesidades del pueblo misionero.<\/p>\n\n\n\n<p><strong>\u00abLo primero que necesitamos es garantizar una afiliaci\u00f3n masiva al partido justicialista, volver a ponerlo al partido de cara al pueblo, de cara a la sociedad, recorriendo todo y cada uno de los puntos de este solar de tierra colorada que es nuestra provincia de misiones\u00bb,<\/strong> se\u00f1al\u00f3.<\/p>\n\n\n\n<p>Costa de Arguibel considera que la llegada de Cristina Kirchner a la presidencia del PJ <strong>abre la posibilidad de construir una alternativa real para las elecciones legislativas de 2025 y las generales de 2027<\/strong>. Su visi\u00f3n es la de un <strong>PJ fuerte que lidere un \u00abgran frente progresista\u00bb<\/strong> que incluya a diversos actores pol\u00edticos de la provincia.<\/p>\n\n\n\n<p><strong>\u00abVamos a reconstruir el Partido Justicialista y este partido va a ser ni m\u00e1s ni menos que como siempre digo, la columna vertebral de un gran frente progresista que incluye a diferentes actores de la provincia que se sientan parte, que se quieran vincular en donde la locomotora, por supuesto, va a ser el Partido Justicialista de la Provincia de Misiones\u00bb<\/strong>, declar\u00f3.<\/p>\n\n\n\n<figure class=\"wp-block-image size-large\"><img loading=\"lazy\" width=\"1024\" height=\"670\" src=\"https:\/\/radionewsmisiones.ar\/site\/wp-content\/uploads\/2024\/11\/pj-1024x670.png\" alt=\"\" class=\"wp-image-27917\" srcset=\"https:\/\/radionewsmisiones.ar\/site\/wp-content\/uploads\/2024\/11\/pj-1024x670.png 1024w, https:\/\/radionewsmisiones.ar\/site\/wp-content\/uploads\/2024\/11\/pj-300x196.png 300w, https:\/\/radionewsmisiones.ar\/site\/wp-content\/uploads\/2024\/11\/pj-768x503.png 768w, https:\/\/radionewsmisiones.ar\/site\/wp-content\/uploads\/2024\/11\/pj.png 1080w\" sizes=\"(max-width: 1024px) 100vw, 1024px\" \/><figcaption><strong>FOTO: Reuni\u00f3n de Convergencia Justicialista<\/strong><\/figcaption><\/figure>\n\n\n\n<p>Uno de los puntos clave que menciona es la necesidad de <strong>sacar al PJ del Frente Renovador<\/strong>, la alianza electoral que gobierna la provincia desde hace a\u00f1os. Considera que la intervenci\u00f3n, o las nuevas autoridades electas tras la normalizaci\u00f3n del partido, tendr\u00e1n la facultad de decidir la conformaci\u00f3n de un nuevo frente electoral.<\/p>\n\n\n\n<p><strong>\u00abPara ser eh claro en t\u00e9rminos legales, digo, lo que va a hacer la presidenta Cristina Fern\u00e1ndez Kirchner es realizar la intervenci\u00f3n del Partido Justicialista Distrito Misiones\u00bb<\/strong>, asegur\u00f3.<\/p>\n\n\n\n<p>Costa de Arguibel se muestra confiado en que la intervenci\u00f3n del PJ Misiones ser\u00e1 una prioridad para el partido a nivel nacional y que <strong>antes de fin de a\u00f1o podr\u00eda haber nuevas autoridades<\/strong>.<\/p>\n\n\n\n<p><\/p>\n\n\n\n<p>En cuanto a las preocupaciones sobre una posible \u00abcooptaci\u00f3n\u00bb del partido por parte de La C\u00e1mpora, Costa de Arguibel las desestima, asegurando que el objetivo es construir un partido amplio y plural que incluya a todas las agrupaciones peronistas de la provincia.<\/p>\n\n\n\n<p><strong>\u00abEs un partido que se va a organizar con todos los compa\u00f1eros de la provincia de Misiones, incluido la C\u00e1mpora, por supuesto, pero con todas y cada una de las agrupaciones que van a ser parte de esta nueva etapa del teronismo de la provincia de Misiones\u00bb,<\/strong> afirm\u00f3.<\/p>\n\n\n\n<p>El mensaje final del dirigente es un llamado a la unidad y a la reconstrucci\u00f3n del peronismo en Misiones, dejando atr\u00e1s los personalismos y los intereses particulares. Su visi\u00f3n es la de un partido que vuelva a ser <strong>\u00abla columna vertebral\u00bb<\/strong> de un proyecto pol\u00edtico que responda a las necesidades del pueblo misionero.<\/p>\n\n\n\n<p><strong>\u00abDigo, no se trata ni m\u00e1s ni menos que dejar de hacer de de nuestra casa peronista en la provincia de Misiones un kiosco para nuestros intereses y o peculios personales. Digo, volver a a ponerlo para para los afiliados de toda la provincia y volver a recuperar ese gran partido que que supo ser con 130,000 afiliados y m\u00e1s me animo a decir, digo, tenemos 30 a\u00f1os para construir peronismo en la provincia de Misiones y lo vamos a hacer y vamos a volver a hacer ese partido grande y es ese partido de gobierno que necesita la provincia de Misiones para darle al pueblo lo que el pueblo necesita, que es verdaderamente justicia social, es cercan\u00eda con cada uno de los afiliados, con cada uno de los compa\u00f1eros y con cada uno de los ciudadanos y dejar de ser un modelo eh lucrativo y mercantilista de la pol\u00edtica\u00bb<\/strong>, concluy\u00f3.<\/p>\n\n\n\n<figure class=\"wp-block-embed is-type-video is-provider-youtube wp-block-embed-youtube wp-embed-aspect-16-9 wp-has-aspect-ratio\"><div class=\"wp-block-embed__wrapper\">\n<iframe loading=\"lazy\" title=\"Lalo Costa De Arguibel. Convergencia Justicialista\" width=\"1110\" height=\"624\" src=\"https:\/\/www.youtube.com\/embed\/HYsMvruuePs?start=13&#038;feature=oembed\" frameborder=\"0\" allow=\"accelerometer; autoplay; clipboard-write; encrypted-media; gyroscope; picture-in-picture; web-share\" referrerpolicy=\"strict-origin-when-cross-origin\" allowfullscreen><\/iframe>\n<\/div><figcaption>ENTREVISTA A GONZALO \u00abLALO\u00bb COSTA DE ARGUIBEL<\/figcaption><\/figure>\n","protected":false},"excerpt":{"rendered":"<p>La reciente confirmaci&oacute;n de Cristina Kirchner como presidenta del Partido Justicialista (PJ) a nivel nacional ha generado un revuelo en la pol&iacute;tica argentina, incluyendo la provincia de Misiones. La decisi&oacute;n&hellip; <\/p>\n","protected":false},"author":4,"featured_media":27917,"comment_status":"closed","ping_status":"closed","sticky":false,"template":"","format":"standard","meta":{"_monsterinsights_skip_tracking":false,"_monsterinsights_sitenote_active":false,"_monsterinsights_sitenote_note":"","_monsterinsights_sitenote_category":0},"categories":[3],"tags":[703,662],"aioseo_notices":[],"_links":{"self":[{"href":"https:\/\/radionewsmisiones.ar\/site\/wp-json\/wp\/v2\/posts\/27915"}],"collection":[{"href":"https:\/\/radionewsmisiones.ar\/site\/wp-json\/wp\/v2\/posts"}],"about":[{"href":"https:\/\/radionewsmisiones.ar\/site\/wp-json\/wp\/v2\/types\/post"}],"author":[{"embeddable":true,"href":"https:\/\/radionewsmisiones.ar\/site\/wp-json\/wp\/v2\/users\/4"}],"replies":[{"embeddable":true,"href":"https:\/\/radionewsmisiones.ar\/site\/wp-json\/wp\/v2\/comments?post=27915"}],"version-history":[{"count":3,"href":"https:\/\/radionewsmisiones.ar\/site\/wp-json\/wp\/v2\/posts\/27915\/revisions"}],"predecessor-version":[{"id":27920,"href":"https:\/\/radionewsmisiones.ar\/site\/wp-json\/wp\/v2\/posts\/27915\/revisions\/27920"}],"wp:featuredmedia":[{"embeddable":true,"href":"https:\/\/radionewsmisiones.ar\/site\/wp-json\/wp\/v2\/media\/27917"}],"wp:attachment":[{"href":"https:\/\/radionewsmisiones.ar\/site\/wp-json\/wp\/v2\/media?parent=27915"}],"wp:term":[{"taxonomy":"category","embeddable":true,"href":"https:\/\/radionewsmisiones.ar\/site\/wp-json\/wp\/v2\/categories?post=27915"},{"taxonomy":"post_tag","embeddable":true,"href":"https:\/\/radionewsmisiones.ar\/site\/wp-json\/wp\/v2\/tags?post=27915"}],"curies":[{"name":"wp","href":"https:\/\/api.w.org\/{rel}","templated":true}]}}