{"id":27976,"date":"2024-11-05T08:25:19","date_gmt":"2024-11-05T11:25:19","guid":{"rendered":"https:\/\/radionewsmisiones.ar\/site\/?p=27976"},"modified":"2024-11-05T08:25:24","modified_gmt":"2024-11-05T11:25:24","slug":"ate-convoca-a-nuevas-protestas-para-este-jueves-y-evalua-una-nueva-huelga-general-antes-de-fin-de-mes","status":"publish","type":"post","link":"https:\/\/radionewsmisiones.ar\/site\/nacionales\/ate-convoca-a-nuevas-protestas-para-este-jueves-y-evalua-una-nueva-huelga-general-antes-de-fin-de-mes\/","title":{"rendered":"ATE convoca a nuevas protestas para este jueves y eval\u00faa una nueva huelga general antes de fin de mes"},"content":{"rendered":"\n<p>\u201cLa \u00faltima paritaria fue escandalosa. Un acuerdo que se celebr\u00f3 a escondidas, fuera de todos los \u00e1mbitos institucionales mediante el cual se aplic\u00f3 una rebaja salarial sin precedentes en el sector p\u00fablico\u201d, indic\u00f3 Rodolfo Aguiar.<\/p>\n\n\n\n<figure class=\"wp-block-image size-large\"><img loading=\"lazy\" width=\"1024\" height=\"682\" src=\"https:\/\/radionewsmisiones.ar\/site\/wp-content\/uploads\/2024\/11\/WhatsApp-Image-2024-11-05-at-08.04.12-1024x682.jpeg\" alt=\"\" class=\"wp-image-27977\" srcset=\"https:\/\/radionewsmisiones.ar\/site\/wp-content\/uploads\/2024\/11\/WhatsApp-Image-2024-11-05-at-08.04.12-1024x682.jpeg 1024w, https:\/\/radionewsmisiones.ar\/site\/wp-content\/uploads\/2024\/11\/WhatsApp-Image-2024-11-05-at-08.04.12-300x200.jpeg 300w, https:\/\/radionewsmisiones.ar\/site\/wp-content\/uploads\/2024\/11\/WhatsApp-Image-2024-11-05-at-08.04.12-768x512.jpeg 768w, https:\/\/radionewsmisiones.ar\/site\/wp-content\/uploads\/2024\/11\/WhatsApp-Image-2024-11-05-at-08.04.12-1536x1023.jpeg 1536w, https:\/\/radionewsmisiones.ar\/site\/wp-content\/uploads\/2024\/11\/WhatsApp-Image-2024-11-05-at-08.04.12.jpeg 1600w\" sizes=\"(max-width: 1024px) 100vw, 1024px\" \/><\/figure>\n\n\n\n<p>La Asociaci\u00f3n Trabajadores del Estado (ATE) contin\u00faa esta semana su plan de lucha con una serie de protestas en todo el pa\u00eds, con movilizaciones en la Ciudad Aut\u00f3noma de Buenos Aires, y eval\u00faa una nueva huelga general antes de fin de mes.<\/p>\n\n\n\n<p>\u201cLa \u00faltima paritaria fue escandalosa. Un acuerdo que se celebr\u00f3 a escondidas, fuera de todos los \u00e1mbitos institucionales mediante el cual se aplic\u00f3 una rebaja salarial sin precedentes en el sector p\u00fablico. Tenemos que seguir multiplicando las protestas y preparar una nueva medida de fuerza general\u201d, apunt\u00f3 Rodolfo Aguiar, Secretario General de ATE Nacional.<\/p>\n\n\n\n<p>Ante est\u00e1 situaci\u00f3n, el dirigente llam\u00f3 a \u201cun nuevo paro para terminar con esta farsa de negociaci\u00f3n salarial y que nos permita la recuperaci\u00f3n de los deteriorados ingresos en la Administraci\u00f3n P\u00fablica\u201d.<\/p>\n\n\n\n<p>La primera movilizaci\u00f3n se realizar\u00e1 el jueves en la Legislatura porte\u00f1a, con direcci\u00f3n en Per\u00fa 160, a partir de las 9. La protesta continuar\u00e1 a las 11 en el Ministerio de Hacienda de la Ciudad de Buenos Aires (Av. Mart\u00edn Garc\u00eda 348) y finalmente concluir\u00e1n a las 13 en el Ministerio de Econom\u00eda de la Naci\u00f3n (Hip\u00f3lito Yrigoyen 250). Las protestas se replicar\u00e1n en todas las provincias con paros, asambleas, radios abiertas y cortes de rutas.<\/p>\n\n\n\n<p>\u201cAunque el Gobierno hable de la baja de la inflaci\u00f3n o de una estabilizaci\u00f3n de los \u00edndices macroecon\u00f3micos, eso no se traduce en una mejora de los ingresos. La estructura de gastos mensuales que tienen las familias sigue en aumento\u201d, indic\u00f3 Aguiar.<\/p>\n\n\n\n<p>En este marco, el dirigente explic\u00f3: \u00abEl incremento de los combustibles, las tarifas de servicios y los alquileres tienen un efecto acumulativo y cada vez comprenden un porcentaje m\u00e1s alto de los sueldos de los empleados p\u00fablicos\u201d.<\/p>\n\n\n\n<p>\u201cQue el \u00faltimo paro haya contado con una alt\u00edsima adhesi\u00f3n y la marcha al Ministerio de Sturzenegger haya sido multitudinaria, muestran un consenso creciente detr\u00e1s de los justos reclamos que tenemos los trabajadores. Las acciones que vamos a llevar adelante esta semana tienen que convertirse en la antesala de una nueva huelga general\u201d, concluy\u00f3 el Secretario General de ATE Nacional.<\/p>\n\n\n\n<p>El sindicato reclamar\u00e1 contra el \u201cmiserable aumento otorgado por el Gobierno nacional\u201d del 2% para el mes de noviembre, 1% en diciembre y un bono de $30.000 por \u00fanica vez, a pesar que la inflaci\u00f3n proyectada para el \u00faltimo bimestre del a\u00f1o es de -al menos- el doble.<\/p>\n\n\n\n<p>La p\u00e9rdida del poder adquisitivo en el Sector P\u00fablico Nacional supera el 34% en lo que va del a\u00f1o y, ante esta \u00faltima paritaria, la misma podr\u00eda escalar al 50% para fines del 2024.<\/p>\n\n\n\n<p>ATE tambi\u00e9n reclama por el cese de los despidos en el Estado y la inmediata reincorporaci\u00f3n de todos los ileg\u00edtimamente cesanteados, como as\u00ed tambi\u00e9n el rechazo a las privatizaciones de las empresas estatales y al vaciamiento de organismos<\/p>\n","protected":false},"excerpt":{"rendered":"<p>&ldquo;La &uacute;ltima paritaria fue escandalosa. Un acuerdo que se celebr&oacute; a escondidas, fuera de todos los &aacute;mbitos institucionales mediante el cual se aplic&oacute; una rebaja salarial sin precedentes en el&hellip; <\/p>\n","protected":false},"author":3,"featured_media":27977,"comment_status":"closed","ping_status":"closed","sticky":false,"template":"","format":"standard","meta":{"_monsterinsights_skip_tracking":false,"_monsterinsights_sitenote_active":false,"_monsterinsights_sitenote_note":"","_monsterinsights_sitenote_category":0},"categories":[4],"tags":[504],"aioseo_notices":[],"_links":{"self":[{"href":"https:\/\/radionewsmisiones.ar\/site\/wp-json\/wp\/v2\/posts\/27976"}],"collection":[{"href":"https:\/\/radionewsmisiones.ar\/site\/wp-json\/wp\/v2\/posts"}],"about":[{"href":"https:\/\/radionewsmisiones.ar\/site\/wp-json\/wp\/v2\/types\/post"}],"author":[{"embeddable":true,"href":"https:\/\/radionewsmisiones.ar\/site\/wp-json\/wp\/v2\/users\/3"}],"replies":[{"embeddable":true,"href":"https:\/\/radionewsmisiones.ar\/site\/wp-json\/wp\/v2\/comments?post=27976"}],"version-history":[{"count":1,"href":"https:\/\/radionewsmisiones.ar\/site\/wp-json\/wp\/v2\/posts\/27976\/revisions"}],"predecessor-version":[{"id":27978,"href":"https:\/\/radionewsmisiones.ar\/site\/wp-json\/wp\/v2\/posts\/27976\/revisions\/27978"}],"wp:featuredmedia":[{"embeddable":true,"href":"https:\/\/radionewsmisiones.ar\/site\/wp-json\/wp\/v2\/media\/27977"}],"wp:attachment":[{"href":"https:\/\/radionewsmisiones.ar\/site\/wp-json\/wp\/v2\/media?parent=27976"}],"wp:term":[{"taxonomy":"category","embeddable":true,"href":"https:\/\/radionewsmisiones.ar\/site\/wp-json\/wp\/v2\/categories?post=27976"},{"taxonomy":"post_tag","embeddable":true,"href":"https:\/\/radionewsmisiones.ar\/site\/wp-json\/wp\/v2\/tags?post=27976"}],"curies":[{"name":"wp","href":"https:\/\/api.w.org\/{rel}","templated":true}]}}