{"id":28037,"date":"2024-11-06T08:05:50","date_gmt":"2024-11-06T11:05:50","guid":{"rendered":"https:\/\/radionewsmisiones.ar\/site\/?p=28037"},"modified":"2024-11-06T08:05:54","modified_gmt":"2024-11-06T11:05:54","slug":"ttt-celebra-la-sancion-de-ley-de-suspension-de-desalojos-es-muy-necesaria-en-este-contexto-de-desempleo-y-crisis-economica","status":"publish","type":"post","link":"https:\/\/radionewsmisiones.ar\/site\/provinciales\/ttt-celebra-la-sancion-de-ley-de-suspension-de-desalojos-es-muy-necesaria-en-este-contexto-de-desempleo-y-crisis-economica\/","title":{"rendered":"TTT celebra la sanci\u00f3n de Ley de Suspensi\u00f3n de Desalojos \u00abes muy necesaria en este contexto de desempleo y crisis econ\u00f3mica\u00bb"},"content":{"rendered":"\n<p>POSADAS. La C\u00e1mara de Representantes de provincia concluy\u00f3 su per\u00edodo ordinario legislativo, con la sanci\u00f3n -entre otras- de la Ley que prorroga hasta el 31 de diciembre de 2025 la suspensi\u00f3n de ejecuciones de sentencias de desalojo o remates de inmuebles, destinados a vivienda \u00fanica y familiar o producci\u00f3n agropecuaria, cuando se verifique una ocupaci\u00f3n de m\u00e1s de 8 a\u00f1os, en predios urbanos y rurales respectivamente, fiscales o privados, \u00abprotegiendo a las familias de menores recursos, y responde a la necesidad de salvaguardar el derecho a una vivienda digna, asegurando condiciones habitacionales adecuadas\u00bb, explic\u00f3 el autor del proyecto, Carlos Rovira.<\/p>\n\n\n\n<figure class=\"wp-block-image size-large\"><img loading=\"lazy\" width=\"1024\" height=\"712\" src=\"https:\/\/radionewsmisiones.ar\/site\/wp-content\/uploads\/2024\/11\/La-sancion-de-la-Ley-de-Suspension-de-Desalojos-proteje-a-muchas-familias-de-sectores-populares-1024x712.jpg\" alt=\"\" class=\"wp-image-28038\" srcset=\"https:\/\/radionewsmisiones.ar\/site\/wp-content\/uploads\/2024\/11\/La-sancion-de-la-Ley-de-Suspension-de-Desalojos-proteje-a-muchas-familias-de-sectores-populares-1024x712.jpg 1024w, https:\/\/radionewsmisiones.ar\/site\/wp-content\/uploads\/2024\/11\/La-sancion-de-la-Ley-de-Suspension-de-Desalojos-proteje-a-muchas-familias-de-sectores-populares-300x208.jpg 300w, https:\/\/radionewsmisiones.ar\/site\/wp-content\/uploads\/2024\/11\/La-sancion-de-la-Ley-de-Suspension-de-Desalojos-proteje-a-muchas-familias-de-sectores-populares-768x534.jpg 768w, https:\/\/radionewsmisiones.ar\/site\/wp-content\/uploads\/2024\/11\/La-sancion-de-la-Ley-de-Suspension-de-Desalojos-proteje-a-muchas-familias-de-sectores-populares.jpg 1262w\" sizes=\"(max-width: 1024px) 100vw, 1024px\" \/><\/figure>\n\n\n\n<p>El dirigente del Partido<em><strong>\u00a0Tierra, Techo y Trabajo<\/strong>,<\/em>\u00a0ex diputado provincial, Mart\u00edn Sereno celebr\u00f3 la medida, considerando la alarmante situaci\u00f3n que vive nuestro pa\u00eds, donde faltan al menos 3.5 millones de viviendas; hay 25 millones de personas en la pobreza; 8 millones en la indigencia y existen 6 millones de ni\u00f1os y ni\u00f1as sin futuro.<\/p>\n\n\n\n<p>\u00abMientras que el gobierno de Milei defiende los intereses de los poderosos, nosotros militamos al lado de los \u00faltimos y \u00faltimos de la fila. Por eso le&nbsp;acercamos al presidente del bloque oficialista de la Legislatura&nbsp;provincial, la solicitud de pr\u00f3rroga de la Ley de Suspensi\u00f3n de Desalojos\u00bb, expres\u00f3.<\/p>\n\n\n\n<p>Hace un mes, preocupado por el tema, Sereno se reuni\u00f3 con el diputado&nbsp;Mart\u00edn&nbsp;Cesino despu\u00e9s de presentar en mesa de entradas de la Legislatura, un proyecto de ley solicitando que se prorrogue la sentencia de desalojos y remates, \u00abmuy necesaria en el contexto de esta situaci\u00f3n de desempleo y crisis econ\u00f3mica que agobia a todo el pa\u00eds\u00bb, asever\u00f3.<\/p>\n\n\n\n<p>La norma tiene varios a\u00f1os de vigencia y se prorroga anualmente debido a la enorme necesidad de viviendas que existe en Misiones. A lo largo de su vigencia, m\u00e1s de 500 familias fueron contenidas por esta ley, y gracias&nbsp;a ella siguieron sosteniendo su vivienda \u00fanica y productiva.<\/p>\n\n\n\n<p>\u00abEs muy importante porque se trata de una herramienta que brinda amparo a quienes&nbsp;no&nbsp;pudieron regularizar la tenencia de su tierra\u00bb, sostuvo&nbsp;Sereno.<\/p>\n\n\n\n<p><strong><br>\u00abLa vivienda es un derecho humano y constitucional\u00bb<\/strong><br>El secretario general de<strong><em>l Movimiento Evita Misiones,<\/em><\/strong>&nbsp;record\u00f3 que parte de los requisitos de la ley es la&nbsp;inscripci\u00f3n en el Instituto Provincial de Desarrollo Habitacional (Iprodha) que realiz\u00f3 un estudio de las familias registradas, consignando&nbsp;que la mayor\u00eda son monomarentales y con una mujer a cargo del hogar. \u00abEsto tambi\u00e9n habla de una situaci\u00f3n que evidencia hacia d\u00f3nde son m\u00e1s necesarias algunas pol\u00edticas para las familias misioneras. En lo que va del a\u00f1o se inscribieron m\u00e1s de 20 en ese registro, y desde que impulsamos la ley y hasta la fecha se consiguieron m\u00e1s de 1400 soluciones habitacionales\u00bb.<\/p>\n\n\n\n<p>Desde su espacio pol\u00edtico TTT sostienen que la vivienda propia es un derecho fundamental, constitucional y humano. \u00abY no se trata de letra muerta en un papel. Es una obligaci\u00f3n del Estado gobierne quien gobierne, y m\u00e1s a\u00fan en este contexto de democracia de la crueldad que sufrimos como pueblo bajo la administraci\u00f3n de Javier Milei\u00bb, critic\u00f3.<\/p>\n\n\n\n<p>Agreg\u00f3 que el Presidente habla de destruir el Estado, \u00absin caer en la cuenta que es mucho m\u00e1s grande de lo que piensa \u00e9l, y a\u00fan cuando est\u00e1 eliminando instituciones estatales, tratando de que las y los argentinos vivamos en una democracia de la crueldad, donde impera el mercado y las corporaciones dirigen el rumbo de la pol\u00edtica; nosotros seguimos luchando por la plena garant\u00eda de los derechos de nuestro pueblo, y esta ley es una prueba de ello\u00bb, afirm\u00f3 Sereno.<br><strong><br>\u00abVarios diputados&nbsp;votaron en contra de garantizar derechos\u00bb<\/strong><br>El dirigente sostuvo que este a\u00f1o, al no tener representaci\u00f3n institucional parlamentaria en Diputados, con su espacio pol\u00edtico recurri\u00f3 al mecanismo de presentar&nbsp;la iniciativa&nbsp;por la&nbsp;mesa de entrada legislativa, y luego se reunieron a dialogar en su despacho con el titular del bloque mayoritario, planteando la necesidad de que se prorrogue la ley, y evitar que queden desamparadas muchas familias misioneras.<\/p>\n\n\n\n<p>\u00abAgradecemos que nos hayan escuchado, y que en la \u00faltima sesi\u00f3n del a\u00f1o, con un dictamen favorable previo, sancionaron la ley por mayor\u00eda. No fue por unanimidad porque votaron negativamente -contra la garant\u00eda de derechos de los m\u00e1s vulnerados- varios diputados del bloque de Juntos por el Cambio, radicales y el Pro, mientras que algunos se abstuvieron. Es decir, no acompa\u00f1aron la ley con sus votos y de esta manera se opusieron a garantizar derechos\u00bb.<\/p>\n\n\n\n<p>Cuestion\u00f3 la postura de esos legisladores que deber\u00edan ser representantes del pueblo; \u00abvotaron en contra de los intereses de quienes m\u00e1s necesitan garant\u00edas, porque no tienen posibilidades para acceder a otro tipo de vivienda, y como lo marca la ley, ocupan, poseen y viven durante muchos a\u00f1os en un lote que muchos lo compraron de buena fe; construyen su \u00fanica casa, y despu\u00e9s se encuentran con estas circunstancias deshumanizantes que pretenden despojarlos de sus derechos y expulsarlos a la calle. Por eso celebramos la sanci\u00f3n de esta Ley que beneficia a una gran cantidad de familias misioneras, y en un contexto pol\u00edtico muy dif\u00edcil en la provincia y en todo nuestro pa\u00eds\u00bb, manifest\u00f3 el dirigente provincial.<\/p>\n","protected":false},"excerpt":{"rendered":"<p>POSADAS. La C&aacute;mara de Representantes de provincia concluy&oacute; su per&iacute;odo ordinario legislativo, con la sanci&oacute;n -entre otras- de la Ley que prorroga hasta el 31 de diciembre de 2025 la&hellip; <\/p>\n","protected":false},"author":3,"featured_media":28039,"comment_status":"closed","ping_status":"closed","sticky":false,"template":"","format":"standard","meta":{"_monsterinsights_skip_tracking":false,"_monsterinsights_sitenote_active":false,"_monsterinsights_sitenote_note":"","_monsterinsights_sitenote_category":0},"categories":[3],"tags":[322],"aioseo_notices":[],"_links":{"self":[{"href":"https:\/\/radionewsmisiones.ar\/site\/wp-json\/wp\/v2\/posts\/28037"}],"collection":[{"href":"https:\/\/radionewsmisiones.ar\/site\/wp-json\/wp\/v2\/posts"}],"about":[{"href":"https:\/\/radionewsmisiones.ar\/site\/wp-json\/wp\/v2\/types\/post"}],"author":[{"embeddable":true,"href":"https:\/\/radionewsmisiones.ar\/site\/wp-json\/wp\/v2\/users\/3"}],"replies":[{"embeddable":true,"href":"https:\/\/radionewsmisiones.ar\/site\/wp-json\/wp\/v2\/comments?post=28037"}],"version-history":[{"count":1,"href":"https:\/\/radionewsmisiones.ar\/site\/wp-json\/wp\/v2\/posts\/28037\/revisions"}],"predecessor-version":[{"id":28040,"href":"https:\/\/radionewsmisiones.ar\/site\/wp-json\/wp\/v2\/posts\/28037\/revisions\/28040"}],"wp:featuredmedia":[{"embeddable":true,"href":"https:\/\/radionewsmisiones.ar\/site\/wp-json\/wp\/v2\/media\/28039"}],"wp:attachment":[{"href":"https:\/\/radionewsmisiones.ar\/site\/wp-json\/wp\/v2\/media?parent=28037"}],"wp:term":[{"taxonomy":"category","embeddable":true,"href":"https:\/\/radionewsmisiones.ar\/site\/wp-json\/wp\/v2\/categories?post=28037"},{"taxonomy":"post_tag","embeddable":true,"href":"https:\/\/radionewsmisiones.ar\/site\/wp-json\/wp\/v2\/tags?post=28037"}],"curies":[{"name":"wp","href":"https:\/\/api.w.org\/{rel}","templated":true}]}}