{"id":28325,"date":"2024-11-14T09:51:30","date_gmt":"2024-11-14T12:51:30","guid":{"rendered":"https:\/\/radionewsmisiones.ar\/site\/?p=28325"},"modified":"2024-11-14T09:51:34","modified_gmt":"2024-11-14T12:51:34","slug":"el-evita-misiones-participo-de-la-creacion-del-capitulo-argentino-de-la-internacional-contra-el-fascismo-y-neofascismo","status":"publish","type":"post","link":"https:\/\/radionewsmisiones.ar\/site\/provinciales\/el-evita-misiones-participo-de-la-creacion-del-capitulo-argentino-de-la-internacional-contra-el-fascismo-y-neofascismo\/","title":{"rendered":"El Evita Misiones particip\u00f3 de la creaci\u00f3n del cap\u00edtulo argentino de la \u00abInternacional contra el Fascismo y Neofascismo\u00bb"},"content":{"rendered":"\n<p>En un encuentro realizado en la sede nacional de la Central de Trabajadores Aut\u00f3noma (CTA), en Buenos Aires, se conform\u00f3 el Cap\u00edtulo Argentino de la \u00abInternacional contra el Fascismo, el Neofascismo y Expresiones Similares\u00bb.<br>Participaron referentes de m\u00e1s de 80 organizaciones pol\u00edticas, sociales, gremiales y estudiantiles, y personalidades del \u00e1mbito acad\u00e9mico, jur\u00eddico y de medios de comunicaci\u00f3n.<\/p>\n\n\n\n<figure class=\"wp-block-image size-full\"><img loading=\"lazy\" width=\"590\" height=\"487\" src=\"https:\/\/radionewsmisiones.ar\/site\/wp-content\/uploads\/2024\/11\/21.png\" alt=\"\" class=\"wp-image-28327\" srcset=\"https:\/\/radionewsmisiones.ar\/site\/wp-content\/uploads\/2024\/11\/21.png 590w, https:\/\/radionewsmisiones.ar\/site\/wp-content\/uploads\/2024\/11\/21-300x248.png 300w\" sizes=\"(max-width: 590px) 100vw, 590px\" \/><\/figure>\n\n\n\n<p><br>Entre ellos el Premio Nobel de la Paz, Adolfo P\u00e9rez Esquivel; la periodista e investigadora, Stella Calloni; los juristas, Eduardo Barcesat; Carlos Rozanski, Claudia Rocca y Andrea Vlahusic, de la Asociaci\u00f3n Americana de Juristas; el polit\u00f3logo Atilio Bor\u00f3n, Paula Klachko y Fernando Abad, de la Red de Intelectuales y Artistas en Defensa de la Humanidad; el titular del Centro de Ex Combatientes de Islas Malvinas (CECIM), Roberto Carrizo, y el secretario general del<strong><em> Movimiento Evita Misiones,<\/em><\/strong> y dirigente provincial del partido <strong><em>Tierra, Techo y Trabajo<\/em><\/strong>, Mart\u00edn Sereno.<br>El militante resumi\u00f3 el panorama mundial, del sur y de Argentina, desde una postura -aclar\u00f3- antifascista, anticapitalista, anticolonialista, antipatriarcal y antiimperialista. \u00abEsta etapa del capitalismo financiero y digital genera una concentraci\u00f3n de poder en una aristocracia tecnol\u00f3gica y financiera. Est\u00e1n los ejemplos de Elon Musk y Mark Zuckerberg, personajes que representan a corporaciones muy poderosas y que en los \u00faltimos 20 a\u00f1os -que se aceleraron en los \u00faltimos 10- ampliaron la brecha de desigualdad en nuestra Patria, donde cada vez tenemos m\u00e1s excluidos y excluidas\u00bb, dijo Sereno, quien ya hab\u00eda sido invitado como veedor internacional en las elecciones de Brasil.<br>Record\u00f3 que actualmente el 10% m\u00e1s rico del mundo posee el 52% de los ingresos; mientras que la mitad m\u00e1s pobre tiene el 8%, y existen 141 multimillonarios m\u00e1s que en el a\u00f1o 2023; es decir que la brecha entre los excluidos, los ricos y las corporaciones es cada vez m\u00e1s grande.<br>Para el militante pol\u00edtico esto se sostiene con la guerra cognitiva a trav\u00e9s del manejo de las redes sociales. \u00abEn ese sentido tambi\u00e9n tenemos que confrontar, y formar compa\u00f1eros y compa\u00f1eras para contrarrestar esa batalla digital. No alcanza con la militancia territorial, porque a trav\u00e9s de las redes cambiaron los modos de vida, de producci\u00f3n, de relacionarse entre\u00a0la gente, y est\u00e1n destruyendo el tejido social\u00bb.<br><strong><br>\u00abUn sistema pol\u00edtico mundial de muerte y crueldad\u00bb<\/strong><br>Sereno cuestion\u00f3 a pol\u00edticos que impulsan la xenofobia, el racismo, el extractivismo, la violencia y la violaci\u00f3n de los derechos humanos. \u00abLamentablemente la etapa que vivimos que se traduce en un modelo de muerte y crueldad desde este capitalismo que se regocija y castiga a los pobres por su pobreza; a las mujeres por la violencia que sufren; castiga a las y los discriminados como si fueran responsables de la misma, y exagera la crueldad\u00bb, lament\u00f3.<br>Agreg\u00f3 que en esta etapa dif\u00edcil, las organizaciones sociales, los movimientos populares y los sindicatos resisten desde la calle, porque \u00abincluso la pol\u00edtica no ejerce la representaci\u00f3n que deber\u00eda, porque no est\u00e1 en los mismos tiempos y necesidades que siente nuestro pueblo\u00bb.<br>Sereno inst\u00f3 a que desde el campo popular \u00abnos organicemos m\u00e1s, debatamos y ejerzamos internacionalmente la solidaridad, por ejemplo con el genocidio en Gaza, que es inadmisible y sin embargo a trav\u00e9s de la guerra cognitiva y el manejo de las redes y de la comunicaci\u00f3n parece que el com\u00fan de la gente termina naturalizando estos episodios o rest\u00e1ndoles importancia\u00bb.<\/p>\n\n\n\n<p>Consider\u00f3 crear un ej\u00e9rcito de comunicadores digitales, y dar la batalla cultural tambi\u00e9n en ese \u00e1mbito, \u00abdonde quiz\u00e1s no profundizamos en la formaci\u00f3n y capacitaci\u00f3n, y nos sacan grandes ventajas. Me alegra formar parte de la Internacional Antifascista que congrega a muchos pa\u00edses, organizaciones sociales, y sindicatos que conformamos el Cap\u00edtulo Argentino Internacional y Antifascista\u00bb, concluy\u00f3.<\/p>\n\n\n\n<p><strong>\u00abPeligros latentes para la soberan\u00eda de lo<\/strong><strong>s<\/strong><strong>&nbsp;pueblos\u00bb<\/strong><\/p>\n\n\n\n<p>Los participantes suscribieron un Documento final, en el que advierten que \u00abel fascismo y el neofascismo no son cap\u00edtulos cerrados de la historia, sino peligros latentes que amenazan la paz, la vida y la soberan\u00eda de los pueblos del mundo\u00bb.<br>El texto subraya que estas ideolog\u00edas que resurgen bajo distintas formas y se adaptan a realidades regionales y nacionales, tienen consecuencias devastadoras para la humanidad. \u00abEs esencial reconocer y enfrentar esta amenaza, ya que buscan destruir proyectos nacionales, populares, progresistas y revolucionarios\u00bb, sostiene el escrito con firmas de legisladores, embajadores y dirigentes pol\u00edticos y gremiales,como Oscar Laborde, Alicia Castro, Luis D\u00b4Elia; Carlos L\u00f3pez, Claudio Lozano, Carlos Raimundi, Eduardo Sigal; Jorge Rivas, Ariel Basteiro, Gustavo Cardesa, Araceli Ferreira, Jorge Kreyness, Hugo \u00abCachorro\u00bb Godoy, Carlos Aznarez, Andr\u00e9s Bercum y Adolfo Aguirre, entre otros.<br>Entre las propuestas del encuentro, coordinado por Jorge Drkos y Alejandro Rusconi, se denunciaron los \u00abactos de guerra\u00bb cometidos por Estados Unidos y sus aliados, contra pa\u00edses soberanos como Venezuela, Cuba, Rusia, China, Ir\u00e1n y Corea del Norte. Adem\u00e1s, el documento aprobado exigi\u00f3 el fin de actos terroristas contra los pueblos que luchan por su liberaci\u00f3n y soberan\u00eda.<br>Se demand\u00f3 que la OTAN y sus pa\u00edses miembros retiren sus tropas del territorio argentino de las Islas Malvinas, poniendo fin a la ocupaci\u00f3n colonial, y exigieron el cese del apoyo a reg\u00edmenes fascistas, como los gobiernos de Ucrania e Israel, que perpet\u00faan el genocidio contra el pueblo palestino.<br>Repudiaron la reciente visita a la Argentina de Laura Richardson, comandante del Comando Sur de Estados Unidos, calificando su presencia como \u00abun signo del car\u00e1cter neocolonial del gobierno de Javier Milei\u00bb. Aprobaron la adhesi\u00f3n a la jornada conmemorativa del \u00abNo al ALCA\u00bb, que se realiz\u00f3 en Mar del Plata, organizada por las Centrales de Trabajadores.<br>El Cap\u00edtulo Argentino \u00abse suma al esfuerzo global para frenar el avance de ideolog\u00edas y pol\u00edticas que amenazan la paz y el bienestar de los pueblos, y se compromete a seguir luchando por un mundo m\u00e1s justo, soberano y libre de fascismos\u00bb, manifestaron.<\/p>\n","protected":false},"excerpt":{"rendered":"<p>En un encuentro realizado en la sede nacional de la Central de Trabajadores Aut&oacute;noma (CTA), en Buenos Aires, se conform&oacute; el Cap&iacute;tulo Argentino de la &laquo;Internacional contra el Fascismo, el&hellip; <\/p>\n","protected":false},"author":3,"featured_media":28326,"comment_status":"closed","ping_status":"closed","sticky":false,"template":"","format":"standard","meta":{"_monsterinsights_skip_tracking":false,"_monsterinsights_sitenote_active":false,"_monsterinsights_sitenote_note":"","_monsterinsights_sitenote_category":0},"categories":[3],"tags":[322],"aioseo_notices":[],"_links":{"self":[{"href":"https:\/\/radionewsmisiones.ar\/site\/wp-json\/wp\/v2\/posts\/28325"}],"collection":[{"href":"https:\/\/radionewsmisiones.ar\/site\/wp-json\/wp\/v2\/posts"}],"about":[{"href":"https:\/\/radionewsmisiones.ar\/site\/wp-json\/wp\/v2\/types\/post"}],"author":[{"embeddable":true,"href":"https:\/\/radionewsmisiones.ar\/site\/wp-json\/wp\/v2\/users\/3"}],"replies":[{"embeddable":true,"href":"https:\/\/radionewsmisiones.ar\/site\/wp-json\/wp\/v2\/comments?post=28325"}],"version-history":[{"count":1,"href":"https:\/\/radionewsmisiones.ar\/site\/wp-json\/wp\/v2\/posts\/28325\/revisions"}],"predecessor-version":[{"id":28328,"href":"https:\/\/radionewsmisiones.ar\/site\/wp-json\/wp\/v2\/posts\/28325\/revisions\/28328"}],"wp:featuredmedia":[{"embeddable":true,"href":"https:\/\/radionewsmisiones.ar\/site\/wp-json\/wp\/v2\/media\/28326"}],"wp:attachment":[{"href":"https:\/\/radionewsmisiones.ar\/site\/wp-json\/wp\/v2\/media?parent=28325"}],"wp:term":[{"taxonomy":"category","embeddable":true,"href":"https:\/\/radionewsmisiones.ar\/site\/wp-json\/wp\/v2\/categories?post=28325"},{"taxonomy":"post_tag","embeddable":true,"href":"https:\/\/radionewsmisiones.ar\/site\/wp-json\/wp\/v2\/tags?post=28325"}],"curies":[{"name":"wp","href":"https:\/\/api.w.org\/{rel}","templated":true}]}}