{"id":28543,"date":"2024-11-21T09:49:20","date_gmt":"2024-11-21T12:49:20","guid":{"rendered":"https:\/\/radionewsmisiones.ar\/site\/?p=28543"},"modified":"2024-11-21T09:49:25","modified_gmt":"2024-11-21T12:49:25","slug":"lanzan-el-programa-pise-dirigido-al-bienestar-de-ninas-y-ninos","status":"publish","type":"post","link":"https:\/\/radionewsmisiones.ar\/site\/provinciales\/lanzan-el-programa-pise-dirigido-al-bienestar-de-ninas-y-ninos\/","title":{"rendered":"Lanzan el Programa \u00abPISE\u00bb , dirigido al bienestar de ni\u00f1as y ni\u00f1os"},"content":{"rendered":"\n<p>El lanzamiento del Programa Infancia Socio-Educativa marc\u00f3 en Misiones un avance significativo en el compromiso de la provincia con la educaci\u00f3n y el bienestar de los ni\u00f1os y ni\u00f1as. Este evento especial reuni\u00f3 a familias, docentes, autoridades y estudiantes.<\/p>\n\n\n\n<figure class=\"wp-block-image size-large\"><img loading=\"lazy\" width=\"1024\" height=\"768\" src=\"https:\/\/radionewsmisiones.ar\/site\/wp-content\/uploads\/2024\/11\/WhatsApp-Image-2024-11-21-at-09.43.36-1024x768.jpeg\" alt=\"\" class=\"wp-image-28544\" srcset=\"https:\/\/radionewsmisiones.ar\/site\/wp-content\/uploads\/2024\/11\/WhatsApp-Image-2024-11-21-at-09.43.36-1024x768.jpeg 1024w, https:\/\/radionewsmisiones.ar\/site\/wp-content\/uploads\/2024\/11\/WhatsApp-Image-2024-11-21-at-09.43.36-300x225.jpeg 300w, https:\/\/radionewsmisiones.ar\/site\/wp-content\/uploads\/2024\/11\/WhatsApp-Image-2024-11-21-at-09.43.36-768x576.jpeg 768w, https:\/\/radionewsmisiones.ar\/site\/wp-content\/uploads\/2024\/11\/WhatsApp-Image-2024-11-21-at-09.43.36-1536x1152.jpeg 1536w, https:\/\/radionewsmisiones.ar\/site\/wp-content\/uploads\/2024\/11\/WhatsApp-Image-2024-11-21-at-09.43.36-2048x1536.jpeg 2048w\" sizes=\"(max-width: 1024px) 100vw, 1024px\" \/><\/figure>\n\n\n\n<p>La propuesta, coordinada por la Subsecretar\u00eda de Educaci\u00f3n de Misiones, se caracteriza por su enfoque interinstitucional, ya que &#8211; adem\u00e1s de Educaci\u00f3n &#8211; involucra a los Ministerios de Salud y Desarrollo Social. El programa, tiene como objetivo fortalecer el aprendizaje en la primera infancia a trav\u00e9s de la formaci\u00f3n de cuidadoras y actividades comunitarias, inicialmente centradas en Posadas.<\/p>\n\n\n\n<p>Durante la jornada de lanzamiento, se desarrollaron una serie de talleres y servicios dise\u00f1ados para atender las diversas necesidades de la comunidad educativa:<\/p>\n\n\n\n<p>\u2022 Vacunaci\u00f3n: para asegurar la salud de los ni\u00f1os.<br>\u2022 Talleres para padres: sobre educaci\u00f3n sexual integral, prevenci\u00f3n de consumos problem\u00e1ticos y sensibilizaci\u00f3n sobre la protecci\u00f3n de los derechos de los ni\u00f1os, ni\u00f1as y adolescentes.<br>\u2022 Talleres para ni\u00f1os: actividades de alfabetizaci\u00f3n, recreaci\u00f3n, deporte, y espacios de interacci\u00f3n a trav\u00e9s del programa Conciencia, que utiliza la ciencia como herramienta educativa para promover el aprendizaje de manera l\u00fadica.<br>\u2022 Capacitaci\u00f3n para equipos de gesti\u00f3n escolar: para fortalecer la colaboraci\u00f3n entre instituciones educativas y la comunidad.<\/p>\n\n\n\n<p>El operativo PISE, refleja la importancia del trabajo conjunto entre los ministerios, subrayando el compromiso del gobierno de Misiones con el bienestar y la educaci\u00f3n integral de la infancia.<\/p>\n","protected":false},"excerpt":{"rendered":"<p>El lanzamiento del Programa Infancia Socio-Educativa marc&oacute; en Misiones un avance significativo en el compromiso de la provincia con la educaci&oacute;n y el bienestar de los ni&ntilde;os y ni&ntilde;as. Este&hellip; <\/p>\n","protected":false},"author":3,"featured_media":28545,"comment_status":"closed","ping_status":"closed","sticky":false,"template":"","format":"standard","meta":{"_monsterinsights_skip_tracking":false,"_monsterinsights_sitenote_active":false,"_monsterinsights_sitenote_note":"","_monsterinsights_sitenote_category":0},"categories":[3],"tags":[26],"aioseo_notices":[],"_links":{"self":[{"href":"https:\/\/radionewsmisiones.ar\/site\/wp-json\/wp\/v2\/posts\/28543"}],"collection":[{"href":"https:\/\/radionewsmisiones.ar\/site\/wp-json\/wp\/v2\/posts"}],"about":[{"href":"https:\/\/radionewsmisiones.ar\/site\/wp-json\/wp\/v2\/types\/post"}],"author":[{"embeddable":true,"href":"https:\/\/radionewsmisiones.ar\/site\/wp-json\/wp\/v2\/users\/3"}],"replies":[{"embeddable":true,"href":"https:\/\/radionewsmisiones.ar\/site\/wp-json\/wp\/v2\/comments?post=28543"}],"version-history":[{"count":1,"href":"https:\/\/radionewsmisiones.ar\/site\/wp-json\/wp\/v2\/posts\/28543\/revisions"}],"predecessor-version":[{"id":28546,"href":"https:\/\/radionewsmisiones.ar\/site\/wp-json\/wp\/v2\/posts\/28543\/revisions\/28546"}],"wp:featuredmedia":[{"embeddable":true,"href":"https:\/\/radionewsmisiones.ar\/site\/wp-json\/wp\/v2\/media\/28545"}],"wp:attachment":[{"href":"https:\/\/radionewsmisiones.ar\/site\/wp-json\/wp\/v2\/media?parent=28543"}],"wp:term":[{"taxonomy":"category","embeddable":true,"href":"https:\/\/radionewsmisiones.ar\/site\/wp-json\/wp\/v2\/categories?post=28543"},{"taxonomy":"post_tag","embeddable":true,"href":"https:\/\/radionewsmisiones.ar\/site\/wp-json\/wp\/v2\/tags?post=28543"}],"curies":[{"name":"wp","href":"https:\/\/api.w.org\/{rel}","templated":true}]}}