{"id":28547,"date":"2024-11-21T10:35:33","date_gmt":"2024-11-21T13:35:33","guid":{"rendered":"https:\/\/radionewsmisiones.ar\/site\/?p=28547"},"modified":"2024-11-21T10:35:38","modified_gmt":"2024-11-21T13:35:38","slug":"productores-yerbateros-inician-paro-ante-precios-irrisorios-el-ano-que-viene-vamos-a-estar-peor-mucho-peor","status":"publish","type":"post","link":"https:\/\/radionewsmisiones.ar\/site\/provinciales\/productores-yerbateros-inician-paro-ante-precios-irrisorios-el-ano-que-viene-vamos-a-estar-peor-mucho-peor\/","title":{"rendered":"Productores yerbateros inician paro ante precios irrisorios: \u00abEl a\u00f1o que viene vamos a estar peor, mucho peor\u00bb"},"content":{"rendered":"\n<p><strong>Jon\u00e1s Petterson<\/strong>, reconocido dirigente yerbatero de la zona norte de Misiones, concedi\u00f3 una entrevista a Radio News Misiones en la que explic\u00f3 los motivos detr\u00e1s del paro de cosecha de yerba mate que se ha iniciado en la provincia. Peterson, quien tambi\u00e9n es productor, se\u00f1al\u00f3 que la decisi\u00f3n se tom\u00f3 en una reuni\u00f3n la semana pasada, donde se determin\u00f3 que los precios ofrecidos por los industriales son \u00abirrisorios\u00bb y que las condiciones de pago son inaceptables, con cheques que se cobrar\u00edan reci\u00e9n en febrero o marzo del pr\u00f3ximo a\u00f1o.<\/p>\n\n\n\n<p>\u00abPreferimos no arrancar la cosecha, parar la cosecha y empezar a unir a los productores (\u2026) para solucionar este tema\u00bb, afirm\u00f3 Peterson. El dirigente reconoci\u00f3 que existen divisiones internas dentro del sector, producto de la \u00abmala pol\u00edtica\u00bb y los enfrentamientos generados por la contienda electoral. Sin embargo, se mostr\u00f3 optimista al afirmar que la necesidad econ\u00f3mica est\u00e1 impulsando a los productores a dejar de lado sus diferencias y a unirse para defender sus intereses.<br>\u00abEmpezamos a buscarnos, a cuidar que no se nos arrumbre la olla porque si no, si no se da la mano\u2026\u00bb, explic\u00f3. Peterson reconoce que no hay certeza sobre la efectividad del paro, pero considera que cosechar a un precio bajo solo garantiza p\u00e9rdidas. En su opini\u00f3n, la mejor estrategia es detener la cosecha, identificar el problema, unir a los productores y luego luchar por un precio justo.<br><strong>\u00abSi cosecho hoy a un mal precio, tal vez cobre en febrero o marzo. Entonces, ante ese panorama, \u00bfqu\u00e9 te parece? Sin duda tenemos que parar la pelotita hoy, eh, y enfrentar la situaci\u00f3n,\u00bb <\/strong>argument\u00f3.<br>Peterson advirti\u00f3 que habr\u00e1 sectores que se opongan al paro y promuevan la cosecha. Por ello, inst\u00f3 a los productores a tener paciencia, a mantenerse unidos y a planificar juntos el camino a seguir. Tambi\u00e9n hizo referencia a las luchas pasadas por un precio justo para la yerba mate y destac\u00f3 el papel del Instituto Nacional de la Yerba Mate (INYM) como herramienta de regulaci\u00f3n. Peterson record\u00f3 que el INYM, surgido de la presi\u00f3n de los productores, fue clave para lograr precios justos en el pasado y lament\u00f3 que esta herramienta haya sido debilitada, abogando por su recuperaci\u00f3n.<br><strong>\u00abHoy sabemos que el INYM es la herramienta y funcion\u00f3 como la herramienta de regulaci\u00f3n. Entonces, eh, no es lo mismo que lo que pasamos nosotros en el 2000, en el 2001 que no sab\u00edamos exactamente c\u00f3mo lo \u00edbamos a hacer para solucionar. Hoy sabemos cu\u00e1l es la herramienta y sabemos qui\u00e9n destruy\u00f3 esa herramienta\u00bb,<\/strong> declar\u00f3 con firmeza.<br>Ante las acusaciones de algunos sectores que lo responsabilizan por la crisis actual, Peterson se defiende se\u00f1alando su historial de lucha por los productores y su participaci\u00f3n en el INYM durante los a\u00f1os de mejores precios. \u00abYo tengo la responsabilidad de haber luchado para que exista el INYM. Tengo la responsabilidad de haber participado en el Instituto Nacional el a\u00f1o 2021, 2022 y 2023, que fueron los a\u00f1os r\u00e9cord de de mejores precios de la actividad yerbatera y tengo la foto de hoy para mostrarles, o sea, que qu\u00e9 de qu\u00e9 se me acusan\u00bb, respondi\u00f3.<br>Peterson reconoce que el paro es un punto de inflexi\u00f3n y que no hay garant\u00edas de \u00e9xito. Insta a los productores a unirse y luchar, ya que la inacci\u00f3n solo empeorar\u00e1 la situaci\u00f3n en el futuro. \u00abLo \u00fanico seguro que yo le puedo decir a los productores es que si nos quedamos en la casa y estemos cosechando el a\u00f1o que viene vamos a estar peor, mucho peor\u00bb, concluy\u00f3.<\/p>\n\n\n\n<figure class=\"wp-block-embed is-type-video is-provider-youtube wp-block-embed-youtube wp-embed-aspect-16-9 wp-has-aspect-ratio\"><div class=\"wp-block-embed__wrapper\">\n<iframe loading=\"lazy\" title=\"Jonas Petersonn. Dirigente y productor yerbatero\" width=\"1110\" height=\"624\" src=\"https:\/\/www.youtube.com\/embed\/FbtvmlMyFgg?start=163&#038;feature=oembed\" frameborder=\"0\" allow=\"accelerometer; autoplay; clipboard-write; encrypted-media; gyroscope; picture-in-picture; web-share\" referrerpolicy=\"strict-origin-when-cross-origin\" allowfullscreen><\/iframe>\n<\/div><figcaption><strong>ENTREVISTA: JONAS PETTERSON (DIRIGENTE  YERBATERO)<\/strong><\/figcaption><\/figure>\n","protected":false},"excerpt":{"rendered":"<p>Jon&aacute;s Petterson, reconocido dirigente yerbatero de la zona norte de Misiones, concedi&oacute; una entrevista a Radio News Misiones en la que explic&oacute; los motivos detr&aacute;s del paro de cosecha de&hellip; <\/p>\n","protected":false},"author":4,"featured_media":28549,"comment_status":"closed","ping_status":"closed","sticky":false,"template":"","format":"standard","meta":{"_monsterinsights_skip_tracking":false,"_monsterinsights_sitenote_active":false,"_monsterinsights_sitenote_note":"","_monsterinsights_sitenote_category":0},"categories":[3],"tags":[218],"aioseo_notices":[],"_links":{"self":[{"href":"https:\/\/radionewsmisiones.ar\/site\/wp-json\/wp\/v2\/posts\/28547"}],"collection":[{"href":"https:\/\/radionewsmisiones.ar\/site\/wp-json\/wp\/v2\/posts"}],"about":[{"href":"https:\/\/radionewsmisiones.ar\/site\/wp-json\/wp\/v2\/types\/post"}],"author":[{"embeddable":true,"href":"https:\/\/radionewsmisiones.ar\/site\/wp-json\/wp\/v2\/users\/4"}],"replies":[{"embeddable":true,"href":"https:\/\/radionewsmisiones.ar\/site\/wp-json\/wp\/v2\/comments?post=28547"}],"version-history":[{"count":1,"href":"https:\/\/radionewsmisiones.ar\/site\/wp-json\/wp\/v2\/posts\/28547\/revisions"}],"predecessor-version":[{"id":28550,"href":"https:\/\/radionewsmisiones.ar\/site\/wp-json\/wp\/v2\/posts\/28547\/revisions\/28550"}],"wp:featuredmedia":[{"embeddable":true,"href":"https:\/\/radionewsmisiones.ar\/site\/wp-json\/wp\/v2\/media\/28549"}],"wp:attachment":[{"href":"https:\/\/radionewsmisiones.ar\/site\/wp-json\/wp\/v2\/media?parent=28547"}],"wp:term":[{"taxonomy":"category","embeddable":true,"href":"https:\/\/radionewsmisiones.ar\/site\/wp-json\/wp\/v2\/categories?post=28547"},{"taxonomy":"post_tag","embeddable":true,"href":"https:\/\/radionewsmisiones.ar\/site\/wp-json\/wp\/v2\/tags?post=28547"}],"curies":[{"name":"wp","href":"https:\/\/api.w.org\/{rel}","templated":true}]}}