{"id":28797,"date":"2024-11-29T08:16:27","date_gmt":"2024-11-29T11:16:27","guid":{"rendered":"https:\/\/radionewsmisiones.ar\/site\/?p=28797"},"modified":"2024-11-29T08:16:31","modified_gmt":"2024-11-29T11:16:31","slug":"salud-publica-presento-la-evaluacion-del-proyecto-septiembre-amarillo","status":"publish","type":"post","link":"https:\/\/radionewsmisiones.ar\/site\/provinciales\/salud-publica-presento-la-evaluacion-del-proyecto-septiembre-amarillo\/","title":{"rendered":"Salud p\u00fablica present\u00f3 la evaluaci\u00f3n del proyecto \u201cseptiembre amarillo\u201d"},"content":{"rendered":"\n<p>Con una amplia convocatoria de expositores, el equipo de ITAIP\u00da Salud, del Ministerio de Salud P\u00fablica de Misiones present\u00f3 el martes en la Usina Itaip\u00fa Binacional de Foz do Igua\u00e7u el resumen del trabajo desarrollado basado en la campa\u00f1a de prevenci\u00f3n del suicidio \u201cSeptiembre Amarillo \u2013 Hablar es la Mejor Soluci\u00f3n\u201d.&nbsp;<\/p>\n\n\n\n<figure class=\"wp-block-image size-large\"><img loading=\"lazy\" width=\"1024\" height=\"768\" src=\"https:\/\/radionewsmisiones.ar\/site\/wp-content\/uploads\/2024\/11\/WhatsApp-Image-2024-11-28-at-10.22.42-1024x768.jpeg\" alt=\"\" class=\"wp-image-28798\" srcset=\"https:\/\/radionewsmisiones.ar\/site\/wp-content\/uploads\/2024\/11\/WhatsApp-Image-2024-11-28-at-10.22.42-1024x768.jpeg 1024w, https:\/\/radionewsmisiones.ar\/site\/wp-content\/uploads\/2024\/11\/WhatsApp-Image-2024-11-28-at-10.22.42-300x225.jpeg 300w, https:\/\/radionewsmisiones.ar\/site\/wp-content\/uploads\/2024\/11\/WhatsApp-Image-2024-11-28-at-10.22.42-768x576.jpeg 768w, https:\/\/radionewsmisiones.ar\/site\/wp-content\/uploads\/2024\/11\/WhatsApp-Image-2024-11-28-at-10.22.42-1536x1152.jpeg 1536w, https:\/\/radionewsmisiones.ar\/site\/wp-content\/uploads\/2024\/11\/WhatsApp-Image-2024-11-28-at-10.22.42.jpeg 1600w\" sizes=\"(max-width: 1024px) 100vw, 1024px\" \/><\/figure>\n\n\n\n<p>De acuerdo con la OMS, la salud mental es un estado de bienestar en el cual el individuo es capaz de usar sus propias habilidades, recuperarse del estr\u00e9s rutinario, ser productivo y contribuir con su comunidad.<\/p>\n\n\n\n<p>En ese sentido, la comisi\u00f3n que trabaj\u00f3 en la cobertura del acceso universal de la salud con foco en la salud mental, visibiliz\u00f3 la problem\u00e1tica del suicidio y present\u00f3 lo trabajado durante el mes de septiembre.<\/p>\n\n\n\n<p>Para ello, se dise\u00f1aron una serie de capacitaciones que estuvieron dirigidas principalmente a instituciones educativas y centros de salud realizando mas de 50 charlas en las cuales incluyeron el abordaje del suicidio, violencia y depresi\u00f3n en los j\u00f3venes. Dicho proyecto fue en el marco de la Campa\u00f1a Septiembre Amarillo \u201cHablar es la Mejor Soluci\u00f3n\u201d, del proyecto Tripartito aprobado en la Comisi\u00f3n del GT Itaip\u00fa Binacional, que involucra los pa\u00edses de Argentina, Brasil y Paraguay.<\/p>\n\n\n\n<p>A su vez, se resalt\u00f3 la implementaci\u00f3n de la red provincial para el abordaje integral del suicidio que se trabaja en la provincia de Misiones la cual brinda atenci\u00f3n, contenci\u00f3n y seguimiento de pacientes con ideas suicidas.<\/p>\n\n\n\n<p>Por otra parte, se aprob\u00f3 el proyecto de \u201cS\u00cdFILIS en las embarazadas\u201d que consiste en la capacitaci\u00f3n del personal de salud en los niveles 1 y 2 para el manejo y tratamiento de esta condici\u00f3n con el fin de evitar la s\u00edfilis cong\u00e9nita. La misma estuvo a cargo de la comisi\u00f3n de salud materno infantil, tambi\u00e9n del Ministerio de Salud P\u00fablica de Misiones.<\/p>\n\n\n\n<p>Al respecto, la Dra. Raquel Matcosky quien pertenece al Grupo de Trabajo ITAIP\u00da Salud indic\u00f3 la importancia de estas iniciativas y el compromiso de pa\u00edses conjuntos para mejorar la salud p\u00fablica de la regi\u00f3n.<\/p>\n","protected":false},"excerpt":{"rendered":"<p>Con una amplia convocatoria de expositores, el equipo de ITAIP&Uacute; Salud, del Ministerio de Salud P&uacute;blica de Misiones present&oacute; el martes en la Usina Itaip&uacute; Binacional de Foz do Igua&ccedil;u&hellip; <\/p>\n","protected":false},"author":3,"featured_media":28798,"comment_status":"closed","ping_status":"closed","sticky":false,"template":"","format":"standard","meta":{"_monsterinsights_skip_tracking":false,"_monsterinsights_sitenote_active":false,"_monsterinsights_sitenote_note":"","_monsterinsights_sitenote_category":0},"categories":[3],"tags":[19],"aioseo_notices":[],"_links":{"self":[{"href":"https:\/\/radionewsmisiones.ar\/site\/wp-json\/wp\/v2\/posts\/28797"}],"collection":[{"href":"https:\/\/radionewsmisiones.ar\/site\/wp-json\/wp\/v2\/posts"}],"about":[{"href":"https:\/\/radionewsmisiones.ar\/site\/wp-json\/wp\/v2\/types\/post"}],"author":[{"embeddable":true,"href":"https:\/\/radionewsmisiones.ar\/site\/wp-json\/wp\/v2\/users\/3"}],"replies":[{"embeddable":true,"href":"https:\/\/radionewsmisiones.ar\/site\/wp-json\/wp\/v2\/comments?post=28797"}],"version-history":[{"count":1,"href":"https:\/\/radionewsmisiones.ar\/site\/wp-json\/wp\/v2\/posts\/28797\/revisions"}],"predecessor-version":[{"id":28799,"href":"https:\/\/radionewsmisiones.ar\/site\/wp-json\/wp\/v2\/posts\/28797\/revisions\/28799"}],"wp:featuredmedia":[{"embeddable":true,"href":"https:\/\/radionewsmisiones.ar\/site\/wp-json\/wp\/v2\/media\/28798"}],"wp:attachment":[{"href":"https:\/\/radionewsmisiones.ar\/site\/wp-json\/wp\/v2\/media?parent=28797"}],"wp:term":[{"taxonomy":"category","embeddable":true,"href":"https:\/\/radionewsmisiones.ar\/site\/wp-json\/wp\/v2\/categories?post=28797"},{"taxonomy":"post_tag","embeddable":true,"href":"https:\/\/radionewsmisiones.ar\/site\/wp-json\/wp\/v2\/tags?post=28797"}],"curies":[{"name":"wp","href":"https:\/\/api.w.org\/{rel}","templated":true}]}}