{"id":28800,"date":"2024-11-29T08:20:09","date_gmt":"2024-11-29T11:20:09","guid":{"rendered":"https:\/\/radionewsmisiones.ar\/site\/?p=28800"},"modified":"2024-11-29T08:20:22","modified_gmt":"2024-11-29T11:20:22","slug":"legislatura-se-presento-el-informe-publico-de-la-comision-de-buenas-practicas-en-contexto-de-encierro","status":"publish","type":"post","link":"https:\/\/radionewsmisiones.ar\/site\/provinciales\/legislatura-se-presento-el-informe-publico-de-la-comision-de-buenas-practicas-en-contexto-de-encierro\/","title":{"rendered":"Legislatura: Se present\u00f3 el informe p\u00fablico de la Comisi\u00f3n de Buenas Pr\u00e1cticas en Contexto de Encierro"},"content":{"rendered":"\n<p><strong>El Consejo Consultivo desarroll\u00f3 su decimocuarta edici\u00f3n en el cierre de actividades anuales de la Comisi\u00f3n de Buenas Pr\u00e1cticas en Contexto de Encierro. Durante la jornada, se present\u00f3 el informe p\u00fablico que expuso las acciones realizadas en 2024 y deline\u00f3 las l\u00edneas de trabajo para el pr\u00f3ximo per\u00edodo.<\/strong><\/p>\n\n\n\n<figure class=\"wp-block-image size-large\"><img loading=\"lazy\" width=\"1024\" height=\"577\" src=\"https:\/\/radionewsmisiones.ar\/site\/wp-content\/uploads\/2024\/11\/DSC00186-1024x577.jpg\" alt=\"\" class=\"wp-image-28802\" srcset=\"https:\/\/radionewsmisiones.ar\/site\/wp-content\/uploads\/2024\/11\/DSC00186-1024x577.jpg 1024w, https:\/\/radionewsmisiones.ar\/site\/wp-content\/uploads\/2024\/11\/DSC00186-300x169.jpg 300w, https:\/\/radionewsmisiones.ar\/site\/wp-content\/uploads\/2024\/11\/DSC00186-768x433.jpg 768w, https:\/\/radionewsmisiones.ar\/site\/wp-content\/uploads\/2024\/11\/DSC00186-1536x865.jpg 1536w, https:\/\/radionewsmisiones.ar\/site\/wp-content\/uploads\/2024\/11\/DSC00186-2048x1154.jpg 2048w\" sizes=\"(max-width: 1024px) 100vw, 1024px\" \/><\/figure>\n\n\n\n<p>Constanza Yudar, presidenta de la Comisi\u00f3n, record\u00f3 que este fue uno de los dos consejos consultivos organizados anualmente. \u201cEste encuentro de cierre permiti\u00f3 exponer las buenas pr\u00e1cticas desarrolladas, el impacto del cambio de denominaci\u00f3n de la Comisi\u00f3n y las tem\u00e1ticas abordadas por cada uno de los comisionados, quienes aportaron una perspectiva diversa\u201d, explic\u00f3.<\/p>\n\n\n\n<p>La Comisi\u00f3n, anteriormente conocida como Comisi\u00f3n de Prevenci\u00f3n de la Tortura, adopt\u00f3 su nuevo nombre para reflejar un enfoque m\u00e1s integral y proactivo. \u201cLa esencia de nuestra ley no cambi\u00f3. Seguimos comprometidos con la promoci\u00f3n de los derechos humanos en los contextos de encierro. Este cambio fue pensado desde hace tiempo, incluso durante la gesti\u00f3n de Eduardo Scherer\u201d, indic\u00f3 Yudar.<\/p>\n\n\n\n<p>En su primer per\u00edodo como presidenta, Yudar resalt\u00f3 la continuidad en las metodolog\u00edas de trabajo implementadas desde su incorporaci\u00f3n a la Comisi\u00f3n en 2017. \u201cHe sido asistente, comisionada y ahora presidenta. Incorporamos nuevas tecnolog\u00edas y mantenemos un equipo homog\u00e9neo y colaborativo\u201d, subray\u00f3.<\/p>\n\n\n\n<p>Consultada sobre el contexto nacional en torno al trabajo de las personas privadas de libertad, como la limpieza de los espacios penitenciarios, Yudar afirm\u00f3: \u201cEso no fue nuevo para nosotros. Las unidades penales en Misiones ya cuentan con iniciativas en las que internos e internas participan activamente. Sin embargo, no recibimos una instrucci\u00f3n formal al respecto\u201d.<\/p>\n\n\n\n<p><strong>La Comisi\u00f3n y su marco normativo<\/strong><\/p>\n\n\n\n<p>La Comisi\u00f3n de Buenas Pr\u00e1cticas en Contexto de Encierro fue creada por la Ley IV \u2013 N\u00b0 65 de la Provincia de Misiones, como parte del Sistema Provincial de Prevenci\u00f3n de la Tortura y Otros Tratos o Penas Crueles, Inhumanos o Degradantes. Su misi\u00f3n principal es garantizar los derechos humanos de las personas privadas de libertad, promoviendo condiciones dignas y respetuosas en los espacios de detenci\u00f3n.<\/p>\n\n\n\n<p><strong>Composici\u00f3n y objetivos<\/strong><\/p>\n\n\n\n<p>Este organismo est\u00e1 integrado por representantes del Poder Ejecutivo, las fuerzas de seguridad, profesionales de distintas disciplinas y organizaciones de la sociedad civil, quienes trabajan de manera conjunta para monitorear los lugares de detenci\u00f3n, elaborar informes detallados y fomentar pol\u00edticas p\u00fablicas que impulsen la reintegraci\u00f3n social de las personas privadas de libertad. Entre sus objetivos principales, se destacan la prevenci\u00f3n de tratos inhumanos y el fortalecimiento de buenas pr\u00e1cticas en contextos de encierro, promoviendo un enfoque integral y humano.<\/p>\n","protected":false},"excerpt":{"rendered":"<p>El Consejo Consultivo desarroll&oacute; su decimocuarta edici&oacute;n en el cierre de actividades anuales de la Comisi&oacute;n de Buenas Pr&aacute;cticas en Contexto de Encierro. Durante la jornada, se present&oacute; el informe&hellip; <\/p>\n","protected":false},"author":3,"featured_media":28801,"comment_status":"closed","ping_status":"closed","sticky":false,"template":"","format":"standard","meta":{"_monsterinsights_skip_tracking":false,"_monsterinsights_sitenote_active":false,"_monsterinsights_sitenote_note":"","_monsterinsights_sitenote_category":0},"categories":[3],"tags":[7],"aioseo_notices":[],"_links":{"self":[{"href":"https:\/\/radionewsmisiones.ar\/site\/wp-json\/wp\/v2\/posts\/28800"}],"collection":[{"href":"https:\/\/radionewsmisiones.ar\/site\/wp-json\/wp\/v2\/posts"}],"about":[{"href":"https:\/\/radionewsmisiones.ar\/site\/wp-json\/wp\/v2\/types\/post"}],"author":[{"embeddable":true,"href":"https:\/\/radionewsmisiones.ar\/site\/wp-json\/wp\/v2\/users\/3"}],"replies":[{"embeddable":true,"href":"https:\/\/radionewsmisiones.ar\/site\/wp-json\/wp\/v2\/comments?post=28800"}],"version-history":[{"count":1,"href":"https:\/\/radionewsmisiones.ar\/site\/wp-json\/wp\/v2\/posts\/28800\/revisions"}],"predecessor-version":[{"id":28803,"href":"https:\/\/radionewsmisiones.ar\/site\/wp-json\/wp\/v2\/posts\/28800\/revisions\/28803"}],"wp:featuredmedia":[{"embeddable":true,"href":"https:\/\/radionewsmisiones.ar\/site\/wp-json\/wp\/v2\/media\/28801"}],"wp:attachment":[{"href":"https:\/\/radionewsmisiones.ar\/site\/wp-json\/wp\/v2\/media?parent=28800"}],"wp:term":[{"taxonomy":"category","embeddable":true,"href":"https:\/\/radionewsmisiones.ar\/site\/wp-json\/wp\/v2\/categories?post=28800"},{"taxonomy":"post_tag","embeddable":true,"href":"https:\/\/radionewsmisiones.ar\/site\/wp-json\/wp\/v2\/tags?post=28800"}],"curies":[{"name":"wp","href":"https:\/\/api.w.org\/{rel}","templated":true}]}}