{"id":28808,"date":"2024-11-29T08:25:04","date_gmt":"2024-11-29T11:25:04","guid":{"rendered":"https:\/\/radionewsmisiones.ar\/site\/?p=28808"},"modified":"2024-11-29T08:25:09","modified_gmt":"2024-11-29T11:25:09","slug":"la-legislatura-provincial-refuerza-su-compromiso-con-la-prevencion-y-cuidado-de-la-salud-de-sus-agentes","status":"publish","type":"post","link":"https:\/\/radionewsmisiones.ar\/site\/provinciales\/la-legislatura-provincial-refuerza-su-compromiso-con-la-prevencion-y-cuidado-de-la-salud-de-sus-agentes\/","title":{"rendered":"La Legislatura provincial refuerza su compromiso con la prevenci\u00f3n y cuidado de la salud de sus agentes"},"content":{"rendered":"\n<p><strong>La C\u00e1mara de Representantes de Misiones realiz\u00f3 este mi\u00e9rcoles un operativo integral de salud destinado al personal legislativo. La actividad incluy\u00f3 controles cl\u00ednicos, mediciones de peso, talla, presi\u00f3n arterial y glucemia, adem\u00e1s de an\u00e1lisis de laboratorio, detecci\u00f3n de patolog\u00edas y derivaciones en casos cr\u00edticos.<\/strong><\/p>\n\n\n\n<figure class=\"wp-block-image size-large\"><img loading=\"lazy\" width=\"1024\" height=\"577\" src=\"https:\/\/radionewsmisiones.ar\/site\/wp-content\/uploads\/2024\/11\/DSC09950-1024x577.jpg\" alt=\"\" class=\"wp-image-28809\" srcset=\"https:\/\/radionewsmisiones.ar\/site\/wp-content\/uploads\/2024\/11\/DSC09950-1024x577.jpg 1024w, https:\/\/radionewsmisiones.ar\/site\/wp-content\/uploads\/2024\/11\/DSC09950-300x169.jpg 300w, https:\/\/radionewsmisiones.ar\/site\/wp-content\/uploads\/2024\/11\/DSC09950-768x433.jpg 768w, https:\/\/radionewsmisiones.ar\/site\/wp-content\/uploads\/2024\/11\/DSC09950-1536x865.jpg 1536w, https:\/\/radionewsmisiones.ar\/site\/wp-content\/uploads\/2024\/11\/DSC09950-2048x1154.jpg 2048w\" sizes=\"(max-width: 1024px) 100vw, 1024px\" \/><\/figure>\n\n\n\n<p>La iniciativa, impulsada por el presidente de la C\u00e1mara, Oscar Herrera Ahuad; y el vicepresidente, Carlos Rovira; es coordinada por el presidente de la Comisi\u00f3n de Salud y del bloque renovador, Mart\u00edn Cesino, y pone en relieve el compromiso del Poder Legislativo de brindar soluciones concretas y acompa\u00f1ar al personal en la detecci\u00f3n temprana y la prevenci\u00f3n de enfermedades.<\/p>\n\n\n\n<p>El operativo se desarroll\u00f3 como parte del \u201cMes Azul\u201d, una campa\u00f1a que busca generar conciencia sobre la prevenci\u00f3n del c\u00e1ncer de pr\u00f3stata y otras enfermedades que afectan la salud masculina. Durante la jornada, se atendi\u00f3 a empleados legislativos, entre los cuales se detectaron algunos casos cr\u00edticos, y fueron derivados para atenci\u00f3n inmediata.<\/p>\n\n\n\n<p>Mart\u00edn Barreyro, coordinador general de la Subsecretar\u00eda de Articulaci\u00f3n del Ministerio de Salud P\u00fablica, explic\u00f3 que el prop\u00f3sito del operativo es promover la detecci\u00f3n temprana de afecciones y prevenir complicaciones. \u201cCon estas actividades buscamos dar a los trabajadores herramientas para cuidar su salud, detectar a tiempo posibles riesgos y tomar medidas que puedan prevenir complicaciones futuras. La prevenci\u00f3n es la clave para reducir el impacto de enfermedades cr\u00f3nicas\u201d, se\u00f1al\u00f3.<\/p>\n\n\n\n<p>Barreyro tambi\u00e9n destac\u00f3 la importancia del v\u00ednculo institucional que se genera a partir de estas acciones. \u201cEs fundamental que los empleados sientan que cuentan con un acompa\u00f1amiento efectivo. Adem\u00e1s, muchas veces estas jornadas permiten detectar afecciones que el paciente desconoc\u00eda, como ocurri\u00f3 hoy con los diagn\u00f3sticos realizados, que ahora podr\u00e1n ser tratados a tiempo\u201d, agreg\u00f3.<\/p>\n","protected":false},"excerpt":{"rendered":"<p>La C&aacute;mara de Representantes de Misiones realiz&oacute; este mi&eacute;rcoles un operativo integral de salud destinado al personal legislativo. La actividad incluy&oacute; controles cl&iacute;nicos, mediciones de peso, talla, presi&oacute;n arterial y&hellip; <\/p>\n","protected":false},"author":3,"featured_media":28810,"comment_status":"closed","ping_status":"closed","sticky":false,"template":"","format":"standard","meta":{"_monsterinsights_skip_tracking":false,"_monsterinsights_sitenote_active":false,"_monsterinsights_sitenote_note":"","_monsterinsights_sitenote_category":0},"categories":[3],"tags":[7],"aioseo_notices":[],"_links":{"self":[{"href":"https:\/\/radionewsmisiones.ar\/site\/wp-json\/wp\/v2\/posts\/28808"}],"collection":[{"href":"https:\/\/radionewsmisiones.ar\/site\/wp-json\/wp\/v2\/posts"}],"about":[{"href":"https:\/\/radionewsmisiones.ar\/site\/wp-json\/wp\/v2\/types\/post"}],"author":[{"embeddable":true,"href":"https:\/\/radionewsmisiones.ar\/site\/wp-json\/wp\/v2\/users\/3"}],"replies":[{"embeddable":true,"href":"https:\/\/radionewsmisiones.ar\/site\/wp-json\/wp\/v2\/comments?post=28808"}],"version-history":[{"count":1,"href":"https:\/\/radionewsmisiones.ar\/site\/wp-json\/wp\/v2\/posts\/28808\/revisions"}],"predecessor-version":[{"id":28811,"href":"https:\/\/radionewsmisiones.ar\/site\/wp-json\/wp\/v2\/posts\/28808\/revisions\/28811"}],"wp:featuredmedia":[{"embeddable":true,"href":"https:\/\/radionewsmisiones.ar\/site\/wp-json\/wp\/v2\/media\/28810"}],"wp:attachment":[{"href":"https:\/\/radionewsmisiones.ar\/site\/wp-json\/wp\/v2\/media?parent=28808"}],"wp:term":[{"taxonomy":"category","embeddable":true,"href":"https:\/\/radionewsmisiones.ar\/site\/wp-json\/wp\/v2\/categories?post=28808"},{"taxonomy":"post_tag","embeddable":true,"href":"https:\/\/radionewsmisiones.ar\/site\/wp-json\/wp\/v2\/tags?post=28808"}],"curies":[{"name":"wp","href":"https:\/\/api.w.org\/{rel}","templated":true}]}}