{"id":28812,"date":"2024-11-29T08:28:49","date_gmt":"2024-11-29T11:28:49","guid":{"rendered":"https:\/\/radionewsmisiones.ar\/site\/?p=28812"},"modified":"2024-11-29T08:29:01","modified_gmt":"2024-11-29T11:29:01","slug":"misiones-solicito-presidente-para-el-inym-en-el-consejo-federal-del-trabajo","status":"publish","type":"post","link":"https:\/\/radionewsmisiones.ar\/site\/provinciales\/misiones-solicito-presidente-para-el-inym-en-el-consejo-federal-del-trabajo\/","title":{"rendered":"Misiones solicit\u00f3 presidente para el INYM en el Consejo Federal del Trabajo"},"content":{"rendered":"\n<p>Comenz\u00f3 la 125\u00b0 edici\u00f3n del Consejo Federal del Trabajo con el fin de fortalecer las administraciones del trabajo en las provincias y as\u00ed lograr mayor eficacia de la actividad gubernamental. Misiones marc\u00f3 la agenda con los siguientes pedidos en la Comisi\u00f3n de Trabajo Agrario:<\/p>\n\n\n\n<ul><li>La solicitud que se proceda a la designaci\u00f3n de un Presidente para el Instituto Nacional de la Yerba Mate.<\/li><li>La posibilidad de informar al sistema m\u00e1s de un C.U.I.T., en los casos que durante el per\u00edodo de cosecha de la yerba mate los trabajadores hubieran trabajado para m\u00e1s de un empleador.<\/li><li>Trabajar en la eliminaci\u00f3n de la Resoluci\u00f3n N\u00b0 63\/2023 de la Secretaria de Trabajo, Empleo y Seguridad Social, modificando los Art\u00edculos 3\u00b0 y 6\u00b0 con el objetivo de establecer un r\u00e9gimen de compatibilidades.<\/li><\/ul>\n\n\n\n<figure class=\"wp-block-image size-large\"><img loading=\"lazy\" width=\"1024\" height=\"768\" src=\"https:\/\/radionewsmisiones.ar\/site\/wp-content\/uploads\/2024\/11\/09161d0a-b383-407f-9040-f9e3ed762548-1024x768.jpg\" alt=\"\" class=\"wp-image-28813\" srcset=\"https:\/\/radionewsmisiones.ar\/site\/wp-content\/uploads\/2024\/11\/09161d0a-b383-407f-9040-f9e3ed762548-1024x768.jpg 1024w, https:\/\/radionewsmisiones.ar\/site\/wp-content\/uploads\/2024\/11\/09161d0a-b383-407f-9040-f9e3ed762548-300x225.jpg 300w, https:\/\/radionewsmisiones.ar\/site\/wp-content\/uploads\/2024\/11\/09161d0a-b383-407f-9040-f9e3ed762548-768x576.jpg 768w, https:\/\/radionewsmisiones.ar\/site\/wp-content\/uploads\/2024\/11\/09161d0a-b383-407f-9040-f9e3ed762548.jpg 1280w\" sizes=\"(max-width: 1024px) 100vw, 1024px\" \/><\/figure>\n\n\n\n<p>La Ministra de Trabajo de Misiones, Silvana Gim\u00e9nez, junto a todo el equipo de la cartera laboral participaron de las Comisiones T\u00e9cnicas que se llevaron a cabo mediante videoconferencia.<\/p>\n\n\n\n<p>El Consejo es un organismo que tiene por objetivo fortalecer las administraciones del trabajo, fortalecer el di\u00e1logo federal y consolidar pol\u00edticas de empleo en todo el territorio nacional.<\/p>\n\n\n\n<p>Ministras, ministros, secretarios y funcionarios de todo el pa\u00eds se reunieron para trabajar en diversas comisiones con la finalidad de impulsar programas y pol\u00edticas p\u00fablicas en todas las jurisdicciones del pa\u00eds.<\/p>\n\n\n\n<p>Tuvieron lugar las comisiones t\u00e9cnicas de Salud y Seguridad en el Trabajo; Seguridad Social y Previsional; Polic\u00eda del Trabajo, Comisi\u00f3n de Normas y Comisi\u00f3n de Seguridad Social y Previsional; Trabajo Agrario; Prevenci\u00f3n y Erradicaci\u00f3n del Trabajo Infantil y toda forma de Trabajo Prohibido, Protecci\u00f3n y Grupos Vulnerables y Comisi\u00f3n de G\u00e9nero e Igualdad de Oportunidades; y de Relaciones Laborales, Negociaci\u00f3n Colectiva y Conciliaci\u00f3n.<\/p>\n","protected":false},"excerpt":{"rendered":"<p>Comenz&oacute; la 125&deg; edici&oacute;n del Consejo Federal del Trabajo con el fin de fortalecer las administraciones del trabajo en las provincias y as&iacute; lograr mayor eficacia de la actividad gubernamental.&hellip; <\/p>\n","protected":false},"author":3,"featured_media":28814,"comment_status":"closed","ping_status":"closed","sticky":false,"template":"","format":"standard","meta":{"_monsterinsights_skip_tracking":false,"_monsterinsights_sitenote_active":false,"_monsterinsights_sitenote_note":"","_monsterinsights_sitenote_category":0},"categories":[3],"tags":[],"aioseo_notices":[],"_links":{"self":[{"href":"https:\/\/radionewsmisiones.ar\/site\/wp-json\/wp\/v2\/posts\/28812"}],"collection":[{"href":"https:\/\/radionewsmisiones.ar\/site\/wp-json\/wp\/v2\/posts"}],"about":[{"href":"https:\/\/radionewsmisiones.ar\/site\/wp-json\/wp\/v2\/types\/post"}],"author":[{"embeddable":true,"href":"https:\/\/radionewsmisiones.ar\/site\/wp-json\/wp\/v2\/users\/3"}],"replies":[{"embeddable":true,"href":"https:\/\/radionewsmisiones.ar\/site\/wp-json\/wp\/v2\/comments?post=28812"}],"version-history":[{"count":1,"href":"https:\/\/radionewsmisiones.ar\/site\/wp-json\/wp\/v2\/posts\/28812\/revisions"}],"predecessor-version":[{"id":28815,"href":"https:\/\/radionewsmisiones.ar\/site\/wp-json\/wp\/v2\/posts\/28812\/revisions\/28815"}],"wp:featuredmedia":[{"embeddable":true,"href":"https:\/\/radionewsmisiones.ar\/site\/wp-json\/wp\/v2\/media\/28814"}],"wp:attachment":[{"href":"https:\/\/radionewsmisiones.ar\/site\/wp-json\/wp\/v2\/media?parent=28812"}],"wp:term":[{"taxonomy":"category","embeddable":true,"href":"https:\/\/radionewsmisiones.ar\/site\/wp-json\/wp\/v2\/categories?post=28812"},{"taxonomy":"post_tag","embeddable":true,"href":"https:\/\/radionewsmisiones.ar\/site\/wp-json\/wp\/v2\/tags?post=28812"}],"curies":[{"name":"wp","href":"https:\/\/api.w.org\/{rel}","templated":true}]}}