{"id":29390,"date":"2024-12-20T07:55:01","date_gmt":"2024-12-20T10:55:01","guid":{"rendered":"https:\/\/radionewsmisiones.ar\/site\/?p=29390"},"modified":"2024-12-20T07:55:14","modified_gmt":"2024-12-20T10:55:14","slug":"cooperativas-de-panificados-de-la-utep-evita-elaboran-pan-dulce-social-para-entregar-en-hogares-populares","status":"publish","type":"post","link":"https:\/\/radionewsmisiones.ar\/site\/provinciales\/cooperativas-de-panificados-de-la-utep-evita-elaboran-pan-dulce-social-para-entregar-en-hogares-populares\/","title":{"rendered":"Cooperativas de panificados de la Utep-Evita elaboran pan dulce social para entregar en hogares populares"},"content":{"rendered":"\n<p>POSADAS. El <strong><em>Movimiento Evita Misiones<\/em><\/strong> contin\u00faa trabajando para paliar de diversas maneras, la crisis socioecon\u00f3mica que afecta a gran cantidad de argentinos y argentinas, y la provincia no escapa a esa realidad.<\/p>\n\n\n\n<figure class=\"wp-block-image size-large is-resized\"><img loading=\"lazy\" src=\"https:\/\/radionewsmisiones.ar\/site\/wp-content\/uploads\/2024\/12\/La-Cooperativa-de-Campo-Viera-trabaja-a-puro-pulmon-751x1024.jpg\" alt=\"\" class=\"wp-image-29391\" width=\"467\" height=\"637\" srcset=\"https:\/\/radionewsmisiones.ar\/site\/wp-content\/uploads\/2024\/12\/La-Cooperativa-de-Campo-Viera-trabaja-a-puro-pulmon-751x1024.jpg 751w, https:\/\/radionewsmisiones.ar\/site\/wp-content\/uploads\/2024\/12\/La-Cooperativa-de-Campo-Viera-trabaja-a-puro-pulmon-220x300.jpg 220w, https:\/\/radionewsmisiones.ar\/site\/wp-content\/uploads\/2024\/12\/La-Cooperativa-de-Campo-Viera-trabaja-a-puro-pulmon-768x1047.jpg 768w, https:\/\/radionewsmisiones.ar\/site\/wp-content\/uploads\/2024\/12\/La-Cooperativa-de-Campo-Viera-trabaja-a-puro-pulmon-1127x1536.jpg 1127w, https:\/\/radionewsmisiones.ar\/site\/wp-content\/uploads\/2024\/12\/La-Cooperativa-de-Campo-Viera-trabaja-a-puro-pulmon-1503x2048.jpg 1503w, https:\/\/radionewsmisiones.ar\/site\/wp-content\/uploads\/2024\/12\/La-Cooperativa-de-Campo-Viera-trabaja-a-puro-pulmon.jpg 1876w\" sizes=\"(max-width: 467px) 100vw, 467px\" \/><\/figure>\n\n\n\n<p><br>En ese sentido, el espacio que lidera el dirigente del partido <em><strong>Tierra, Techo y Trabajo<\/strong><\/em>, Mart\u00edn Sereno, y el Evita, est\u00e1n organizando un esquema, junto a 11 cooperativas de panificados de Posadas, Puerto Rico (<strong>Dulces Vero<\/strong>), Azara, Hip\u00f3lito Irigoyen (<strong>Las Hermanas<\/strong>) Candelaria, Campo Viera, Ober\u00e1 y Bonpland, entre otras, con quienes trabajan para elaborar unos mil panes dulces para ayudar con ese peque\u00f1o aporte para que las familias con escasos recursos materiales, puedan tenerlo en sus mesas en estas fiestas tradicionales.<\/p>\n\n\n\n<p><br>\u00abEstamos a pocos d\u00edas de la Navidad, en un a\u00f1o que nos puso a prueba como pueblo; pero ante cada dificultad encontramos fuerza en comunidad. Este a\u00f1o en general no habr\u00e1 fiestas muy felices; pero buscamos peque\u00f1os gestos que lleven amor a las mesas y a los corazones. Por eso, junto a las trabajadoras de panificados -en este caso todas son mujeres- decidimos elaborar y distribuir panes dulces, para que en cada hogar haya un abrazo hecho con compromiso, esfuerzo y amor, despertando sonrisas en quienes m\u00e1s lo necesitan\u00bb, dijo Sereno.<br>Sostuvo que todo el tiempo tratan de buscar estrategias, que ayuden a aliviar la situaci\u00f3n \u00abdolorosa que provoca un gobierno que sigue ajustando y pone trabas a los sectores m\u00e1s empobrecidos, mientras le perdona impuestos a los ricos\u00bb, remarc\u00f3.<\/p>\n\n\n\n<p><strong>Alegr\u00eda de trabajadoras que producen artesanalmente&nbsp;&nbsp;<\/strong><\/p>\n\n\n\n<p>En&nbsp;el barrio Prosol 1 trabaja la<strong> <em>Cooperativa \u00d1and\u00e9 Po<\/em><\/strong><em>,<\/em> ubicada en el barrio Prosol 1, desde&nbsp;hace tres a\u00f1os. Anal\u00eda \u00c1valos es parte del n\u00facleo, junto a seis compa\u00f1eras que producen, y otras cuatro que venden. \u00abToda la elaboraci\u00f3n es artesanal tanto de panes, prepizzas, pizzetas, pastaflora, trenzado, pan kuka o con chicharr\u00f3n y al ser una cooperativa, las ganancias son equitativas para cada compa\u00f1era\u00bb, explic\u00f3.<\/p>\n\n\n\n<p>Tienen expectativas para las ventas en estas fiestas. \u00abY estamos contentas porque acordamos producir pan dulce y repartirlo en algunos barrios populares de Posadas, en los que con&nbsp;esta malaria, hay familias sin la posibilidad de contar con ese&nbsp;panificado tradicional en su mesa. Nosotras, gracias al esfuerzo que ponemos todav\u00eda tenemos trabajo, y nos parece justo colaborar social y comunitariamente con vecinas y vecinos para que tengan un pan dulce artesanal\u00bb, dijo Anal\u00eda.<br>A este mismo prop\u00f3sito se sum\u00f3 Ruth Egert, integrante del grupo de mujeres que trabajan en la <strong><em>\u00abPanader\u00eda Artesanal\u00bb<\/em>,<\/strong> de la chacra 122, elaborando una gran variedad de productos que venden a familias de distintos barrios, y tambi\u00e9n elaboran para exponer y comercializar en los Alimentazos que realizan en conjunto con la Municipalidad, todas la semanas en diferentes puntos de Posadas.<br>Este n\u00facleo productivo tambi\u00e9n aportar\u00e1 su grano de arena en los&nbsp;panes&nbsp;dulces navide\u00f1os que ser\u00e1n repartidos entre los&nbsp;sectores populares. \u00abLamentablemente no podremos&nbsp;llegar a todas las familias que quisi\u00e9ramos; pero vamos a entregarlos con el deseo de que esta Navidad lleve alegr\u00eda a cada rinc\u00f3n de nuestra provincia, a pesar de la crisis que nos impone el gobierno nacional\u00bb, dijo la trabajadora.<\/p>\n\n\n\n<p><strong>\u00abEntusiasmo&nbsp;y compromiso en ayudar a otras familias\u00bb<\/strong><br>En Hip\u00f3lito Yrigoyen el Evita sostiene desde hace dos a\u00f1os, la <strong><em>Panificadora El Solar <\/em><\/strong>en el barrio con&nbsp;el mismo nombre, y donde trabajan varias mujeres que elaboran y comercializan en negocios de la localidad, y tambi\u00e9n responden a pedidos particulares.<br>\u00abEn general las ventas se redujeron un poco en este a\u00f1o; pero no paramos, y seguimos avanzando para salir adelante. Estas fechas festivas y especiales suelen ser muy buenas para vender; aunque entendemos que con esta crisis que padecemos, pueden no ser tan exitosas, pero tenemos precios muy accesibles\u00bb.<\/p>\n\n\n\n<p>Igual son optimistas y adem\u00e1s \u00abnos&nbsp;entusiasma ayudar a otras familias para que reciban al menos un Pan Dulce popular para la Navidad. Desde el Evita y TTT nos dan esa oportunidad que ser\u00e1 de gran ayuda para mucha gente, y podremos llegar a hogares en algunos&nbsp;barrios y tambi\u00e9n es una manera de generar m\u00e1s trabajo para las compa\u00f1eras que har\u00e1n la elaboraci\u00f3n extra que se entregar\u00e1n en los recorridos\u00bb.<\/p>\n\n\n\n<p>En Candelaria est\u00e1 la panader\u00eda y reposter\u00eda artesanal <strong><em>\u00abDulce Creaci\u00f3n\u00bb<\/em><\/strong>, coordinado por Liliana Ben\u00edtez de Candelaria, con dos mujeres m\u00e1s creando tortas artesanales, todo tipo de panificados, comidas saladas y dulces &nbsp;para cumplea\u00f1os, alfajorcitos de maizena, pasta frola y tartas frutales, entre otros productos.<br>Trabajan de lunes a viernes en su propio local y entregan a domicilio pedidos en Candelaria, y los fines de semana llevan los productos para vender en Posadas.<br>\u00abEsta elaboraci\u00f3n de Pan Dulce social es una gran oportunidad para nosotras, porque podemos expandir m\u00e1s nuestro trabajo y que conozcan nuestra unidad productiva y el compromiso de nuestro trabajo, adem\u00e1s de la satisfacci\u00f3n como militantes de ayudar a muchas familias que tendr\u00e1n en sus casas productos de muy buena calidad y sabrosos\u00bb, se\u00f1al\u00f3 la joven.<\/p>\n\n\n\n<p><strong>Los Alimentazos ponen&nbsp;en valor a la econom\u00eda popular<\/strong><br>El ex diputado provincial consider\u00f3 que en esta etapa, los movimientos populares impulsan algunas acciones claras, como por ejemplo \u00abresistir en lucha y organizarnos contra las medidas nefastas que toma el gobierno nacional. Pero no nos quedamos con eso: trabajamos para generar situaciones positivas y concretas que le sirvan a nuestro pueblo\u00bb.<br>Adem\u00e1s, los y las trabajadoras de la econom\u00eda popular nucleadas en la Utep-Evita, contin\u00faan realizando los Alimentazos en distintos barrios de Posadas con el aporte log\u00edstico de la Municipalidad local y del Instituto de Macroeconom\u00eda Circular (Imac), y cuando se puede, tambi\u00e9n lo implementan en algunas localidades del interior.<br>Las \u00faltimas de este a\u00f1o fueron en Itaemb\u00e9 Guaz\u00fa, Villa Cabello, Villa Sarita y el barrio Bel\u00e9n, con gran cantidad de gente que concurri\u00f3 atra\u00edda por la calidad de los productos y los precios accesibles.<br>Tambi\u00e9n y con mucho esfuerzo y el compromiso de la militancia sostienen unos 600 comedores y merenderos en toda la provincia, a pesar de la falta de cumplimiento en la distribuci\u00f3n del Ministerio de Recursos Humanos de Naci\u00f3n, a cargo de Sandra Pettovello, que se niega a administrar los recursos destinados para ese fin.<br><strong><br>\u00abEn el 2025 Milei profundizar\u00e1 la quita de derechos\u00bb<\/strong><br>El dirigente lament\u00f3 que no se avizore un 2025 como algo esperanzador. \u00abTodo indica que el Gobierno nacional vendr\u00e1 con el intento de reforma previsional, generando m\u00e1s da\u00f1os y sin una rectificaci\u00f3n de derechos fundamentales como la salud, educaci\u00f3n, la vivienda y el empleo. Posiblemente haya algunas d\u00e1divas asistencialistas y electoralistas; pero est\u00e1 claro que para el presidente Milei, las pol\u00edticas p\u00fablicas y la profundidad de un proceso de construcci\u00f3n y del buen vivir para toda la ciudadan\u00eda, est\u00e1n a contramano de las pol\u00edticas que pretende implementar\u00bb, cuestion\u00f3.<br>Hizo hincapi\u00e9 en que seg\u00fan vislumbra, el Gobierno insistir\u00e1 en avanzar contra los sectores populares y medios, bajando la edad jubilatoria, anulando la moratoria, imponiendo m\u00e1s requisitos, sumando recortes y ajustes. \u00abEs decir achicar el espectro de derechos y dar ostensibles ventajas a los grupos econ\u00f3micos m\u00e1s grandes, poderosos y corporativos. Lamentablemente el rumbo de los libertarios est\u00e1 claramente orientado en desmedro de nuestro pueblo. Quiz\u00e1s aumenten el beneficio de la AUH y el Programa Alimentar como para tranquilizar a los m\u00e1s desprotegidos; pero el objetivo es la destrucci\u00f3n de la clase media y el incremento de la pobreza e indigencia como ocurri\u00f3 en el primer a\u00f1o de gobierno, y que desde el campo popular vamos a seguir resistiendo\u00bb, asever\u00f3 Sereno.<\/p>\n","protected":false},"excerpt":{"rendered":"<p>POSADAS. El Movimiento Evita Misiones contin&uacute;a trabajando para paliar de diversas maneras, la crisis socioecon&oacute;mica que afecta a gran cantidad de argentinos y argentinas, y la provincia no escapa a&hellip; <\/p>\n","protected":false},"author":3,"featured_media":29392,"comment_status":"closed","ping_status":"closed","sticky":false,"template":"","format":"standard","meta":{"_monsterinsights_skip_tracking":false,"_monsterinsights_sitenote_active":false,"_monsterinsights_sitenote_note":"","_monsterinsights_sitenote_category":0},"categories":[3],"tags":[322],"aioseo_notices":[],"_links":{"self":[{"href":"https:\/\/radionewsmisiones.ar\/site\/wp-json\/wp\/v2\/posts\/29390"}],"collection":[{"href":"https:\/\/radionewsmisiones.ar\/site\/wp-json\/wp\/v2\/posts"}],"about":[{"href":"https:\/\/radionewsmisiones.ar\/site\/wp-json\/wp\/v2\/types\/post"}],"author":[{"embeddable":true,"href":"https:\/\/radionewsmisiones.ar\/site\/wp-json\/wp\/v2\/users\/3"}],"replies":[{"embeddable":true,"href":"https:\/\/radionewsmisiones.ar\/site\/wp-json\/wp\/v2\/comments?post=29390"}],"version-history":[{"count":1,"href":"https:\/\/radionewsmisiones.ar\/site\/wp-json\/wp\/v2\/posts\/29390\/revisions"}],"predecessor-version":[{"id":29393,"href":"https:\/\/radionewsmisiones.ar\/site\/wp-json\/wp\/v2\/posts\/29390\/revisions\/29393"}],"wp:featuredmedia":[{"embeddable":true,"href":"https:\/\/radionewsmisiones.ar\/site\/wp-json\/wp\/v2\/media\/29392"}],"wp:attachment":[{"href":"https:\/\/radionewsmisiones.ar\/site\/wp-json\/wp\/v2\/media?parent=29390"}],"wp:term":[{"taxonomy":"category","embeddable":true,"href":"https:\/\/radionewsmisiones.ar\/site\/wp-json\/wp\/v2\/categories?post=29390"},{"taxonomy":"post_tag","embeddable":true,"href":"https:\/\/radionewsmisiones.ar\/site\/wp-json\/wp\/v2\/tags?post=29390"}],"curies":[{"name":"wp","href":"https:\/\/api.w.org\/{rel}","templated":true}]}}