{"id":30632,"date":"2025-02-26T07:47:15","date_gmt":"2025-02-26T10:47:15","guid":{"rendered":"https:\/\/radionewsmisiones.ar\/site\/?p=30632"},"modified":"2025-02-26T07:47:47","modified_gmt":"2025-02-26T10:47:47","slug":"ate-convoco-a-un-paro-y-movilizaciones-sorpresivas-para-el-jueves","status":"publish","type":"post","link":"https:\/\/radionewsmisiones.ar\/site\/nacionales\/ate-convoco-a-un-paro-y-movilizaciones-sorpresivas-para-el-jueves\/","title":{"rendered":"ATE convoc\u00f3 a un paro y movilizaciones sorpresivas para el jueves"},"content":{"rendered":"\n<p>Denuncian que la paritaria nacional de estatales qued\u00f3 44,4 puntos abajo de la inflaci\u00f3n IPC del 117,7% del 2024. Tambi\u00e9n rechazan despidos en el Estado.<\/p>\n\n\n\n<figure class=\"wp-block-image size-large\"><img loading=\"lazy\" width=\"1024\" height=\"682\" src=\"https:\/\/radionewsmisiones.ar\/site\/wp-content\/uploads\/2025\/02\/WhatsApp-Image-2025-02-25-at-19.17.56-1024x682.jpeg\" alt=\"\" class=\"wp-image-30633\" srcset=\"https:\/\/radionewsmisiones.ar\/site\/wp-content\/uploads\/2025\/02\/WhatsApp-Image-2025-02-25-at-19.17.56-1024x682.jpeg 1024w, https:\/\/radionewsmisiones.ar\/site\/wp-content\/uploads\/2025\/02\/WhatsApp-Image-2025-02-25-at-19.17.56-300x200.jpeg 300w, https:\/\/radionewsmisiones.ar\/site\/wp-content\/uploads\/2025\/02\/WhatsApp-Image-2025-02-25-at-19.17.56-768x512.jpeg 768w, https:\/\/radionewsmisiones.ar\/site\/wp-content\/uploads\/2025\/02\/WhatsApp-Image-2025-02-25-at-19.17.56-1536x1023.jpeg 1536w, https:\/\/radionewsmisiones.ar\/site\/wp-content\/uploads\/2025\/02\/WhatsApp-Image-2025-02-25-at-19.17.56.jpeg 1600w\" sizes=\"(max-width: 1024px) 100vw, 1024px\" \/><\/figure>\n\n\n\n<p>En un Plenario Federal de Delegados, la Asociaci\u00f3n Trabajadores del Estado (ATE) decidi\u00f3 este martes convocar a un paro nacional para el pr\u00f3ximo jueves con movilizaciones sorpresivas en la Ciudad de Buenos Aires y el resto de las provincias del pa\u00eds.<\/p>\n\n\n\n<p>\u201cMilei y su gobierno tambalean. Atraviesan los peores d\u00edas desde que asumieron. Tenemos que seguir confront\u00e1ndolos en todos los planos como \u00fanica posibilidad de frenar un ajuste que resquebraja todo el tejido social y productivo\u00bb, se\u00f1al\u00f3 el secretario general de ATE Nacional, Rodolfo Aguiar.<\/p>\n\n\n\n<p>La novedad de las medidas de fuerza ser\u00e1 la modalidad de \u00absorpresa\u00bb para evitar la represi\u00f3n del Gobierno cuando activa el protocolo anti piquete. De todas maneras, s\u00ed confirmaron tres movilizaciones. La primera el jueves a las 12 frente a la sede del Instituto Nacional de Tecnolog\u00eda Agropecuaria (INTA) en Av. Rivadavia al 1400. La segunda ser\u00e1 m\u00e1s tarde, a las 13, en el Obelisco con movilizaci\u00f3n al Ministerio de Desregulaci\u00f3n y Transformaci\u00f3n del Estado y la \u00faltima, a las 16, en una marcha que partir\u00e1 del Ministerio de Salud en 9 de julio hasta la Plaza de Mayo.<\/p>\n\n\n\n<p>\u201cTenemos que disputar sentido. Estar en la calle pero tambi\u00e9n librar la batalla cultural. Desmontar el gran aparato de la mentira del Gobierno. El relato oficial no se condice con la vida real\u201d, afirm\u00f3 Aguiar.<\/p>\n\n\n\n<p>ATE se\u00f1al\u00f3 que desde que bajo el gobierno de Javier Milei la paritaria nacional de estatales qued\u00f3 44,4 puntos abajo de la inflaci\u00f3n IPC del 117,7%. Tambi\u00e9n criticaron el aumento de 1,5 y 1,2 para enero y febrero, al que calificaron de \u00abm\u00edsero\u00bb.<\/p>\n\n\n\n<p>\u201cNo tenemos que permitir que intenten compensar el costo fiscal de los favores impositivos al campo y a los millonarios con un nuevo recorte sobre el Estado\u00bb, areng\u00f3 Aguiar ante los delegados reunidos en el Plenario.<\/p>\n","protected":false},"excerpt":{"rendered":"<p>Denuncian que la paritaria nacional de estatales qued&oacute; 44,4 puntos abajo de la inflaci&oacute;n IPC del 117,7% del 2024. Tambi&eacute;n rechazan despidos en el Estado. En un Plenario Federal de&hellip; <\/p>\n","protected":false},"author":3,"featured_media":30634,"comment_status":"closed","ping_status":"closed","sticky":false,"template":"","format":"standard","meta":{"_monsterinsights_skip_tracking":false,"_monsterinsights_sitenote_active":false,"_monsterinsights_sitenote_note":"","_monsterinsights_sitenote_category":0},"categories":[4],"tags":[504],"aioseo_notices":[],"_links":{"self":[{"href":"https:\/\/radionewsmisiones.ar\/site\/wp-json\/wp\/v2\/posts\/30632"}],"collection":[{"href":"https:\/\/radionewsmisiones.ar\/site\/wp-json\/wp\/v2\/posts"}],"about":[{"href":"https:\/\/radionewsmisiones.ar\/site\/wp-json\/wp\/v2\/types\/post"}],"author":[{"embeddable":true,"href":"https:\/\/radionewsmisiones.ar\/site\/wp-json\/wp\/v2\/users\/3"}],"replies":[{"embeddable":true,"href":"https:\/\/radionewsmisiones.ar\/site\/wp-json\/wp\/v2\/comments?post=30632"}],"version-history":[{"count":1,"href":"https:\/\/radionewsmisiones.ar\/site\/wp-json\/wp\/v2\/posts\/30632\/revisions"}],"predecessor-version":[{"id":30635,"href":"https:\/\/radionewsmisiones.ar\/site\/wp-json\/wp\/v2\/posts\/30632\/revisions\/30635"}],"wp:featuredmedia":[{"embeddable":true,"href":"https:\/\/radionewsmisiones.ar\/site\/wp-json\/wp\/v2\/media\/30634"}],"wp:attachment":[{"href":"https:\/\/radionewsmisiones.ar\/site\/wp-json\/wp\/v2\/media?parent=30632"}],"wp:term":[{"taxonomy":"category","embeddable":true,"href":"https:\/\/radionewsmisiones.ar\/site\/wp-json\/wp\/v2\/categories?post=30632"},{"taxonomy":"post_tag","embeddable":true,"href":"https:\/\/radionewsmisiones.ar\/site\/wp-json\/wp\/v2\/tags?post=30632"}],"curies":[{"name":"wp","href":"https:\/\/api.w.org\/{rel}","templated":true}]}}