{"id":30636,"date":"2025-02-26T07:49:46","date_gmt":"2025-02-26T10:49:46","guid":{"rendered":"https:\/\/radionewsmisiones.ar\/site\/?p=30636"},"modified":"2025-02-26T07:49:48","modified_gmt":"2025-02-26T10:49:48","slug":"suspendieron-la-transformacion-del-banco-nacion-en-sociedad-anonima","status":"publish","type":"post","link":"https:\/\/radionewsmisiones.ar\/site\/nacionales\/suspendieron-la-transformacion-del-banco-nacion-en-sociedad-anonima\/","title":{"rendered":"Suspendieron la transformaci\u00f3n del Banco Naci\u00f3n en sociedad an\u00f3nima"},"content":{"rendered":"\n<p>La justicia federal de La Plata orden\u00f3 la suspensi\u00f3n del decreto 116\/2025, que dispuso la conversi\u00f3n del Banco de la Naci\u00f3n Argentina (BNA) en una sociedad an\u00f3nima, y prohibi\u00f3 toda acci\u00f3n administrativa tendiente a su implementaci\u00f3n hasta que se resuelva la cuesti\u00f3n de fondo. La medida cautelar interina fue dictada en el marco de una causa en la que se cuestiona la legalidad de la privatizaci\u00f3n de la entidad.<\/p>\n\n\n\n<p>El fallo, firmado por el juez Alejo Ramos Padilla, sostiene que la transformaci\u00f3n del BNA en sociedad an\u00f3nima podr\u00eda contradecir lo establecido por la Ley 27.742, conocida como ley Bases, que expl\u00edcitamente excluy\u00f3 al banco de la lista de entidades sujetas a privatizaci\u00f3n. Adem\u00e1s, resalt\u00f3 que cualquier cambio en la estructura jur\u00eddica del Banco Naci\u00f3n debe ser aprobado por el Congreso Nacional.<\/p>\n\n\n\n<p>Desde la <strong>Asociaci\u00f3n Bancaria<\/strong> celebramos el reciente fallo del Juez Federal <em>Alejo Ramos Padilla, <\/em>que hizo lugar a una medida cautelar y suspendi\u00f3 el decreto Nro. 116\/25, que transformaba el <strong>Banco Naci\u00f3n<\/strong> en Sociedad An\u00f3nima.<\/p>\n\n\n\n<div class=\"wp-block-file\"><object class=\"wp-block-file__embed\" data=\"https:\/\/radionewsmisiones.ar\/site\/wp-content\/uploads\/2025\/02\/Fallo-BNA.pdf\" type=\"application\/pdf\" style=\"width:100%;height:600px\" aria-label=\"Incrustado de Fallo-BNA.\"><\/object><a id=\"wp-block-file--media-d032c8c3-c34a-4116-8b60-8b687bd1fd3d\" href=\"https:\/\/radionewsmisiones.ar\/site\/wp-content\/uploads\/2025\/02\/Fallo-BNA.pdf\">Fallo-BNA<\/a><a href=\"https:\/\/radionewsmisiones.ar\/site\/wp-content\/uploads\/2025\/02\/Fallo-BNA.pdf\" class=\"wp-block-file__button\" download aria-describedby=\"wp-block-file--media-d032c8c3-c34a-4116-8b60-8b687bd1fd3d\">Descarga<\/a><\/div>\n\n\n\n<p>El fallo considera que el mencionado decreto es un paso previo a su posible privatizaci\u00f3n, en tanto que permite en prima facie el ingreso de capitales privados, recuerda que el Banco Naci\u00f3n fue excluido expl\u00edcitamente en la denominada Ley Bases del listado de empresas pasibles de privatizaci\u00f3n, e interpreta que el Poder Ejecutivo se excedi\u00f3 en los l\u00edmites que el Congreso le otorg\u00f3 al realizar la delegaci\u00f3n de facultades.<\/p>\n\n\n\n<p>Por otro lado se le pide al gobierno que informe en el expediente cu\u00e1l es el inter\u00e9s p\u00fablico que justifica su conversi\u00f3n en Sociedad An\u00f3nima, mientras que le ordena al Estado Nacional y al Banco que se abstengan de toda acci\u00f3n tendiente a la implementaci\u00f3n del decreto. Una vez m\u00e1s la justicia&nbsp; nos da la raz\u00f3n.<\/p>\n","protected":false},"excerpt":{"rendered":"<p>La justicia federal de La Plata orden&oacute; la suspensi&oacute;n del decreto 116\/2025, que dispuso la conversi&oacute;n del Banco de la Naci&oacute;n Argentina (BNA) en una sociedad an&oacute;nima, y prohibi&oacute; toda&hellip; <\/p>\n","protected":false},"author":3,"featured_media":30638,"comment_status":"closed","ping_status":"closed","sticky":false,"template":"","format":"standard","meta":{"_monsterinsights_skip_tracking":false,"_monsterinsights_sitenote_active":false,"_monsterinsights_sitenote_note":"","_monsterinsights_sitenote_category":0},"categories":[4],"tags":[730],"aioseo_notices":[],"_links":{"self":[{"href":"https:\/\/radionewsmisiones.ar\/site\/wp-json\/wp\/v2\/posts\/30636"}],"collection":[{"href":"https:\/\/radionewsmisiones.ar\/site\/wp-json\/wp\/v2\/posts"}],"about":[{"href":"https:\/\/radionewsmisiones.ar\/site\/wp-json\/wp\/v2\/types\/post"}],"author":[{"embeddable":true,"href":"https:\/\/radionewsmisiones.ar\/site\/wp-json\/wp\/v2\/users\/3"}],"replies":[{"embeddable":true,"href":"https:\/\/radionewsmisiones.ar\/site\/wp-json\/wp\/v2\/comments?post=30636"}],"version-history":[{"count":1,"href":"https:\/\/radionewsmisiones.ar\/site\/wp-json\/wp\/v2\/posts\/30636\/revisions"}],"predecessor-version":[{"id":30639,"href":"https:\/\/radionewsmisiones.ar\/site\/wp-json\/wp\/v2\/posts\/30636\/revisions\/30639"}],"wp:featuredmedia":[{"embeddable":true,"href":"https:\/\/radionewsmisiones.ar\/site\/wp-json\/wp\/v2\/media\/30638"}],"wp:attachment":[{"href":"https:\/\/radionewsmisiones.ar\/site\/wp-json\/wp\/v2\/media?parent=30636"}],"wp:term":[{"taxonomy":"category","embeddable":true,"href":"https:\/\/radionewsmisiones.ar\/site\/wp-json\/wp\/v2\/categories?post=30636"},{"taxonomy":"post_tag","embeddable":true,"href":"https:\/\/radionewsmisiones.ar\/site\/wp-json\/wp\/v2\/tags?post=30636"}],"curies":[{"name":"wp","href":"https:\/\/api.w.org\/{rel}","templated":true}]}}