{"id":30640,"date":"2025-02-26T08:05:50","date_gmt":"2025-02-26T11:05:50","guid":{"rendered":"https:\/\/radionewsmisiones.ar\/site\/?p=30640"},"modified":"2025-02-26T08:06:02","modified_gmt":"2025-02-26T11:06:02","slug":"javier-milei-nombra-por-decreto-en-comision-a-ariel-lijo-y-manuel-garcia-mansilla-como-jueces-de-la-corte-suprema","status":"publish","type":"post","link":"https:\/\/radionewsmisiones.ar\/site\/nacionales\/javier-milei-nombra-por-decreto-en-comision-a-ariel-lijo-y-manuel-garcia-mansilla-como-jueces-de-la-corte-suprema\/","title":{"rendered":"Javier Milei nombra por decreto en comisi\u00f3n a Ariel Lijo y Manuel Garc\u00eda-Mansilla como jueces de la Corte Suprema"},"content":{"rendered":"\n<p>\u00abEl Presidente ha tomado la determinaci\u00f3n de designar en comisi\u00f3n a los doctores Manuel Garc\u00eda-Mansilla y Ariel Lijo como jueces de la Corte Suprema de Justicia de la Naci\u00f3n, hasta la finalizaci\u00f3n del pr\u00f3ximo periodo legislativo, con el objetivo de normalizar el funcionamiento del m\u00e1ximo tribunal judicial de nuestro pa\u00eds, el cual no puede llevar a cabo su rol con normalidad con tan solo tres ministros\u00bb, inform\u00f3 en un comunicado la Oficina del Presidente de la Rep\u00fablica.<\/p>\n\n\n\n<p><\/p>\n\n\n\n<figure class=\"wp-block-image size-large\"><img loading=\"lazy\" width=\"723\" height=\"1024\" src=\"https:\/\/radionewsmisiones.ar\/site\/wp-content\/uploads\/2025\/02\/GkqM886W4AIVuoC-1-723x1024.jpg\" alt=\"\" class=\"wp-image-30643\" srcset=\"https:\/\/radionewsmisiones.ar\/site\/wp-content\/uploads\/2025\/02\/GkqM886W4AIVuoC-1-723x1024.jpg 723w, https:\/\/radionewsmisiones.ar\/site\/wp-content\/uploads\/2025\/02\/GkqM886W4AIVuoC-1-212x300.jpg 212w, https:\/\/radionewsmisiones.ar\/site\/wp-content\/uploads\/2025\/02\/GkqM886W4AIVuoC-1-768x1088.jpg 768w, https:\/\/radionewsmisiones.ar\/site\/wp-content\/uploads\/2025\/02\/GkqM886W4AIVuoC-1.jpg 1036w\" sizes=\"(max-width: 723px) 100vw, 723px\" \/><\/figure>\n\n\n\n<h2>Ariel Lijo y Manuel Garc\u00eda-Mansilla a la Corte: qu\u00e9 son los nombramientos \u00aben comisi\u00f3n\u00bb<\/h2>\n\n\n\n<p> La Constituci\u00f3n Nacional habilita distintos mecanismos para que el Poder Ejecutivo designe a un juez de la Corte Suprema. El m\u00e1s habitual requiere la aprobaci\u00f3n de dos tercios del Senado de la Naci\u00f3n, pero no es el \u00fanico: otra de las opciones que establece la Carta Magna es la posibilidad de completar vacantes a trav\u00e9s de nombramientos por comisi\u00f3n.<\/p>\n\n\n\n<p>El nombramiento en comisi\u00f3n no exime a que el Ejecutivo pase por el Senado, aunque habilita a los magistrados a que asuman temporalmente. La C\u00e1mara alta, sin demora, deber\u00e1 tratar el pliego o los pliegos (en el caso actual) designados \u00aben comisi\u00f3n\u00bb y someterlo a un posterior acuerdo en el recinto, donde podr\u00e1n ser aprobados o rechazados, dependiendo del consenso que re\u00fana el oficialismo.<\/p>\n\n\n\n<p>El cargo ser\u00e1 ejercido en primer t\u00e9rmino de manera \u00abtemporal\u00bb hasta que el Senado defina su futuro, por lo que la vacante quedar\u00e1 cubierta y el Presidente no podr\u00e1 designar a otro en su lugar. Es decir, no podr\u00e1 retrotraer el camino elegido, ni tampoco removerlo.<\/p>\n","protected":false},"excerpt":{"rendered":"<p>&laquo;El Presidente ha tomado la determinaci&oacute;n de designar en comisi&oacute;n a los doctores Manuel Garc&iacute;a-Mansilla y Ariel Lijo como jueces de la Corte Suprema de Justicia de la Naci&oacute;n, hasta&hellip; <\/p>\n","protected":false},"author":3,"featured_media":30644,"comment_status":"closed","ping_status":"closed","sticky":false,"template":"","format":"standard","meta":{"_monsterinsights_skip_tracking":false,"_monsterinsights_sitenote_active":false,"_monsterinsights_sitenote_note":"","_monsterinsights_sitenote_category":0},"categories":[4],"tags":[780],"aioseo_notices":[],"_links":{"self":[{"href":"https:\/\/radionewsmisiones.ar\/site\/wp-json\/wp\/v2\/posts\/30640"}],"collection":[{"href":"https:\/\/radionewsmisiones.ar\/site\/wp-json\/wp\/v2\/posts"}],"about":[{"href":"https:\/\/radionewsmisiones.ar\/site\/wp-json\/wp\/v2\/types\/post"}],"author":[{"embeddable":true,"href":"https:\/\/radionewsmisiones.ar\/site\/wp-json\/wp\/v2\/users\/3"}],"replies":[{"embeddable":true,"href":"https:\/\/radionewsmisiones.ar\/site\/wp-json\/wp\/v2\/comments?post=30640"}],"version-history":[{"count":1,"href":"https:\/\/radionewsmisiones.ar\/site\/wp-json\/wp\/v2\/posts\/30640\/revisions"}],"predecessor-version":[{"id":30645,"href":"https:\/\/radionewsmisiones.ar\/site\/wp-json\/wp\/v2\/posts\/30640\/revisions\/30645"}],"wp:featuredmedia":[{"embeddable":true,"href":"https:\/\/radionewsmisiones.ar\/site\/wp-json\/wp\/v2\/media\/30644"}],"wp:attachment":[{"href":"https:\/\/radionewsmisiones.ar\/site\/wp-json\/wp\/v2\/media?parent=30640"}],"wp:term":[{"taxonomy":"category","embeddable":true,"href":"https:\/\/radionewsmisiones.ar\/site\/wp-json\/wp\/v2\/categories?post=30640"},{"taxonomy":"post_tag","embeddable":true,"href":"https:\/\/radionewsmisiones.ar\/site\/wp-json\/wp\/v2\/tags?post=30640"}],"curies":[{"name":"wp","href":"https:\/\/api.w.org\/{rel}","templated":true}]}}