{"id":30647,"date":"2025-02-26T10:58:14","date_gmt":"2025-02-26T13:58:14","guid":{"rendered":"https:\/\/radionewsmisiones.ar\/site\/?p=30647"},"modified":"2025-02-26T10:58:27","modified_gmt":"2025-02-26T13:58:27","slug":"energia-de-misiones-mejora-alumbrado-publico-en-puntos-estrategicos-de-candelaria","status":"publish","type":"post","link":"https:\/\/radionewsmisiones.ar\/site\/provinciales\/energia-de-misiones-mejora-alumbrado-publico-en-puntos-estrategicos-de-candelaria\/","title":{"rendered":"Energ\u00eda de Misiones mejora alumbrado p\u00fablico en puntos estrat\u00e9gicos de Candelaria"},"content":{"rendered":"\n<p>Con el objetivo de mejorar la calidad del servicio y optimizar la iluminaci\u00f3n en zonas como escuelas, plazas y calles previo al inicio del a\u00f1o lectivo, Energ\u00eda de Misiones lleva a cabo una serie de trabajos de mantenimiento preventivo, recambio e instalaci\u00f3n de luminarias en distintos puntos de la localidad.<\/p>\n\n\n\n<figure class=\"wp-block-image size-full\"><img loading=\"lazy\" width=\"960\" height=\"834\" src=\"https:\/\/radionewsmisiones.ar\/site\/wp-content\/uploads\/2025\/02\/WhatsApp-Image-2025-02-26-at-10.51.34.jpeg\" alt=\"\" class=\"wp-image-30648\" srcset=\"https:\/\/radionewsmisiones.ar\/site\/wp-content\/uploads\/2025\/02\/WhatsApp-Image-2025-02-26-at-10.51.34.jpeg 960w, https:\/\/radionewsmisiones.ar\/site\/wp-content\/uploads\/2025\/02\/WhatsApp-Image-2025-02-26-at-10.51.34-300x261.jpeg 300w, https:\/\/radionewsmisiones.ar\/site\/wp-content\/uploads\/2025\/02\/WhatsApp-Image-2025-02-26-at-10.51.34-768x667.jpeg 768w\" sizes=\"(max-width: 960px) 100vw, 960px\" \/><\/figure>\n\n\n\n<p>En ese marco, se ejecutaron mejoras de nuevas luminarias en las inmediaciones de la Escuela N.\u00ba 45 y el acceso al barrio Santa Cecilia de la localidad de Candelaria. Asimismo, concretaron el reemplazo de luminarias en puntos estrat\u00e9gicos como plazas y la colectora de la Ruta Nacional 12. En total, se sumaron 30 nuevos artefactos en zonas clave.<\/p>\n\n\n\n<p>Desde la empresa energ\u00e9tica destacaron que estos trabajos representan un importante esfuerzo econ\u00f3mico y permiten atender parte de la demanda de iluminaci\u00f3n p\u00fablica en la localidad. \u201cEstamos realizando reemplazos de l\u00e1mparas y auxiliares, adem\u00e1s de tareas de reparaci\u00f3n y mantenimiento en la zona, para brindar mayor seguridad y mejorar la calidad de vida de los vecinos\u201d, afirmaron.<\/p>\n","protected":false},"excerpt":{"rendered":"<p>Con el objetivo de mejorar la calidad del servicio y optimizar la iluminaci&oacute;n en zonas como escuelas, plazas y calles previo al inicio del a&ntilde;o lectivo, Energ&iacute;a de Misiones lleva&hellip; <\/p>\n","protected":false},"author":3,"featured_media":30649,"comment_status":"closed","ping_status":"closed","sticky":false,"template":"","format":"standard","meta":{"_monsterinsights_skip_tracking":false,"_monsterinsights_sitenote_active":false,"_monsterinsights_sitenote_note":"","_monsterinsights_sitenote_category":0},"categories":[3],"tags":[306],"aioseo_notices":[],"_links":{"self":[{"href":"https:\/\/radionewsmisiones.ar\/site\/wp-json\/wp\/v2\/posts\/30647"}],"collection":[{"href":"https:\/\/radionewsmisiones.ar\/site\/wp-json\/wp\/v2\/posts"}],"about":[{"href":"https:\/\/radionewsmisiones.ar\/site\/wp-json\/wp\/v2\/types\/post"}],"author":[{"embeddable":true,"href":"https:\/\/radionewsmisiones.ar\/site\/wp-json\/wp\/v2\/users\/3"}],"replies":[{"embeddable":true,"href":"https:\/\/radionewsmisiones.ar\/site\/wp-json\/wp\/v2\/comments?post=30647"}],"version-history":[{"count":1,"href":"https:\/\/radionewsmisiones.ar\/site\/wp-json\/wp\/v2\/posts\/30647\/revisions"}],"predecessor-version":[{"id":30650,"href":"https:\/\/radionewsmisiones.ar\/site\/wp-json\/wp\/v2\/posts\/30647\/revisions\/30650"}],"wp:featuredmedia":[{"embeddable":true,"href":"https:\/\/radionewsmisiones.ar\/site\/wp-json\/wp\/v2\/media\/30649"}],"wp:attachment":[{"href":"https:\/\/radionewsmisiones.ar\/site\/wp-json\/wp\/v2\/media?parent=30647"}],"wp:term":[{"taxonomy":"category","embeddable":true,"href":"https:\/\/radionewsmisiones.ar\/site\/wp-json\/wp\/v2\/categories?post=30647"},{"taxonomy":"post_tag","embeddable":true,"href":"https:\/\/radionewsmisiones.ar\/site\/wp-json\/wp\/v2\/tags?post=30647"}],"curies":[{"name":"wp","href":"https:\/\/api.w.org\/{rel}","templated":true}]}}