{"id":31145,"date":"2025-03-17T07:39:40","date_gmt":"2025-03-17T10:39:40","guid":{"rendered":"https:\/\/radionewsmisiones.ar\/site\/?p=31145"},"modified":"2025-03-17T07:39:44","modified_gmt":"2025-03-17T10:39:44","slug":"ate-definio-un-cese-de-tareas-el-miercoles-al-mediodia-para-marchar-con-los-jubilados-al-congreso","status":"publish","type":"post","link":"https:\/\/radionewsmisiones.ar\/site\/nacionales\/ate-definio-un-cese-de-tareas-el-miercoles-al-mediodia-para-marchar-con-los-jubilados-al-congreso\/","title":{"rendered":"ATE defini\u00f3 un cese de tareas el mi\u00e9rcoles al mediod\u00eda para marchar con los jubilados al Congreso"},"content":{"rendered":"\n<p>\u201cDespu\u00e9s de la represi\u00f3n ilegal, est\u00e1 m\u00e1s claro que nunca que la lucha es por los jubilados y principalmente en defensa de la democracia. El Gobierno est\u00e1 actuando al margen de la ley\u201d, indic\u00f3 Rodolfo Aguiar.<\/p>\n\n\n\n<figure class=\"wp-block-image size-large\"><img loading=\"lazy\" width=\"1024\" height=\"682\" src=\"https:\/\/radionewsmisiones.ar\/site\/wp-content\/uploads\/2025\/03\/WhatsApp-Image-2025-03-16-at-18.04.39-1024x682.jpeg\" alt=\"\" class=\"wp-image-31146\" srcset=\"https:\/\/radionewsmisiones.ar\/site\/wp-content\/uploads\/2025\/03\/WhatsApp-Image-2025-03-16-at-18.04.39-1024x682.jpeg 1024w, https:\/\/radionewsmisiones.ar\/site\/wp-content\/uploads\/2025\/03\/WhatsApp-Image-2025-03-16-at-18.04.39-300x200.jpeg 300w, https:\/\/radionewsmisiones.ar\/site\/wp-content\/uploads\/2025\/03\/WhatsApp-Image-2025-03-16-at-18.04.39-768x512.jpeg 768w, https:\/\/radionewsmisiones.ar\/site\/wp-content\/uploads\/2025\/03\/WhatsApp-Image-2025-03-16-at-18.04.39.jpeg 1280w\" sizes=\"(max-width: 1024px) 100vw, 1024px\" \/><\/figure>\n\n\n\n<p>La Asociaci\u00f3n Trabajadores del Estado (ATE) defini\u00f3 un cese de tareas y retiro de los lugares de trabajo este mi\u00e9rcoles a partir de las 12 del mediod\u00eda para marchar nuevamente junto a los jubilados al Congreso de la Naci\u00f3n. Es por eso que a partir de la notificaci\u00f3n formal remitida a la cartera laboral, los trabajadores estar\u00e1n habilitados a abandonar servicios en todos los ministerios y organismos a la hora se\u00f1alada. \u201cDespu\u00e9s de la represi\u00f3n ilegal, est\u00e1 m\u00e1s claro que nunca que la lucha es por los jubilados y principalmente en defensa de la democracia\u201d, se\u00f1al\u00f3 Rodolfo Aguiar, Secretario General de la entidad gremial.<\/p>\n\n\n\n<p>\u201cTenemos un Gobierno que est\u00e1 actuando al margen de la Constituci\u00f3n. Somos nosotros los que debemos salir a la calle para que en la Argentina se recupere la institucionalidad. No podemos esperar nada de los poderes del Estado. En el Congreso se matan a trompadas, en la Casa Rosada se twittean estafas y en la Corte Suprema los jueces est\u00e1n designados a dedo. En este momento, los tres poderes del Estado est\u00e1n hackeados\u201d, complet\u00f3 el dirigente. La movilizaci\u00f3n se llevar\u00e1 a cabo en el marco de la convocatoria realizada por las dos CTA, central sindical que integra ATE.<\/p>\n\n\n\n<p>\u201cNo podemos naturalizar lo que est\u00e1 ocurriendo con los jubilados. Se mueren de hambre y tambi\u00e9n se mueren enfermos porque no pueden curarse sin los medicamentos que les quitaron. Son los viejos y los ni\u00f1os lo m\u00e1s sagrado que tiene toda sociedad. Tenemos que cuidarlos\u201d, concluy\u00f3 Rodolfo Aguiar.<\/p>\n\n\n\n<p>A ra\u00edz de los repudiables hechos ocurridos en la Capital Federal la \u00faltima semana, con un operativo represivo desmedido, jubilados golpeados, ni\u00f1os gaseados y un fotoperiodista que al d\u00eda de hoy sigue peleando por su vida, el sindicato ampli\u00f3 su lista de reclamos: ya no se trata s\u00f3lo de lograr un aumento de emergencia para que las jubilaciones se ubiquen por encima de la l\u00ednea de pobreza y la restitucio\u0301n del Fondo de Garanti\u0301a de Sustentabilidad (FGS) de la ANSES, sino que tambi\u00e9n se exige la renuncia inmediata de la ministra de Seguridad, Patricia Bullrich.<\/p>\n\n\n\n<p>Con la nueva f\u00f3rmula de movilidad establecida por Javier Milei mediante el decreto 274\/24, las jubilaciones m\u00ednimas (de actualmente $279.121,71) son un 27,9% m\u00e1s bajas que si continuara la f\u00f3rmula anterior ($356.962), afectando mayormente a los jubilados que cobran la m\u00ednima, que son el 70% del total, seg\u00fan el Centro de Econom\u00eda Pol\u00edtica Argentina (CEPA).<\/p>\n\n\n\n<p>Cabe recordar que ATE tambi\u00e9n defini\u00f3 mediante un Plenario Federal de Delegados marchar el lunes 24 de Marzo en el marco del D\u00eda de la Memoria por la Verdad y la Justicia, y adem\u00e1s un Paro Nacional el jueves 27 de marzo con movilizaci\u00f3n el Ministerio de Desregulaci\u00f3n del Estado que dirige Federico Sturzenegger.<\/p>\n","protected":false},"excerpt":{"rendered":"<p>&ldquo;Despu&eacute;s de la represi&oacute;n ilegal, est&aacute; m&aacute;s claro que nunca que la lucha es por los jubilados y principalmente en defensa de la democracia. El Gobierno est&aacute; actuando al margen&hellip; <\/p>\n","protected":false},"author":3,"featured_media":31147,"comment_status":"closed","ping_status":"closed","sticky":false,"template":"","format":"standard","meta":{"_monsterinsights_skip_tracking":false,"_monsterinsights_sitenote_active":false,"_monsterinsights_sitenote_note":"","_monsterinsights_sitenote_category":0},"categories":[4],"tags":[504],"aioseo_notices":[],"_links":{"self":[{"href":"https:\/\/radionewsmisiones.ar\/site\/wp-json\/wp\/v2\/posts\/31145"}],"collection":[{"href":"https:\/\/radionewsmisiones.ar\/site\/wp-json\/wp\/v2\/posts"}],"about":[{"href":"https:\/\/radionewsmisiones.ar\/site\/wp-json\/wp\/v2\/types\/post"}],"author":[{"embeddable":true,"href":"https:\/\/radionewsmisiones.ar\/site\/wp-json\/wp\/v2\/users\/3"}],"replies":[{"embeddable":true,"href":"https:\/\/radionewsmisiones.ar\/site\/wp-json\/wp\/v2\/comments?post=31145"}],"version-history":[{"count":1,"href":"https:\/\/radionewsmisiones.ar\/site\/wp-json\/wp\/v2\/posts\/31145\/revisions"}],"predecessor-version":[{"id":31148,"href":"https:\/\/radionewsmisiones.ar\/site\/wp-json\/wp\/v2\/posts\/31145\/revisions\/31148"}],"wp:featuredmedia":[{"embeddable":true,"href":"https:\/\/radionewsmisiones.ar\/site\/wp-json\/wp\/v2\/media\/31147"}],"wp:attachment":[{"href":"https:\/\/radionewsmisiones.ar\/site\/wp-json\/wp\/v2\/media?parent=31145"}],"wp:term":[{"taxonomy":"category","embeddable":true,"href":"https:\/\/radionewsmisiones.ar\/site\/wp-json\/wp\/v2\/categories?post=31145"},{"taxonomy":"post_tag","embeddable":true,"href":"https:\/\/radionewsmisiones.ar\/site\/wp-json\/wp\/v2\/tags?post=31145"}],"curies":[{"name":"wp","href":"https:\/\/api.w.org\/{rel}","templated":true}]}}