{"id":31149,"date":"2025-03-17T07:49:49","date_gmt":"2025-03-17T10:49:49","guid":{"rendered":"https:\/\/radionewsmisiones.ar\/site\/?p=31149"},"modified":"2025-03-17T07:49:54","modified_gmt":"2025-03-17T10:49:54","slug":"la-camara-de-representantes-de-misiones-acompano-la-caminata-de-mentoreo-2025","status":"publish","type":"post","link":"https:\/\/radionewsmisiones.ar\/site\/provinciales\/la-camara-de-representantes-de-misiones-acompano-la-caminata-de-mentoreo-2025\/","title":{"rendered":"La C\u00e1mara de Representantes de Misiones acompa\u00f1\u00f3 la Caminata de Mentoreo 2025"},"content":{"rendered":"\n<p><strong>La Legislatura misionera fue sede de la apertura de la Caminata de Mentoreo 2025, un evento organizado por Voces Vitales Global Partnership que busca fortalecer el liderazgo femenino a trav\u00e9s del intercambio de experiencias entre mujeres mentoras y aprendices.<\/strong><\/p>\n\n\n\n<figure class=\"wp-block-image size-full\"><img loading=\"lazy\" width=\"795\" height=\"422\" src=\"https:\/\/radionewsmisiones.ar\/site\/wp-content\/uploads\/2025\/03\/DSC05300.jpeg\" alt=\"\" class=\"wp-image-31150\" srcset=\"https:\/\/radionewsmisiones.ar\/site\/wp-content\/uploads\/2025\/03\/DSC05300.jpeg 795w, https:\/\/radionewsmisiones.ar\/site\/wp-content\/uploads\/2025\/03\/DSC05300-300x159.jpeg 300w, https:\/\/radionewsmisiones.ar\/site\/wp-content\/uploads\/2025\/03\/DSC05300-768x408.jpeg 768w\" sizes=\"(max-width: 795px) 100vw, 795px\" \/><\/figure>\n\n\n\n<p>Durante la jornada participaron funcionarias, y referentes del \u00e1mbito p\u00fablico y privado, quienes compartieron su visi\u00f3n sobre el rol de la mujer en la sociedad y la importancia de crear espacios de aprendizaje y crecimiento conjunto. La actividad principal, la Caminata de Mentoreo, permiti\u00f3 a las asistentes fortalecer sus redes de contacto y recibir orientaci\u00f3n de mujeres l\u00edderes en distintas disciplinas.<\/p>\n\n\n\n<p>La presidenta del bloque de diputados renovadores, Mabel C\u00e1ceres, expres\u00f3 su satisfacci\u00f3n por la realizaci\u00f3n del evento en la Legislatura y salud\u00f3 a las participantes en nombre del presidente de la C\u00e1mara de Representantes, Oscar Herrera Ahuad, y del vicepresidente Mart\u00edn Cesino, se\u00f1alando que, \u00abes un honor recibirlas en este mes tan significativo, el Mes de la Mujer, en el que desde esta C\u00e1mara impulsamos actividades que fomentan el empoderamiento femenino, como el Parlamento de la Mujer Misionera\u00bb.<\/p>\n\n\n\n<p>Destac\u00f3 tambi\u00e9n el apoyo constante que brinda el Poder Legislativo: \u201cLa Presidencia de la Legislatura y nuestro conductor, Carlos Rovira, impulsan el liderazgo femenino mediante leyes y acciones concretas como esta. Mujeres que cuidan, lideran y transforman es un lema con el que trabajamos, y refleja el compromiso con la equidad de g\u00e9nero\u00bb.<\/p>\n\n\n\n<p>Por su parte, Mar\u00eda Lucrecia Gonz\u00e1lez Forastier, referente de Voces Vitales en Misiones, resalt\u00f3 la importancia del evento y su impacto en la comunidad: \u201cVoces Vitales es una organizaci\u00f3n presente en m\u00e1s de 180 pa\u00edses, fundada por Hillary Clinton. Creemos firmemente que invertir en mujeres transforma el mundo. El mentoreo es una herramienta clave para el desarrollo personal y profesional. Hoy, esta actividad se est\u00e1 realizando en 35 ciudades del Cono Sur y en 20 provincias de Argentina. En Misiones, gracias al apoyo de la C\u00e1mara de Representantes, podemos brindar este espacio sin costo, permitiendo que m\u00e1s mujeres accedan a esta oportunidad de aprendizaje y crecimiento\u00bb.<\/p>\n\n\n\n<p>Adem\u00e1s, explic\u00f3 la din\u00e1mica del encuentro: \u00abEl proceso de mentoreo se basa en la conexi\u00f3n entre mentoras con experiencia y aprendices que buscan fortalecer sus habilidades. Se realizan encuentros individuales donde se abordan temas como liderazgo, comunicaci\u00f3n y equilibrio entre la vida personal y laboral. Esta relaci\u00f3n no termina aqu\u00ed, sino que se expande, generando un impacto multiplicador en la comunidad\u00bb.<\/p>\n\n\n\n<p>Antes de la actividad del mentoreo se llev\u00f3 adelante una charla a cargo de Graciela Moura, Patricia Romero, Liliana Vald\u00e9z y Lilian Fern\u00e1ndez, quienes intercambiaron experiencias con las asistentes.<\/p>\n","protected":false},"excerpt":{"rendered":"<p>La Legislatura misionera fue sede de la apertura de la Caminata de Mentoreo 2025, un evento organizado por Voces Vitales Global Partnership que busca fortalecer el liderazgo femenino a trav&eacute;s&hellip; <\/p>\n","protected":false},"author":3,"featured_media":31151,"comment_status":"closed","ping_status":"closed","sticky":false,"template":"","format":"standard","meta":{"_monsterinsights_skip_tracking":false,"_monsterinsights_sitenote_active":false,"_monsterinsights_sitenote_note":"","_monsterinsights_sitenote_category":0},"categories":[3],"tags":[7],"aioseo_notices":[],"_links":{"self":[{"href":"https:\/\/radionewsmisiones.ar\/site\/wp-json\/wp\/v2\/posts\/31149"}],"collection":[{"href":"https:\/\/radionewsmisiones.ar\/site\/wp-json\/wp\/v2\/posts"}],"about":[{"href":"https:\/\/radionewsmisiones.ar\/site\/wp-json\/wp\/v2\/types\/post"}],"author":[{"embeddable":true,"href":"https:\/\/radionewsmisiones.ar\/site\/wp-json\/wp\/v2\/users\/3"}],"replies":[{"embeddable":true,"href":"https:\/\/radionewsmisiones.ar\/site\/wp-json\/wp\/v2\/comments?post=31149"}],"version-history":[{"count":1,"href":"https:\/\/radionewsmisiones.ar\/site\/wp-json\/wp\/v2\/posts\/31149\/revisions"}],"predecessor-version":[{"id":31152,"href":"https:\/\/radionewsmisiones.ar\/site\/wp-json\/wp\/v2\/posts\/31149\/revisions\/31152"}],"wp:featuredmedia":[{"embeddable":true,"href":"https:\/\/radionewsmisiones.ar\/site\/wp-json\/wp\/v2\/media\/31151"}],"wp:attachment":[{"href":"https:\/\/radionewsmisiones.ar\/site\/wp-json\/wp\/v2\/media?parent=31149"}],"wp:term":[{"taxonomy":"category","embeddable":true,"href":"https:\/\/radionewsmisiones.ar\/site\/wp-json\/wp\/v2\/categories?post=31149"},{"taxonomy":"post_tag","embeddable":true,"href":"https:\/\/radionewsmisiones.ar\/site\/wp-json\/wp\/v2\/tags?post=31149"}],"curies":[{"name":"wp","href":"https:\/\/api.w.org\/{rel}","templated":true}]}}