{"id":31153,"date":"2025-03-17T07:51:01","date_gmt":"2025-03-17T10:51:01","guid":{"rendered":"https:\/\/radionewsmisiones.ar\/site\/?p=31153"},"modified":"2025-03-17T07:51:06","modified_gmt":"2025-03-17T10:51:06","slug":"fortalecen-el-compromiso-con-la-ciudadania-digital-responsable-en-la-camara-de-representantes","status":"publish","type":"post","link":"https:\/\/radionewsmisiones.ar\/site\/provinciales\/fortalecen-el-compromiso-con-la-ciudadania-digital-responsable-en-la-camara-de-representantes\/","title":{"rendered":"Fortalecen el compromiso con la ciudadan\u00eda digital responsable en la C\u00e1mara de Representantes"},"content":{"rendered":"\n<p><strong>Este viernes 14 de marzo se realiz\u00f3 el taller interno \u201cEducaci\u00f3n, seguridad y uso consciente de la tecnolog\u00eda\u201d, en el Sal\u00f3n de las Dos Constituciones de la C\u00e1mara de Representantes. La actividad, impulsada por Silicon Misiones y Faro Digital, comenz\u00f3 a las 8:30 y estuvo destinada a equipos t\u00e9cnicos y profesionales de la instituci\u00f3n.<\/strong><\/p>\n\n\n\n<figure class=\"wp-block-image size-large\"><img loading=\"lazy\" width=\"1024\" height=\"577\" src=\"https:\/\/radionewsmisiones.ar\/site\/wp-content\/uploads\/2025\/03\/DSC05124-1024x577.jpg\" alt=\"\" class=\"wp-image-31154\" srcset=\"https:\/\/radionewsmisiones.ar\/site\/wp-content\/uploads\/2025\/03\/DSC05124-1024x577.jpg 1024w, https:\/\/radionewsmisiones.ar\/site\/wp-content\/uploads\/2025\/03\/DSC05124-300x169.jpg 300w, https:\/\/radionewsmisiones.ar\/site\/wp-content\/uploads\/2025\/03\/DSC05124-768x433.jpg 768w, https:\/\/radionewsmisiones.ar\/site\/wp-content\/uploads\/2025\/03\/DSC05124-1536x865.jpg 1536w, https:\/\/radionewsmisiones.ar\/site\/wp-content\/uploads\/2025\/03\/DSC05124-2048x1154.jpg 2048w\" sizes=\"(max-width: 1024px) 100vw, 1024px\" \/><\/figure>\n\n\n\n<p>El encuentro fue coordinado por Milagros Schroder, responsable de Educaci\u00f3n de Faro Digital. Durante la jornada se abordaron temas vinculados a la construcci\u00f3n de la identidad en l\u00ednea, vulnerabilidades y violencias en entornos virtuales, y cultura de ciudadan\u00eda digital responsable.<\/p>\n\n\n\n<p>El taller se realiz\u00f3 en contexto del A\u00f1o de la Protecci\u00f3n Integral para Ni\u00f1as, Ni\u00f1os y Adolescentes y la Lucha contra el Abuso, la Violencia en todas sus formas, los Ciberdelitos y la Accesibilidad Digital para Personas con Discapacidad.<\/p>\n\n\n\n<p>Desde la organizaci\u00f3n se\u00f1alaron que el objetivo fue brindar herramientas para un uso consciente y seguro de las tecnolog\u00edas, promoviendo pr\u00e1cticas que garanticen el respeto por los derechos en el \u00e1mbito digital. Tambi\u00e9n destacaron la importancia de reflexionar sobre el impacto que tienen las nuevas tecnolog\u00edas en la vida cotidiana y en la construcci\u00f3n de comunidades digitales inclusivas y seguras.<\/p>\n\n\n\n<p>\u00abLa tecnolog\u00eda avanza con una vertiginosidad que muchas veces no estamos preparados para abordar\u00bb, advirti\u00f3 la presidenta de Silicon MIsiones, Alicia Penayo. En ese sentido, destac\u00f3 la importancia de acompa\u00f1ar su implementaci\u00f3n con responsabilidad: \u00abNosotros llevamos tecnolog\u00eda a diferentes puntos de la provincia, pero eso implica riesgos, por eso buscamos acercar herramientas para levantar las voces de chicos y chicas en territorios digitales\u00bb, expres\u00f3.<\/p>\n\n\n\n<p>Asimismo, record\u00f3 el trabajo conjunto con Faro: \u00abDesde Silicon empezamos a trabajar con Faro hace dos a\u00f1os, aunque ellos ya ven\u00edan desarrollando talleres y charlas sobre diferentes problem\u00e1ticas en territorios digitales\u00bb. En esa l\u00ednea, subray\u00f3 la importancia de la formaci\u00f3n en ciudadan\u00eda digital: \u00abLanzamos el programa Peque\u00f1as Voces Gigantes con el objetivo de formar faros de ciudadan\u00eda digital en distintos puntos de la provincia\u00bb, expres\u00f3.<\/p>\n\n\n\n<p>Finalmente, destac\u00f3 la creaci\u00f3n de un espacio de trabajo articulado: \u00abA fines del a\u00f1o pasado conformamos una mesa t\u00e9cnica con todas las instituciones aqu\u00ed representadas; nuestro objetivo es alinear estrategias y una de las acciones que propusimos desde Silicon es la formaci\u00f3n de funcionarios para que puedan trabajar con sus equipos en estas tem\u00e1ticas\u00bb, manifest\u00f3.<\/p>\n","protected":false},"excerpt":{"rendered":"<p>Este viernes 14 de marzo se realiz&oacute; el taller interno &ldquo;Educaci&oacute;n, seguridad y uso consciente de la tecnolog&iacute;a&rdquo;, en el Sal&oacute;n de las Dos Constituciones de la C&aacute;mara de Representantes.&hellip; <\/p>\n","protected":false},"author":3,"featured_media":31154,"comment_status":"closed","ping_status":"closed","sticky":false,"template":"","format":"standard","meta":{"_monsterinsights_skip_tracking":false,"_monsterinsights_sitenote_active":false,"_monsterinsights_sitenote_note":"","_monsterinsights_sitenote_category":0},"categories":[3],"tags":[7],"aioseo_notices":[],"_links":{"self":[{"href":"https:\/\/radionewsmisiones.ar\/site\/wp-json\/wp\/v2\/posts\/31153"}],"collection":[{"href":"https:\/\/radionewsmisiones.ar\/site\/wp-json\/wp\/v2\/posts"}],"about":[{"href":"https:\/\/radionewsmisiones.ar\/site\/wp-json\/wp\/v2\/types\/post"}],"author":[{"embeddable":true,"href":"https:\/\/radionewsmisiones.ar\/site\/wp-json\/wp\/v2\/users\/3"}],"replies":[{"embeddable":true,"href":"https:\/\/radionewsmisiones.ar\/site\/wp-json\/wp\/v2\/comments?post=31153"}],"version-history":[{"count":1,"href":"https:\/\/radionewsmisiones.ar\/site\/wp-json\/wp\/v2\/posts\/31153\/revisions"}],"predecessor-version":[{"id":31155,"href":"https:\/\/radionewsmisiones.ar\/site\/wp-json\/wp\/v2\/posts\/31153\/revisions\/31155"}],"wp:featuredmedia":[{"embeddable":true,"href":"https:\/\/radionewsmisiones.ar\/site\/wp-json\/wp\/v2\/media\/31154"}],"wp:attachment":[{"href":"https:\/\/radionewsmisiones.ar\/site\/wp-json\/wp\/v2\/media?parent=31153"}],"wp:term":[{"taxonomy":"category","embeddable":true,"href":"https:\/\/radionewsmisiones.ar\/site\/wp-json\/wp\/v2\/categories?post=31153"},{"taxonomy":"post_tag","embeddable":true,"href":"https:\/\/radionewsmisiones.ar\/site\/wp-json\/wp\/v2\/tags?post=31153"}],"curies":[{"name":"wp","href":"https:\/\/api.w.org\/{rel}","templated":true}]}}