{"id":31161,"date":"2025-03-17T17:18:23","date_gmt":"2025-03-17T20:18:23","guid":{"rendered":"https:\/\/radionewsmisiones.ar\/site\/?p=31161"},"modified":"2025-03-17T17:18:29","modified_gmt":"2025-03-17T20:18:29","slug":"docentes-universitarios-en-pie-de-lucha-salarios-congelados-y-falta-de-presupuesto-desencadenan-paro-nacional","status":"publish","type":"post","link":"https:\/\/radionewsmisiones.ar\/site\/provinciales\/docentes-universitarios-en-pie-de-lucha-salarios-congelados-y-falta-de-presupuesto-desencadenan-paro-nacional\/","title":{"rendered":"Docentes Universitarios en pie de lucha: Salarios congelados y falta de presupuesto desencadenan paro nacional"},"content":{"rendered":"\n<p>Un paro total de actividades convocado para hoy y ma\u00f1ana, 17 y 18 de marzo, afecta a las universidades nacionales en todo el pa\u00eds, incluyendo la Universidad Nacional de Misiones (UNaM). La medida de fuerza, impulsada por el Frente Gremial de la Docencia Universitaria Nacional e Intersindical de Misiones, se debe a la falta de resoluci\u00f3n de cuestiones esenciales como las condiciones salariales y laborales, as\u00ed como el cr\u00edtico presupuesto universitario.<\/p>\n\n\n\n<p>En di\u00e1logo con Radio News, <strong>Rub\u00e9n Stasuck, secretario general de ADUNaM<\/strong>, el gremio que nuclea a los docentes de la UNaM, explic\u00f3 la gravedad de la situaci\u00f3n. <strong>\u00abSin resolverse las cuestiones esenciales para el funcionamiento de la universidad, ni las condiciones laborales, ni las condiciones salariales\u00bb<\/strong> , afirm\u00f3 Stasuck al inicio de la entrevista.<\/p>\n\n\n\n<p>El dirigente gremial detall\u00f3 que el principal motivo del paro es el significativo <strong>atraso salarial<\/strong> que sufren los docentes universitarios a nivel nacional . <strong>\u00abFundamentalmente porque los salarios est\u00e1n muy atrasados\u00bb<\/strong> , enfatiz\u00f3. Stasuck precis\u00f3 que los aumentos salariales de enero y febrero fueron de <strong>\u00ab1,5% y 1,2%\u00bb<\/strong>, respectivamente , cifras que contrastan con la alta inflaci\u00f3n registrada. <strong>\u00abLos ajustes salariales han sido por decretos, no hubo paritarias, no hubo acuerdos y estos decretos y estos n\u00fameros de actualizaci\u00f3n salarial van siendo siempre por debajo de la inflaci\u00f3n. Ha generado un gran desfasaje\u00bb<\/strong> , sentenci\u00f3. Esta situaci\u00f3n, seg\u00fan Stasuck, ha llevado a que, en t\u00e9rminos salariales, los docentes se encuentren <strong>\u00abpeor\u00bb<\/strong> que en 2023.<\/p>\n\n\n\n<p>Otro punto central de la problem\u00e1tica es el <strong>presupuesto universitario<\/strong>. Stasuck denunci\u00f3 que <strong>\u00abel presupuesto universitario se viene extendiendo, si se quiere, desde a\u00f1o y desde el 2023 no tenemos presupuesto para prever las cuestiones b\u00e1sicas de funcionamiento de la universidad, este, ni proyecciones con actividades que, bueno, que son esenciales dentro de estas casas de estudio\u00bb<\/strong> . Esta falta de presupuesto tambi\u00e9n impacta directamente en el <strong>sector de investigaci\u00f3n<\/strong>, incluyendo al CONICET, una instituci\u00f3n aut\u00f3noma que trabaja en conjunto con la universidad4 . Stasuck inform\u00f3 que <strong>\u00abha habido muchos  investigadores que el a\u00f1o 2023 han ganado un lugar dentro del CONICET y esto no se ejecut\u00f3. Por lo tanto, tambi\u00e9n ah\u00ed se demuestra un recorte presupuestario, un recorte en las perspectivas de desarrollo profesional\u00bb<\/strong>.<\/p>\n\n\n\n<p>La precaria situaci\u00f3n econ\u00f3mica est\u00e1 llevando a docentes a buscar alternativas laborales fuera del \u00e1mbito universitario. Stasuck ilustr\u00f3 esta realidad con un ejemplo reciente en una facultad c\u00e9ntrica de Posadas: <strong>\u00aben una asamblea dos docentes han manifestado [&#8230;] que complementaban sus ingresos  tomando puestos  en estas nuevas formas de de viajar Aplicaciones)\u00bb<\/strong> . El dirigente gremial advirti\u00f3 que un <strong>\u00abgran porcentaje de docentes que son dedicaciones simples o semi [&#8230;] est\u00e1n buscando alternativas dentro de la misma sociedad, alternativas que vienen  del mundo privado\u00bb<\/strong> , lo que evidencia c\u00f3mo profesionales formados para la docencia y la investigaci\u00f3n se ven obligados a realizar <strong>\u00abtareas sencillas, nobles y sencillas, pero que  no es eso lo que han tenido como perspectiva en su vida\u00bb<\/strong>, concluy\u00f3.<\/p>\n\n\n\n<figure class=\"wp-block-embed is-type-video is-provider-youtube wp-block-embed-youtube wp-embed-aspect-16-9 wp-has-aspect-ratio\"><div class=\"wp-block-embed__wrapper\">\n<iframe loading=\"lazy\" title=\"-Rub\u00e9n Stasuck. Sec. Gral de ADUNaM\" width=\"1110\" height=\"624\" src=\"https:\/\/www.youtube.com\/embed\/B4hO2EoELZQ?start=153&#038;feature=oembed\" frameborder=\"0\" allow=\"accelerometer; autoplay; clipboard-write; encrypted-media; gyroscope; picture-in-picture; web-share\" referrerpolicy=\"strict-origin-when-cross-origin\" allowfullscreen><\/iframe>\n<\/div><figcaption>ENTREVISTA: Ruben Stasuck (ADUNaM)<\/figcaption><\/figure>\n","protected":false},"excerpt":{"rendered":"<p>Un paro total de actividades convocado para hoy y ma&ntilde;ana, 17 y 18 de marzo, afecta a las universidades nacionales en todo el pa&iacute;s, incluyendo la Universidad Nacional de Misiones&hellip; <\/p>\n","protected":false},"author":4,"featured_media":31162,"comment_status":"closed","ping_status":"closed","sticky":false,"template":"","format":"standard","meta":{"_monsterinsights_skip_tracking":false,"_monsterinsights_sitenote_active":false,"_monsterinsights_sitenote_note":"","_monsterinsights_sitenote_category":0},"categories":[3],"tags":[796,704],"aioseo_notices":[],"_links":{"self":[{"href":"https:\/\/radionewsmisiones.ar\/site\/wp-json\/wp\/v2\/posts\/31161"}],"collection":[{"href":"https:\/\/radionewsmisiones.ar\/site\/wp-json\/wp\/v2\/posts"}],"about":[{"href":"https:\/\/radionewsmisiones.ar\/site\/wp-json\/wp\/v2\/types\/post"}],"author":[{"embeddable":true,"href":"https:\/\/radionewsmisiones.ar\/site\/wp-json\/wp\/v2\/users\/4"}],"replies":[{"embeddable":true,"href":"https:\/\/radionewsmisiones.ar\/site\/wp-json\/wp\/v2\/comments?post=31161"}],"version-history":[{"count":1,"href":"https:\/\/radionewsmisiones.ar\/site\/wp-json\/wp\/v2\/posts\/31161\/revisions"}],"predecessor-version":[{"id":31163,"href":"https:\/\/radionewsmisiones.ar\/site\/wp-json\/wp\/v2\/posts\/31161\/revisions\/31163"}],"wp:featuredmedia":[{"embeddable":true,"href":"https:\/\/radionewsmisiones.ar\/site\/wp-json\/wp\/v2\/media\/31162"}],"wp:attachment":[{"href":"https:\/\/radionewsmisiones.ar\/site\/wp-json\/wp\/v2\/media?parent=31161"}],"wp:term":[{"taxonomy":"category","embeddable":true,"href":"https:\/\/radionewsmisiones.ar\/site\/wp-json\/wp\/v2\/categories?post=31161"},{"taxonomy":"post_tag","embeddable":true,"href":"https:\/\/radionewsmisiones.ar\/site\/wp-json\/wp\/v2\/tags?post=31161"}],"curies":[{"name":"wp","href":"https:\/\/api.w.org\/{rel}","templated":true}]}}