{"id":31274,"date":"2025-03-21T07:54:37","date_gmt":"2025-03-21T10:54:37","guid":{"rendered":"https:\/\/radionewsmisiones.ar\/site\/?p=31274"},"modified":"2025-03-21T07:54:41","modified_gmt":"2025-03-21T10:54:41","slug":"solo-12-800-de-los-26-000-becarios-progresar-han-completado-su-inscripcion-recuerdan-la-importancia-de-anotarse","status":"publish","type":"post","link":"https:\/\/radionewsmisiones.ar\/site\/provinciales\/solo-12-800-de-los-26-000-becarios-progresar-han-completado-su-inscripcion-recuerdan-la-importancia-de-anotarse\/","title":{"rendered":"S\u00f3lo 12.800 de los 26.000 becarios Progresar han completado su inscripci\u00f3n: recuerdan la importancia de anotarse"},"content":{"rendered":"\n<p>La Direcci\u00f3n de Pol\u00edticas Estudiantiles, dependiente de la Subsecretar\u00eda de Educaci\u00f3n de la Provincia de Misiones, alerta que hasta la fecha solo 12.800 de los m\u00e1s de 26.000 j\u00f3venes que percibieron la Beca Progresar en 2024 han completado su inscripci\u00f3n para la Primera Convocatoria 2025.<\/p>\n\n\n\n<figure class=\"wp-block-image size-large\"><img loading=\"lazy\" width=\"819\" height=\"1024\" src=\"https:\/\/radionewsmisiones.ar\/site\/wp-content\/uploads\/2025\/03\/WhatsApp-Image-2025-03-20-at-11.22.31-819x1024.jpeg\" alt=\"\" class=\"wp-image-31275\" srcset=\"https:\/\/radionewsmisiones.ar\/site\/wp-content\/uploads\/2025\/03\/WhatsApp-Image-2025-03-20-at-11.22.31-819x1024.jpeg 819w, https:\/\/radionewsmisiones.ar\/site\/wp-content\/uploads\/2025\/03\/WhatsApp-Image-2025-03-20-at-11.22.31-240x300.jpeg 240w, https:\/\/radionewsmisiones.ar\/site\/wp-content\/uploads\/2025\/03\/WhatsApp-Image-2025-03-20-at-11.22.31-768x960.jpeg 768w, https:\/\/radionewsmisiones.ar\/site\/wp-content\/uploads\/2025\/03\/WhatsApp-Image-2025-03-20-at-11.22.31-1229x1536.jpeg 1229w, https:\/\/radionewsmisiones.ar\/site\/wp-content\/uploads\/2025\/03\/WhatsApp-Image-2025-03-20-at-11.22.31-1638x2048.jpeg 1638w, https:\/\/radionewsmisiones.ar\/site\/wp-content\/uploads\/2025\/03\/WhatsApp-Image-2025-03-20-at-11.22.31.jpeg 2048w\" sizes=\"(max-width: 819px) 100vw, 819px\" \/><\/figure>\n\n\n\n<p>El per\u00edodo de inscripci\u00f3n se extiende hasta el 30 de marzo y est\u00e1 dirigido a estudiantes de nivel secundario y personas que est\u00e9n finalizando la educaci\u00f3n primaria de adultos. Es fundamental que todos los beneficiarios renueven su inscripci\u00f3n, ya que el proceso no es autom\u00e1tico, y que aquellos que a\u00fan no la han solicitado lo hagan para no perder la posibilidad de acceder al beneficio.<\/p>\n\n\n\n<p>Para completar la inscripci\u00f3n es necesario contar con un usuario en Mi Argentina. Quienes ya lo tengan, pueden ingresar y hacer clic en el bot\u00f3n \u00abProgresar Obligatorio\u00bb en la secci\u00f3n correspondiente. Quienes a\u00fan no posean usuario, deben descargar la aplicaci\u00f3n Mi Argentina y registrarse. M\u00e1s informaci\u00f3n y los pasos a seguir est\u00e1n disponibles en argentina.gob.ar\/miargentina.<\/p>\n\n\n\n<p>El Programa de Respaldo a Estudiantes de Argentina (Progresar) es una pol\u00edtica p\u00fablica del Ministerio de Educaci\u00f3n de la Naci\u00f3n creada mediante el decreto 84\/2014. Su objetivo es reducir las desigualdades sociales y econ\u00f3micas que dificultan el acceso a la educaci\u00f3n, promoviendo la finalizaci\u00f3n de los estudios obligatorios y el desarrollo profesional de los j\u00f3venes.<\/p>\n\n\n\n<p>El programa est\u00e1 dirigido a estudiantes de entre 16 y 24 a\u00f1os y cuenta con distintas l\u00edneas de becas: Progresar Obligatorio (para educaci\u00f3n secundaria y primaria de adultos), Progresar Superior (para carreras terciarias y universitarias), Progresar Trabajo (para formaci\u00f3n profesional) y Progresar Enfermer\u00eda (para estudiantes de esta carrera en universidades e institutos terciarios). El monto mensual de la beca es de $35.000 y se acredita en una cuenta bancaria a nombre del beneficiario, promoviendo as\u00ed la inclusi\u00f3n financiera.<\/p>\n\n\n\n<p>En Misiones, la Direcci\u00f3n de Pol\u00edticas Estudiantiles trabaja en articulaci\u00f3n con todos los municipios para garantizar el acceso a la informaci\u00f3n y a la conectividad, facilitando el proceso de inscripci\u00f3n para todos los estudiantes.<\/p>\n\n\n\n<p>\u00a1No pierdas tu beca! Inscribite antes del 30 de marzo y asegur\u00e1 tu continuidad educativa.<\/p>\n\n\n\n<p>Para m\u00e1s informaci\u00f3n y novedades, seguinos en Instagram: @estudiantes_misioneros.<\/p>\n","protected":false},"excerpt":{"rendered":"<p>La Direcci&oacute;n de Pol&iacute;ticas Estudiantiles, dependiente de la Subsecretar&iacute;a de Educaci&oacute;n de la Provincia de Misiones, alerta que hasta la fecha solo 12.800 de los m&aacute;s de 26.000 j&oacute;venes que&hellip; <\/p>\n","protected":false},"author":3,"featured_media":31276,"comment_status":"closed","ping_status":"closed","sticky":false,"template":"","format":"standard","meta":{"_monsterinsights_skip_tracking":false,"_monsterinsights_sitenote_active":false,"_monsterinsights_sitenote_note":"","_monsterinsights_sitenote_category":0},"categories":[3],"tags":[26],"aioseo_notices":[],"_links":{"self":[{"href":"https:\/\/radionewsmisiones.ar\/site\/wp-json\/wp\/v2\/posts\/31274"}],"collection":[{"href":"https:\/\/radionewsmisiones.ar\/site\/wp-json\/wp\/v2\/posts"}],"about":[{"href":"https:\/\/radionewsmisiones.ar\/site\/wp-json\/wp\/v2\/types\/post"}],"author":[{"embeddable":true,"href":"https:\/\/radionewsmisiones.ar\/site\/wp-json\/wp\/v2\/users\/3"}],"replies":[{"embeddable":true,"href":"https:\/\/radionewsmisiones.ar\/site\/wp-json\/wp\/v2\/comments?post=31274"}],"version-history":[{"count":1,"href":"https:\/\/radionewsmisiones.ar\/site\/wp-json\/wp\/v2\/posts\/31274\/revisions"}],"predecessor-version":[{"id":31277,"href":"https:\/\/radionewsmisiones.ar\/site\/wp-json\/wp\/v2\/posts\/31274\/revisions\/31277"}],"wp:featuredmedia":[{"embeddable":true,"href":"https:\/\/radionewsmisiones.ar\/site\/wp-json\/wp\/v2\/media\/31276"}],"wp:attachment":[{"href":"https:\/\/radionewsmisiones.ar\/site\/wp-json\/wp\/v2\/media?parent=31274"}],"wp:term":[{"taxonomy":"category","embeddable":true,"href":"https:\/\/radionewsmisiones.ar\/site\/wp-json\/wp\/v2\/categories?post=31274"},{"taxonomy":"post_tag","embeddable":true,"href":"https:\/\/radionewsmisiones.ar\/site\/wp-json\/wp\/v2\/tags?post=31274"}],"curies":[{"name":"wp","href":"https:\/\/api.w.org\/{rel}","templated":true}]}}